{"id":398279,"date":"2025-09-17T20:14:14","date_gmt":"2025-09-17T20:14:14","guid":{"rendered":"https:\/\/www.europesays.com\/fr\/398279\/"},"modified":"2025-09-17T20:14:14","modified_gmt":"2025-09-17T20:14:14","slug":"bloquons-tout-a-toulouse-pourquoi-un-axe-strategique-de-la-ville-pourrait-etre-paralyse-ce-jeudi-matin","status":"publish","type":"post","link":"https:\/\/www.europesays.com\/fr\/398279\/","title":{"rendered":"\u00ab\u00a0Bloquons Tout\u00a0\u00bb \u00e0 Toulouse. Pourquoi un axe strat\u00e9gique de la ville pourrait \u00eatre paralys\u00e9 ce jeudi matin"},"content":{"rendered":"<p>            Par<br \/>\n        <strong><br \/>\n            <a href=\"https:\/\/actu.fr\/auteur\/david-saint-sernin\" title=\"Consulter tous les articles de David Saint-Sernin\" rel=\"nofollow noopener\" target=\"_blank\">David Saint-Sernin<\/a><br \/>\n        <\/strong><\/p>\n<p>        Publi\u00e9 le<\/p>\n<p>            17 sept. 2025 \u00e0 17h54        <\/p>\n<p>C\u2019est <a href=\"https:\/\/actu.fr\/occitanie\/toulouse_31555\/bloquons-tout-c-est-quoi-l-operation-canard-qui-a-seme-le-bazar-sur-les-boulevards-a-toulouse_63158539.html\" rel=\"nofollow noopener\" target=\"_blank\">une \u00ab\u2009op\u00e9ration\u2009\u00bb qui a provoqu\u00e9 des perturbations<\/a> samedi dernier du c\u00f4t\u00e9 de Jean-Jaur\u00e8s. Ce jour-l\u00e0, en milieu de matin\u00e9e, plusieurs dizaines de manifestants ont r\u00e9pondu \u00e0 l\u2019appel lanc\u00e9, dans le cadre de<a href=\"https:\/\/actu.fr\/occitanie\/toulouse_31555\/video-bloquons-tout-a-toulouse-la-tentative-d-intrusion-au-centre-commercial-carrefour-tourne-court_63158650.html\" rel=\"nofollow noopener\" target=\"_blank\"> la mobilisation \u201cBloquons tout\u201d<\/a>, pour mener <strong>une \u00ab\u2009Op\u00e9ration canard\u2009\u00bb<\/strong> \u00e0 <strong>Toulouse<\/strong>. Et les militants promettent de remettre \u00e7a ce jeudi 18 septembre 2025 dans un autre quartier.<\/p>\n<p>C\u2019est quoi une \u00ab\u2009Op\u00e9ration canard\u2009\u00bb\u2009?<\/p>\n<p class=\" wall-content\">Son principe, c\u2019est \u00ab\u2009marcher \u00e0 l\u2019infini sur les passages pi\u00e9tons pour bloquer de fait la circulation\u2009\u00bb.\u00a0Samedi, d\u2019apr\u00e8s nos informations, ils \u00e9taient une quarantaine \u00e0 faire <strong>d\u2019incessants allers-retours<\/strong> sur les bandes blanches. \u00ab\u2009Ils ont cibl\u00e9 trois passages pi\u00e9tons, \u00e7a a dur\u00e9 une petite heure au maximum\u2009\u00bb, confirmait une source polici\u00e8re \u00e0 Actu Toulouse.<br \/>\u00ab\u2009Ils restaient <strong>cinq minutes<\/strong> sur un passage pi\u00e9ton puis allaient sur un autre\u2009\u00bb.<\/p>\n<p class=\" wall-content\">Suffisant pour que, pendant cette heure d\u2019action, le trafic automobile soit tr\u00e8s compliqu\u00e9 dans le secteur.<\/p>\n<p>\u00ab\u2009Bloquons tout\u2009\u00bb choisit un site strat\u00e9gique<\/p>\n<p class=\" wall-content\">Ce jeudi matin, journ\u00e9e nationale de gr\u00e8ve \u00e0 l\u2019appel de plusieurs syndicats, le mouvement \u00ab\u2009Bloquons Tout\u2009\u00bb a choisi de mener une deuxi\u00e8me \u00ab\u2009Op\u00e9ration canard\u2009\u00bb dans le <strong>quartier Saint-Cyprien<\/strong>, sur un axe strat\u00e9gique de Toulouse.<\/p>\n<p class=\" wall-content\">\u00ab\u2009Bloquons Tout\u2009\u00bb a choisi la <strong>place Olivier<\/strong> pour organiser cette nouvelle \u00ab\u2009op\u00e9ration canard\u2009\u00bb. Ils donnent rendez-vous \u00e0 10h \u00ab\u2009en couleur pour traverser les passages pi\u00e9tons\u2009\u00bb.<\/p>\n<p>Vid\u00e9os : en ce moment sur Actu<\/p>\n<p class=\" wall-content\">Une action qui, si elle n\u2019a pas lieu \u00e0 l\u2019heure de pointe, ne devrait pas \u00eatre sans cons\u00e9quence pour le trafic routier. En effet, si la place Olivier a \u00e9t\u00e9 r\u00e9cemment rendue pi\u00e9tonne <a href=\"https:\/\/actu.fr\/occitanie\/toulouse_31555\/toulouse-cette-place-du-centre-ville-va-changer-de-visage-et-devenir-plus-verte_62132064.html\" rel=\"nofollow noopener\" target=\"_blank\">et v\u00e9g\u00e9talis\u00e9e,<\/a> quatre passages pi\u00e9tons se trouvent \u00e0 ses abords imm\u00e9diats, dont deux, \u00e0 quelques m\u00e8tres d\u2019intervalle, sur la rue de la R\u00e9publique.<\/p>\n<p>    <img   decoding=\"async\" loading=\"lazy\" src=\"https:\/\/www.europesays.com\/fr\/wp-content\/uploads\/2025\/09\/capture-decran-2025-09-17-120254-960x640.png\" alt=\"Le mouvement \" width=\"960\" height=\"640\"\/><br \/>\n    Le mouvement \u00ab\u00a0Bloquons Tout\u00a0\u00bb organise une \u00ab\u00a0Op\u00e9ration Canard\u00a0\u00bb au niveau de la place Olivier. De quoi g\u00e9n\u00e9rer quelques perturbations sur la rue de la R\u00e9publique, un axe strat\u00e9gique au centre-ville de Toulouse. (\u00a9Illustration\/Capture d\u2019\u00e9cran Google)<\/p>\n<p>Votre r\u00e9gion, votre actu !<\/p>\n<p>Recevez chaque jour les infos qui comptent pour vous.<\/p>\n<p>\t<a href=\"https:\/\/actu.fr\/newsletter\" class=\"ac-btn ac-btn--corner ac-btn--medium ac-btn--blue800\" rel=\"nofollow noopener\" target=\"_blank\">S&rsquo;incrire<\/a><br \/>\nLe seul axe traversant du centre-ville cibl\u00e9<\/p>\n<p class=\" wall-content\">Or, avec la fermeture du pont Saint-Pierre aux voitures pour encore quelques semaines, la rue de la R\u00e9publique, via le pont Neuf, demeure le seul axe traversant au centre-ville de Toulouse.<\/p>\n<p class=\" wall-content\">Compte tenu de ces \u00e9l\u00e9ments, et m\u00eame \u00e0 10\u2009heures, une Op\u00e9ration canard poss\u00e8de donc <strong>quelques arguments<\/strong> pour paralyser cet axe strat\u00e9gique ce jeudi matin. Il conviendra donc, peut-\u00eatre, d\u2019\u00e9viter le secteur.<\/p>\n<p>    <a href=\"https:\/\/www.google.com\/maps\/embed?pb=!1m14!1m8!1m3!1d2429.6816570960905!2d1.432327136999728!3d43.5983225345777!3m2!1i1024!2i768!4f13.1!3m3!1m2!1s0x12aebb7a9758352d%3A0xd03e3d9d64d96d1c!2sPl.%20Olivier%2C%2031300%20Toulouse!5e0!3m2!1sfr!2sfr!4v1758102952685!5m2!1sfr!2sfr\" title=\"Ouvrie le lien\" rel=\"nofollow noopener\" target=\"_blank\">Cliquez ici pour visualiser le contenu<\/a><\/p>\n<p class=\" wall-content\">Personnalisez votre actualit\u00e9 en ajoutant vos villes et m\u00e9dias en favori avec <a href=\"https:\/\/moncompte.actu.fr\" title=\"D\u00e9couvez Mon Actu\" rel=\"nofollow noopener\" data-trk=\"{&quot;cta&quot;:{&quot;action&quot;:&quot;https:\\\/\\\/moncompte.actu.fr&quot;,&quot;category&quot;:&quot;mon compte&quot;,&quot;from&quot;:&quot;article footer&quot;,&quot;name&quot;:&quot;Mon actu&quot;,&quot;type&quot;:&quot;cta&quot;}}\" target=\"_blank\">Mon Actu<\/a>.<\/p>\n","protected":false},"excerpt":{"rendered":"Par David Saint-Sernin Publi\u00e9 le 17 sept. 2025 \u00e0 17h54 C\u2019est une \u00ab\u2009op\u00e9ration\u2009\u00bb qui a provoqu\u00e9 des perturbations&hellip;\n","protected":false},"author":2,"featured_media":398280,"comment_status":"","ping_status":"","sticky":false,"template":"","format":"standard","meta":{"footnotes":""},"categories":[2816],"tags":[1111,11,47212,3542,1777,674,1011,27,52713,12,2680,25,104,2312],"class_list":{"0":"post-398279","1":"post","2":"type-post","3":"status-publish","4":"format-standard","5":"has-post-thumbnail","7":"category-toulouse","8":"tag-actu","9":"tag-actualites","10":"tag-bloquons-tout","11":"tag-circulation","12":"tag-eu","13":"tag-europe","14":"tag-fr","15":"tag-france","16":"tag-greve-du-18-septembre","17":"tag-news","18":"tag-occitanie","19":"tag-republique-francaise","20":"tag-societe","21":"tag-toulouse"},"share_on_mastodon":{"url":"https:\/\/pubeurope.com\/@fr\/115221474325077653","error":""},"_links":{"self":[{"href":"https:\/\/www.europesays.com\/fr\/wp-json\/wp\/v2\/posts\/398279","targetHints":{"allow":["GET"]}}],"collection":[{"href":"https:\/\/www.europesays.com\/fr\/wp-json\/wp\/v2\/posts"}],"about":[{"href":"https:\/\/www.europesays.com\/fr\/wp-json\/wp\/v2\/types\/post"}],"author":[{"embeddable":true,"href":"https:\/\/www.europesays.com\/fr\/wp-json\/wp\/v2\/users\/2"}],"replies":[{"embeddable":true,"href":"https:\/\/www.europesays.com\/fr\/wp-json\/wp\/v2\/comments?post=398279"}],"version-history":[{"count":0,"href":"https:\/\/www.europesays.com\/fr\/wp-json\/wp\/v2\/posts\/398279\/revisions"}],"wp:featuredmedia":[{"embeddable":true,"href":"https:\/\/www.europesays.com\/fr\/wp-json\/wp\/v2\/media\/398280"}],"wp:attachment":[{"href":"https:\/\/www.europesays.com\/fr\/wp-json\/wp\/v2\/media?parent=398279"}],"wp:term":[{"taxonomy":"category","embeddable":true,"href":"https:\/\/www.europesays.com\/fr\/wp-json\/wp\/v2\/categories?post=398279"},{"taxonomy":"post_tag","embeddable":true,"href":"https:\/\/www.europesays.com\/fr\/wp-json\/wp\/v2\/tags?post=398279"}],"curies":[{"name":"wp","href":"https:\/\/api.w.org\/{rel}","templated":true}]}}