{"id":398283,"date":"2025-09-17T20:17:10","date_gmt":"2025-09-17T20:17:10","guid":{"rendered":"https:\/\/www.europesays.com\/fr\/398283\/"},"modified":"2025-09-17T20:17:10","modified_gmt":"2025-09-17T20:17:10","slug":"la-presidente-de-lordre-national-alerte-sur-les-difficultes-de-la-profession","status":"publish","type":"post","link":"https:\/\/www.europesays.com\/fr\/398283\/","title":{"rendered":"la pr\u00e9sidente de l&rsquo;Ordre national alerte sur les difficult\u00e9s de la profession"},"content":{"rendered":"<p>En visite \u00e0 Marseille ces deux derniers jours, Pascale Mathieu, pr\u00e9sidente de l\u2019Ordre national des kin\u00e9s, est venue prendre le pouls de la profession dans la r\u00e9gion. Et on peut dire qu\u2019elle ne s\u2019est pas d\u00e9plac\u00e9e pour rien. Les remont\u00e9es du terrain font ressortir un \u00ab\u00a0ras-le-bol\u00a0\u00bb, entre \u00ab\u00a0m\u00e9pris\u00a0\u00bb, \u00ab\u00a0manque de consid\u00e9ration\u00a0\u00bb et \u00ab\u00a0paup\u00e9risation\u00a0\u00bb. Il faut dire que depuis des ann\u00e9es, les kin\u00e9sith\u00e9rapeutes n\u2019ont b\u00e9n\u00e9fici\u00e9 que d\u2019infimes revalorisations. La col\u00e8re et la lassitude sont profondes au moment o\u00f9 <a href=\"https:\/\/www.laprovence.com\/article\/region\/1976959158298614\/18-septembre-transports-corteges-ecoles-pharmacies-vers-un-jeudi-noir-en-provence\" target=\"_blank\" rel=\"noopener\">une forte mobilisation sociale<\/a> est attendue ce jeudi, soutenue par la FFMKR (premier syndicat des kin\u00e9s) qui appelle \u00e0 fermer les cabinets et <a href=\"https:\/\/www.laprovence.com\/article\/societe\/14285193687839\/18-septembre-80-a-90-des-pharmacies-seront-fermees-en-paca?id=14285193687839\" target=\"_blank\" rel=\"noopener\">rejoindre le d\u00e9fil\u00e9 des pharmaciens<\/a> (d\u00e8s 14 h \u00e0 la pr\u00e9fecture des Bouches-du-Rh\u00f4ne, place F\u00e9lix-Baret \u00e0 Marseille).<\/p>\n<p>\u00ab\u00a0Je comprends le mouvement, appuie la pr\u00e9sidente nationale de l\u2019Ordre. Les kin\u00e9s sont en grande difficult\u00e9 financi\u00e8re. Cela entra\u00eene une multiplication des consultations pour s\u2019en sortir et un \u00e9puisement professionnel. Certains vont jusqu\u2019\u00e0 d\u00e9laisser les actes moins r\u00e9mun\u00e9rateurs et chronophages. J\u2019accompagne la demande de revalorisation des syndicats pour avoir des soins de qualit\u00e9 et un \u00e9quilibre des professionnels.\u00a0\u00bb<\/p>\n","protected":false},"excerpt":{"rendered":"En visite \u00e0 Marseille ces deux derniers jours, Pascale Mathieu, pr\u00e9sidente de l\u2019Ordre national des kin\u00e9s, est venue&hellip;\n","protected":false},"author":2,"featured_media":398284,"comment_status":"","ping_status":"","sticky":false,"template":"","format":"standard","meta":{"footnotes":""},"categories":[2814],"tags":[17,1111,11,1777,674,1011,27,34208,35544,151,884,52997,3238,12,19924,882,25,104,3333],"class_list":{"0":"post-398283","1":"post","2":"type-post","3":"status-publish","4":"format-standard","5":"has-post-thumbnail","7":"category-marseille","8":"tag-17","9":"tag-actu","10":"tag-actualites","11":"tag-eu","12":"tag-europe","13":"tag-fr","14":"tag-france","15":"tag-kines","16":"tag-lordre","17":"tag-les","18":"tag-marseille","19":"tag-meprises","20":"tag-national","21":"tag-news","22":"tag-presidente","23":"tag-provence-alpes-cote-dazur","24":"tag-republique-francaise","25":"tag-societe","26":"tag-sont"},"share_on_mastodon":{"url":"https:\/\/pubeurope.com\/@fr\/115221485684238561","error":""},"_links":{"self":[{"href":"https:\/\/www.europesays.com\/fr\/wp-json\/wp\/v2\/posts\/398283","targetHints":{"allow":["GET"]}}],"collection":[{"href":"https:\/\/www.europesays.com\/fr\/wp-json\/wp\/v2\/posts"}],"about":[{"href":"https:\/\/www.europesays.com\/fr\/wp-json\/wp\/v2\/types\/post"}],"author":[{"embeddable":true,"href":"https:\/\/www.europesays.com\/fr\/wp-json\/wp\/v2\/users\/2"}],"replies":[{"embeddable":true,"href":"https:\/\/www.europesays.com\/fr\/wp-json\/wp\/v2\/comments?post=398283"}],"version-history":[{"count":0,"href":"https:\/\/www.europesays.com\/fr\/wp-json\/wp\/v2\/posts\/398283\/revisions"}],"wp:featuredmedia":[{"embeddable":true,"href":"https:\/\/www.europesays.com\/fr\/wp-json\/wp\/v2\/media\/398284"}],"wp:attachment":[{"href":"https:\/\/www.europesays.com\/fr\/wp-json\/wp\/v2\/media?parent=398283"}],"wp:term":[{"taxonomy":"category","embeddable":true,"href":"https:\/\/www.europesays.com\/fr\/wp-json\/wp\/v2\/categories?post=398283"},{"taxonomy":"post_tag","embeddable":true,"href":"https:\/\/www.europesays.com\/fr\/wp-json\/wp\/v2\/tags?post=398283"}],"curies":[{"name":"wp","href":"https:\/\/api.w.org\/{rel}","templated":true}]}}