{"id":398289,"date":"2025-09-17T20:20:59","date_gmt":"2025-09-17T20:20:59","guid":{"rendered":"https:\/\/www.europesays.com\/fr\/398289\/"},"modified":"2025-09-17T20:20:59","modified_gmt":"2025-09-17T20:20:59","slug":"greve-du-18-septembre-des-bloquages-annonces-des-le-matin-a-lyon-a-quoi-sattendre","status":"publish","type":"post","link":"https:\/\/www.europesays.com\/fr\/398289\/","title":{"rendered":"Gr\u00e8ve du 18 septembre. Des bloquages annonc\u00e9s d\u00e8s le matin \u00e0 Lyon, \u00e0 quoi s&rsquo;attendre"},"content":{"rendered":"<p>            Par<br \/>\n        <strong><br \/>\n            <a href=\"https:\/\/actu.fr\/auteur\/nicolas-zaugra\" title=\"Consulter tous les articles de Nicolas Zaugra\" target=\"_blank\" rel=\"noopener\">Nicolas Zaugra<\/a><br \/>\n        <\/strong><\/p>\n<p>        Publi\u00e9 le<\/p>\n<p>            17 sept. 2025 \u00e0 19h02        <\/p>\n<p>De <strong>nouveaux blocages<\/strong> \u00e0 <a href=\"https:\/\/actu.fr\/auvergne-rhone-alpes\/lyon_69123\" target=\"_blank\" rel=\"noopener\">Lyon<\/a> d\u00e8s ce jeudi matin ? Apr\u00e8s des incidents le 10 septembre dernier, le mouvement \u00ab\u00a0Bloquons tout\u00a0\u00bb veut remettre le couvert lors de la journ\u00e9e de gr\u00e8ve. Un appel \u00e0 se <strong>rassembler d\u00e8s l\u2019aube \u00e0 6h30<\/strong> circule officiellement sur les r\u00e9seaux sociaux pour une action matinale \u00e0 l\u2019entr\u00e9e de Lyon.<\/p>\n<p>De possibles blocages de la M7 vers Perrache<\/p>\n<p class=\" wall-content\">Des militants de la mouvance d\u2019ultra-gauche se donnent rendez-vous <strong>place des Archives<\/strong> comme lors de la journ\u00e9e du 10 septembre pour un \u00ab\u00a0piquet volant\u00a0\u00bb. De possibles tentatives de blocages seront sans tent\u00e9es par des militants sur la M6 dans le secteur de Perrache pour entraver la circulation. Un important dispositif de police sera d\u00e9ploy\u00e9 comme mercredi dernier. Les militants, environ 300, s\u2019\u00e9taient affront\u00e9s dans le 2e arrondissement.<\/p>\n<p class=\" wall-content\">D\u2019autres actions ne sont pas \u00e0 exclure notamment au niveau du p\u00e9riph\u00e9rique Laurent Bonnevay, devant des facult\u00e9s et lyc\u00e9es et sur de grands axes routiers de Lyon.\u00a0<\/p>\n<p class=\" wall-content\">\u00ab\u00a0Le 18 septembre doit aussi servir \u00e0 poser les bases d\u2019un mouvement plus large, qui pourrait \u00e9voluer vers une gr\u00e8ve g\u00e9n\u00e9rale reconductible port\u00e9e par la base : renforcer les liens interprofessionnels, multiplier les assembl\u00e9es de quartiers et de secteurs, pr\u00e9parer les piquets et alimenter les caisses de gr\u00e8ve. C\u2019est ainsi que nous pourrons mettre le pays \u00e0 l\u2019arr\u00eat et faire plier Macron.\u00a0\u00bb<\/p>\n<p>400 \u00e0 500 casseurs attendus sur Lyon<\/p>\n<p class=\" wall-content\">Le point d\u2019orgue de possibles violences est attendu dans la matin\u00e9e avec le cort\u00e8ge syndical qui s\u2019annonce massif dans les rues de la ville. Uns source s\u00e9curitaire qui est \u00ab\u00a0inqui\u00e8te\u00a0\u00bb s\u2019attend \u00e0 <a href=\"https:\/\/actu.fr\/auvergne-rhone-alpes\/lyon_69123\/greve-du-18-septembre-lyon-sous-surveillance-maximale-face-a-la-crainte-de-centaines-de-casseurs_63170202.html\" target=\"_blank\" rel=\"noopener\">400\/ 500 casseurs qui vont tenter de s\u2019infiltrer<\/a> dans le d\u00e9fil\u00e9 des syndicats pour mener des actions violentes.<\/p>\n<p class=\" wall-content\">Le dispositif de s\u00e9curit\u00e9 sera en tout cas une nouvelle fois massif : 1 300 policiers et gendarmes dans le Rh\u00f4ne, des blind\u00e9s de la gendarmerie positionn\u00e9s, des engins lanceurs d\u2019eau, des drones et un h\u00e9licop\u00e8re.<\/p>\n<p class=\" wall-content\">Personnalisez votre actualit\u00e9 en ajoutant vos villes et m\u00e9dias en favori avec <a href=\"https:\/\/moncompte.actu.fr\" title=\"D\u00e9couvez Mon Actu\" rel=\"nofollow noopener\" data-trk=\"{&quot;cta&quot;:{&quot;action&quot;:&quot;https:\\\/\\\/moncompte.actu.fr&quot;,&quot;category&quot;:&quot;mon compte&quot;,&quot;from&quot;:&quot;article footer&quot;,&quot;name&quot;:&quot;Mon actu&quot;,&quot;type&quot;:&quot;cta&quot;}}\" target=\"_blank\">Mon Actu<\/a>.<\/p>\n","protected":false},"excerpt":{"rendered":"Par Nicolas Zaugra Publi\u00e9 le 17 sept. 2025 \u00e0 19h02 De nouveaux blocages \u00e0 Lyon d\u00e8s ce jeudi&hellip;\n","protected":false},"author":2,"featured_media":398290,"comment_status":"","ping_status":"","sticky":false,"template":"","format":"standard","meta":{"footnotes":""},"categories":[1889],"tags":[1111,11,2430,47212,1777,674,1011,27,52713,2428,1272,12,25,104],"class_list":{"0":"post-398289","1":"post","2":"type-post","3":"status-publish","4":"format-standard","5":"has-post-thumbnail","7":"category-lyon","8":"tag-actu","9":"tag-actualites","10":"tag-auvergne-rhone-alpes","11":"tag-bloquons-tout","12":"tag-eu","13":"tag-europe","14":"tag-fr","15":"tag-france","16":"tag-greve-du-18-septembre","17":"tag-lyon","18":"tag-manifestations","19":"tag-news","20":"tag-republique-francaise","21":"tag-societe"},"share_on_mastodon":{"url":"https:\/\/pubeurope.com\/@fr\/115221501250805980","error":""},"_links":{"self":[{"href":"https:\/\/www.europesays.com\/fr\/wp-json\/wp\/v2\/posts\/398289","targetHints":{"allow":["GET"]}}],"collection":[{"href":"https:\/\/www.europesays.com\/fr\/wp-json\/wp\/v2\/posts"}],"about":[{"href":"https:\/\/www.europesays.com\/fr\/wp-json\/wp\/v2\/types\/post"}],"author":[{"embeddable":true,"href":"https:\/\/www.europesays.com\/fr\/wp-json\/wp\/v2\/users\/2"}],"replies":[{"embeddable":true,"href":"https:\/\/www.europesays.com\/fr\/wp-json\/wp\/v2\/comments?post=398289"}],"version-history":[{"count":0,"href":"https:\/\/www.europesays.com\/fr\/wp-json\/wp\/v2\/posts\/398289\/revisions"}],"wp:featuredmedia":[{"embeddable":true,"href":"https:\/\/www.europesays.com\/fr\/wp-json\/wp\/v2\/media\/398290"}],"wp:attachment":[{"href":"https:\/\/www.europesays.com\/fr\/wp-json\/wp\/v2\/media?parent=398289"}],"wp:term":[{"taxonomy":"category","embeddable":true,"href":"https:\/\/www.europesays.com\/fr\/wp-json\/wp\/v2\/categories?post=398289"},{"taxonomy":"post_tag","embeddable":true,"href":"https:\/\/www.europesays.com\/fr\/wp-json\/wp\/v2\/tags?post=398289"}],"curies":[{"name":"wp","href":"https:\/\/api.w.org\/{rel}","templated":true}]}}