{"id":398291,"date":"2025-09-17T20:23:10","date_gmt":"2025-09-17T20:23:10","guid":{"rendered":"https:\/\/www.europesays.com\/fr\/398291\/"},"modified":"2025-09-17T20:23:10","modified_gmt":"2025-09-17T20:23:10","slug":"on-va-faire-du-mal-a-ta-famille-un-serrurier-menace-de-mort-apres-avoir-denonce-un-arnaqueur-en-video","status":"publish","type":"post","link":"https:\/\/www.europesays.com\/fr\/398291\/","title":{"rendered":"\u00ab\u00a0On va faire du mal \u00e0 ta famille\u00a0\u00bb\u00a0: un serrurier menac\u00e9 de mort apr\u00e8s avoir d\u00e9nonc\u00e9 un arnaqueur en vid\u00e9o"},"content":{"rendered":"<p class=\"paragraph text_align_left lp-f-body-02\">Il n\u2019a pas eu d\u2019autre choix que de pousser la porte d\u2019un commissariat de police, apr\u00e8s le tombereau de menaces de mort qu\u2019il a re\u00e7ues. En postant une vid\u00e9o sur son compte TikTok pour <a href=\"https:\/\/www.leparisien.fr\/economie\/consommation\/prix-exorbitants-absence-de-devis-prestations-inutiles-gare-aux-arnaques-lors-des-depannages-durgence-28-04-2025-LY7WNPW75ZGURCMSG6FEN2F5IE.php\" target=\"_blank\" rel=\"noreferrer noopener\">d\u00e9noncer le travail d\u2019un confr\u00e8re<\/a>, ce serrurier ind\u00e9pendant d\u2019\u00cele-de-France ne pensait pas d\u00e9clencher une telle vague de haine sur les r\u00e9seaux sociaux. Raison pour laquelle, il vient de d\u00e9poser plainte pour \u00ab harc\u00e8lement, propos ou comportements r\u00e9p\u00e9t\u00e9s ayant pour objet ou effet une d\u00e9gradation des conditions de vie alt\u00e9rant la sant\u00e9 \u00bb.<\/p>\n<p class=\"paragraph text_align_left lp-f-body-02\">\u00c0 l\u2019origine de ses ennuis : une intervention qu\u2019il a accept\u00e9 d\u2019assurer le 11 septembre, \u00e0 Paris. Une de ses connaissances l\u2019avait en effet contact\u00e9, pour savoir combien il facturerait une ouverture de porte, qu\u2019un ami de son fils avait claqu\u00e9e. Un serrurier sur place <a href=\"https:\/\/www.leparisien.fr\/economie\/consommation\/il-nous-a-dit-quil-allait-devoir-utiliser-des-outils-speciaux-ces-victimes-darnaques-au-depannage-racontent-28-04-2025-VTHMVNQEUREOBPNZGDRFPMET4A.php\" target=\"_blank\" rel=\"noreferrer noopener\">lui demandait 800 euros<\/a>. Deux heures plus tard, la situation \u00e9tant toujours bloqu\u00e9e, il d\u00e9cide de se rendre \u00e0 Paris avec un coll\u00e8gue.<\/p>\n<p>\u00ab Notre profession est tr\u00e8s mal vue \u00e0 cause de ces pratiques \u00bb<\/p>\n<p class=\"paragraph text_align_left lp-f-body-02\">\u00ab Je prends ma petite mallette avec mes outils de porte claqu\u00e9e, je regarde un peu la porte, je v\u00e9rifie qu\u2019elle est bien claqu\u00e9e et, au final, je l\u2019ouvre en trois secondes avec une radio. La radio, c\u2019est le BA-ba de la serrurerie quoi \u00bb, raconte le professionnel.<\/p>\n<p class=\"paragraph text_align_left lp-f-body-02\">Et de d\u00e9tailler : \u00ab Apparemment, le premier serrurier avait essay\u00e9 avec la radio, mais il n\u2019avait pas r\u00e9ussi. Il avait d\u00e9j\u00e0 d\u00e9truit une poign\u00e9e et un cylindre qui co\u00fbtent tr\u00e8s cher. Et il \u00e9tait en train d\u2019entamer la serrure. Il y en avait pour 2 000 euros, alors qu\u2019il n\u2019y avait pas lieu de faire tout \u00e7a \u00bb.<\/p>\n<p class=\"lp-card-podcast-highlighting__title  lp-f-subtitle-05\">[4\/6] Jubillar\u00a0: de la disparition au proc\u00e8s, une affaire sans corps ni aveux<\/p>\n<p class=\"lp-card-podcast-highlighting__description lp-f-ui-05\">Crime story raconte chaque semaine les grandes affaires criminelles.<\/p>\n<p><a class=\"lp-card-podcast-highlighting__call-to-action\" data-page-type=\"HP\" data-block-name=\"podcast-highlight\">\u00c9couter<\/a><\/p>\n<p class=\"paragraph text_align_left lp-f-body-02\">La situation le met hors de lui, il d\u00e9cide donc de filmer la sc\u00e8ne pour sensibiliser son entourage et ses clients : \u00ab Notre profession est tr\u00e8s mal vue \u00e0 cause de <a href=\"https:\/\/www.leparisien.fr\/hauts-de-seine-92\/asnieres-quatre-serruriers-vereux-derriere-les-barreaux-29-08-2025-DIF3NNXUDRD2LE3P6BVJKLKXT4.php\" target=\"_blank\" rel=\"noreferrer noopener\">ces pratiques<\/a>. Il y a ces petits gars qui viennent et qui prennent tout le boulot alors qu\u2019ils n\u2019ont pas les comp\u00e9tences. \u00bb Sur la vid\u00e9o, le serrurier ne cache pas son agacement. Mais elle va le d\u00e9passer et sera vue plusieurs millions de fois.<\/p>\n<p class=\"paragraph text_align_left lp-f-body-02\">S\u2019il re\u00e7oit des commentaires positifs, il va \u00e9galement \u00eatre la cible de menaces de mort, par t\u00e9l\u00e9phone ou par messages. Du type : \u00ab On va br\u00fbler ta maison, faire du mal \u00e0 ta famille, on est devant chez toi \u00bb. Le professionnel va aussi voir fleurir de faux avis Google avec une \u00e9toile sur sa soci\u00e9t\u00e9, l\u2019accusant d\u2019avoir arnaqu\u00e9 des clients.<\/p>\n<p>\u00ab Hors de question qu\u2019on laisse des gens salir notre r\u00e9putation \u00bb<\/p>\n<p class=\"paragraph text_align_left lp-f-body-02\">\u00ab Des gens m\u2019ont m\u00eame dit qu\u2019ils allaient travailler et facturer sur ma soci\u00e9t\u00e9. Et j\u2019ai re\u00e7u deux appels de la plate-forme pour laquelle travaillait le serrurier, qui m\u2019a expliqu\u00e9 que je leur causais du tort, que \u00e7a ne me regardait pas si le client avait les moyens de payer ou pas. \u00bb<\/p>\n<p class=\"paragraph text_align_left lp-f-body-02\">Avec cette vid\u00e9o, il souhaitait simplement d\u00e9fendre sa profession. \u00ab C\u2019est hors de question qu\u2019on laisse des gens salir notre r\u00e9putation. Je pr\u00e9f\u00e8re gagner 130 euros que prendre 800 euros \u00e0 une petite m\u00e9m\u00e9 qui touche 800 euros de retraite \u00bb, mart\u00e8le-t-il.<\/p>\n<p class=\"paragraph text_align_left lp-f-body-02\">Avant de prendre la d\u00e9fense du serrurier intervenu sur la porte : \u00ab Il d\u00e9bute, il avait l\u2019air sympa. J\u2019ai convaincu le client de lui donner 50 euros juste pour<a href=\"https:\/\/www.leparisien.fr\/economie\/serruriers-plombiers-electriciens-deux-tiers-des-depannages-en-urgence-a-domicile-posent-probleme-22-10-2023-OUWW3VCVLZA2BCC7E2MNZW2M6Q.php\" target=\"_self\" rel=\"noopener\"> le d\u00e9placement<\/a> et j\u2019ai propos\u00e9 au client un petit prix, moins de 800 euros, pour r\u00e9parer les d\u00e9g\u00e2ts qui avait \u00e9t\u00e9 caus\u00e9s. La facture totale, elle \u00e9tait plus de 800 euros l\u00e0, mais de 2 000 euros ! \u00bb<\/p>\n<p>\u00ab Le probl\u00e8me vient des grosses plates-formes \u00bb<\/p>\n<p class=\"paragraph text_align_left lp-f-body-02\">Et de livrer son analyse : \u00ab Le probl\u00e8me vient des grosses plates-formes qui cassent les prix au d\u00e9part pour attirer les clients puis qui, une fois sur place, triplent la facture. Ils en profitent pour exploiter des jeunes qui sortent de formation, qui n\u2019ont pas de travail, qui passent par de la sous-traitance et touchent seulement 20 % des interventions \u00bb. Depuis, la vid\u00e9o a \u00e9t\u00e9 retir\u00e9e\u2026 mais elle avait d\u00e9j\u00e0 \u00e9t\u00e9 reprise partout.<\/p>\n<p class=\"paragraph text_align_left lp-f-body-02\">Le confr\u00e8re qui l\u2019accompagnait ce jour-l\u00e0 ne m\u00e2che pas ses mots : \u00ab Ces gens-l\u00e0 n\u2019ont m\u00eame pas d\u2019\u00e9thique professionnelle. Nous, on arrive avec un prix clair et net d\u00e8s le d\u00e9part. Les clients nous disent, c\u2019est trop cher. Ils contactent ces plates-formes sur Internet qui annoncent des prix attractifs, \u00e0 partir de 39 euros, par exemple. Et apr\u00e8s, on apprend que le client a \u00e9t\u00e9 factur\u00e9 3 000 euros pour une ouverture de porte et un remplacement de serrure. \u00bb<\/p>\n","protected":false},"excerpt":{"rendered":"Il n\u2019a pas eu d\u2019autre choix que de pousser la porte d\u2019un commissariat de police, apr\u00e8s le tombereau&hellip;\n","protected":false},"author":2,"featured_media":398292,"comment_status":"","ping_status":"","sticky":false,"template":"","format":"standard","meta":{"footnotes":""},"categories":[1592],"tags":[1111,11,1777,674,118,1011,27,662,12,626,25,2955],"class_list":{"0":"post-398291","1":"post","2":"type-post","3":"status-publish","4":"format-standard","5":"has-post-thumbnail","7":"category-ile-de-france","8":"tag-actu","9":"tag-actualites","10":"tag-eu","11":"tag-europe","12":"tag-faits-divers","13":"tag-fr","14":"tag-france","15":"tag-ile-de-france","16":"tag-news","17":"tag-paris","18":"tag-republique-francaise","19":"tag-videos"},"share_on_mastodon":{"url":"https:\/\/pubeurope.com\/@fr\/115221509202884969","error":""},"_links":{"self":[{"href":"https:\/\/www.europesays.com\/fr\/wp-json\/wp\/v2\/posts\/398291","targetHints":{"allow":["GET"]}}],"collection":[{"href":"https:\/\/www.europesays.com\/fr\/wp-json\/wp\/v2\/posts"}],"about":[{"href":"https:\/\/www.europesays.com\/fr\/wp-json\/wp\/v2\/types\/post"}],"author":[{"embeddable":true,"href":"https:\/\/www.europesays.com\/fr\/wp-json\/wp\/v2\/users\/2"}],"replies":[{"embeddable":true,"href":"https:\/\/www.europesays.com\/fr\/wp-json\/wp\/v2\/comments?post=398291"}],"version-history":[{"count":0,"href":"https:\/\/www.europesays.com\/fr\/wp-json\/wp\/v2\/posts\/398291\/revisions"}],"wp:featuredmedia":[{"embeddable":true,"href":"https:\/\/www.europesays.com\/fr\/wp-json\/wp\/v2\/media\/398292"}],"wp:attachment":[{"href":"https:\/\/www.europesays.com\/fr\/wp-json\/wp\/v2\/media?parent=398291"}],"wp:term":[{"taxonomy":"category","embeddable":true,"href":"https:\/\/www.europesays.com\/fr\/wp-json\/wp\/v2\/categories?post=398291"},{"taxonomy":"post_tag","embeddable":true,"href":"https:\/\/www.europesays.com\/fr\/wp-json\/wp\/v2\/tags?post=398291"}],"curies":[{"name":"wp","href":"https:\/\/api.w.org\/{rel}","templated":true}]}}