{"id":398303,"date":"2025-09-17T20:29:11","date_gmt":"2025-09-17T20:29:11","guid":{"rendered":"https:\/\/www.europesays.com\/fr\/398303\/"},"modified":"2025-09-17T20:29:11","modified_gmt":"2025-09-17T20:29:11","slug":"la-russie-accusee-davoir-assassine-navalny-linde-sommee-de-prendre-ses-distances-2","status":"publish","type":"post","link":"https:\/\/www.europesays.com\/fr\/398303\/","title":{"rendered":"La Russie accus\u00e9e d\u2019avoir assassin\u00e9 Navalny, l\u2019Inde somm\u00e9e de prendre ses distances"},"content":{"rendered":"<p>Vous avez rat\u00e9 les derniers \u00e9v\u00e9nements sur la <a href=\"https:\/\/www.20minutes.fr\/monde\/ukraine\/\" class=\"c-link c-link--is-underlined\" target=\"_blank\" rel=\"noopener\">guerre en Ukraine<\/a>\u00a0? 20 Minutes fait le point pour vous tous les soirs. Voici l\u2019essentiel de ce mercredi 17\u00a0septembre, 1.302e jour du conflit.<\/p>\n<p>Le fait du jour<\/p>\n<p>Les accusations sont lourdes et visent Vladimir Poutine. Ioulia Navalna\u00efa, la veuve du principal opposant russe <a href=\"https:\/\/www.20minutes.fr\/monde\/russie\/4138816-20250216-russie-visage-opposition-russe-dechire-an-apres-mort-alexei-navalny\" class=\"c-link c-link--is-underlined\" target=\"_blank\" rel=\"noopener\">Alexe\u00ef Navalny<\/a>, mort en prison en Russie le 16\u00a0f\u00e9vrier 2024, affirme que son mari avait \u00e9t\u00e9 \u00ab\u00a0empoisonn\u00e9\u00a0\u00bb. Charismatique militant anticorruption et farouche opposant \u00e0 l\u2019invasion russe de l\u2019Ukraine, Alexe\u00ef Navalny \u00e9tait d\u00e9c\u00e9d\u00e9 \u00e0 47 ans dans des circonstances floues dans une colonie p\u00e9nitentiaire en Arctique, alors qu\u2019il purgeait une peine de 19 ans d\u2019emprisonnement pour des accusations qu\u2019il d\u00e9non\u00e7ait comme politiques.<\/p>\n<p>Les autorit\u00e9s avaient refus\u00e9 pendant plusieurs jours de remettre son corps \u00e0 ses proches, ce qui a \u00e9veill\u00e9 les soup\u00e7ons de ses partisans qui accusent le pouvoir de l\u2019avoir \u00ab\u00a0tu\u00e9\u00a0\u00bb et de chercher \u00e0 maquiller son meurtre, ce que d\u00e9ment le <a href=\"https:\/\/www.20minutes.fr\/dossier\/kremlin\" class=\"c-link c-link--is-underlined\" target=\"_blank\" rel=\"noopener\">Kremlin<\/a>.<\/p>\n<p>Ioulia Navalna\u00efa a <a href=\"https:\/\/www.20minutes.fr\/monde\/russie\/4173623-20250917-mort-navalny-veuve-opposant-russe-affirme-empoisonne\" class=\"c-link c-link--is-underlined\" target=\"_blank\" rel=\"noopener\">r\u00e9affirm\u00e9 ce mercredi la th\u00e8se d\u2019un empoisonnement<\/a>, disant se fonder cette fois sur l\u2019analyse d&rsquo; \u00ab\u00a0\u00e9chantillons biologiques\u00a0\u00bb collect\u00e9s sur son \u00e9poux apr\u00e8s sa mort et transmis \u00e0 des laboratoires situ\u00e9s dans des pays occidentaux. Navalna\u00efa n\u2019a pas rendu public ces analyses et a pr\u00e9cis\u00e9 ne pas pouvoir pr\u00e9ciser \u00ab\u00a0quel poison avait \u00e9t\u00e9 utilis\u00e9\u00a0\u00bb contre son \u00e9poux. Elle ajoute que son \u00e9quipe a eu acc\u00e8s aux t\u00e9moignages de cinq agents p\u00e9nitentiaires de la colonie de Kharp, dans l\u2019<a href=\"https:\/\/www.20minutes.fr\/planete\/arctique\/\" class=\"c-link c-link--is-underlined\" target=\"_blank\" rel=\"noopener\">Arctique<\/a>, t\u00e9moignages comportant des \u00ab\u00a0incoh\u00e9rences\u00a0\u00bb.<\/p>\n<p>La d\u00e9claration du jour<\/p>\n<blockquote class=\"mx-m@xs mx-xxl@md color-ultramarine c-citation\">\n<p class=\"font-weight-regular@xs text-italic font-source-serif-pro text-l@xs c-citation__content\">\u00ab\u00a0Ce sont des obstacles \u00e0 notre coop\u00e9ration et au renforcement de notre relation\u00a0\u00bb<\/p>\n<\/blockquote>\n<p>Les paroles sont sign\u00e9es <a href=\"https:\/\/x.com\/kajakallas\" rel=\"nofollow\" target=\"_blank\" class=\"c-link c-link--is-underlined\">Kaja Kallas<\/a>. La cheffe de la diplomatie de l\u2019Union europ\u00e9enne a pr\u00e9venu ce mercredi que les achats par <a href=\"https:\/\/www.20minutes.fr\/dossier\/inde\" class=\"c-link c-link--is-underlined\" target=\"_blank\" rel=\"noopener\">l\u2019Inde<\/a> de p\u00e9trole russe, et sa participation \u00e0 un exercice militaire organis\u00e9 par Moscou, pourraient nuire au renforcement de ses liens avec l\u2019UE. Kaja Kallas a rapport\u00e9 avoir \u00e9voqu\u00e9 ces sujets avec le ministre indien des Affaires \u00e9trang\u00e8res.<\/p>\n<p>Il faut dire que New Delhi et le bloc europ\u00e9en m\u00e8nent actuellement des discussions en vue d\u2019\u00e9tablir un \u00ab\u00a0partenariat strat\u00e9gique\u00a0\u00bb, notamment en mati\u00e8re de commerce et de d\u00e9fense. Dans ce cadre, la Commission europ\u00e9enne esp\u00e8re conclure d\u2019ici la fin de l\u2019ann\u00e9e un accord de libre-\u00e9change avec <a href=\"https:\/\/www.20minutes.fr\/dossier\/new_delhi\" class=\"c-link c-link--is-underlined\" target=\"_blank\" rel=\"noopener\">New Delhi<\/a>. Un sommet UE-Inde est aussi envisag\u00e9 d\u00e9but\u00a02026.<\/p>\n<p>En parall\u00e8le, Vladimir Poutine et le Premier ministre indien Narendra Modi se sont f\u00e9licit\u00e9s ce mercredi de leur \u00ab\u00a0amiti\u00e9\u00a0\u00bb, au cours d\u2019un entretien t\u00e9l\u00e9phoniqque. Narendra Modi a indiqu\u00e9 que l\u2019Inde et la Russie \u00e9taient d\u00e9termin\u00e9s \u00e0 renforcer leur \u00ab\u00a0partenariat strat\u00e9gique sp\u00e9cial et privil\u00e9gi\u00e9\u00a0\u00bb, ajoutant que \u00ab\u00a0l\u2019Inde est pr\u00eate \u00e0 apporter toutes les contributions possibles \u00e0 une r\u00e9solution pacifique du conflit en Ukraine\u00a0\u00bb.<\/p>\n<\/p>\n<p>Le chiffre du jour<\/p>\n<p>19. C\u2019est le nombre de drones russes qui s\u2019\u00e9taient introduits dans le ciel polonais dans la nuit du 9 au 10\u00a0septembre. Trois de ces drones avaient \u00e9t\u00e9 abattus, une premi\u00e8re dans l\u2019histoire de l\u2019Otan cr\u00e9\u00e9e en\u00a01949. Au cours de cette m\u00eame nuit, un projectile avait lourdement endommag\u00e9 une maison dans le village de Wyryki, secteur survol\u00e9 par les drones \u00e0 l\u2019est du pays. S\u2019agissait-il donc d\u2019un dommage caus\u00e9 par l\u2019un de ces drones ou d\u2019autre chose\u00a0? Une enqu\u00eate a \u00e9t\u00e9 ouverte ce mercredi.<\/p>\n<p>Il faut dire que, selon des m\u00e9dias polonais, la maison endommag\u00e9e aurait en r\u00e9alit\u00e9 \u00e9t\u00e9 touch\u00e9e par un missile air-air AIM-120 AMRAAM tir\u00e9 depuis un avion de chasse F-16 de l\u2019arm\u00e9e polonaise.<\/p>\n<p>\u00ab\u00a0L\u2019enqu\u00eate est \u00e0 son stade pr\u00e9liminaire et il faut attendre l\u2019opinion des experts pour pouvoir d\u00e9terminer quel type d\u2019armement a ab\u00eem\u00e9 cette maison\u00a0\u00bb, a d\u00e9clar\u00e9 \u00e0 l\u2019AFP la porte-parole du parquet national. De son c\u00f4t\u00e9, le Premier ministre polonais a soulign\u00e9 qu\u2019ind\u00e9pendamment des circonstances, la responsabilit\u00e9 en incombe d\u2019abord \u00e0 Moscou.<\/p>\n<p>La tendance<\/p>\n<p>La d\u00e9tention provisoire du cycliste fran\u00e7ais Sofiane Sehili, arr\u00eat\u00e9 d\u00e9but septembre en Russie, a \u00e9t\u00e9 prolong\u00e9e jusqu\u2019au 4\u00a0octobre, a annonc\u00e9 mercredi l\u2019agence d\u2019Etat Ria Novosti en citant un tribunal de l\u2019Extr\u00eame-orient russe. Ce cycliste d\u2019endurance de 44 ans est accus\u00e9 d\u2019avoir franchi ill\u00e9galement la fronti\u00e8re russe en tentant de battre un record du monde de la travers\u00e9e eurasienne \u00e0 v\u00e9lo.<\/p>\n<p>Le tribunal de district d\u2019Oussouri\u00efsk, dans la r\u00e9gion russe du Primori\u00e9, a d\u00e9cid\u00e9 d\u2019imposer \u00ab\u00a0une mesure pr\u00e9ventive sous forme de d\u00e9tention provisoire\u00a0\u00bb jusqu\u2019au 4\u00a0octobre, a d\u00e9clar\u00e9 son service de presse \u00e0 Ria Novosti, sans pr\u00e9ciser la raison de son arrestation.<\/p>\n<p>Sofiane Sehili \u00e9tait parti de Lisbonne d\u00e9but juillet, et comptait traverser 17 pays pour arriver d\u00e9but septembre \u00e0 Vladivostok, en Extr\u00eame-Orient russe. Il pr\u00e9voyait de franchir la fronti\u00e8re entre la Chine et la Russie pr\u00e8s de la localit\u00e9 chinoise de Sanchakou, selon une carte de son itin\u00e9raire provisoire publi\u00e9e sur Internet. La ville russe d\u2019Oussouri\u00efsk, o\u00f9 sa d\u00e9tention a \u00e9t\u00e9 prolong\u00e9e, se trouve \u00e0 une soixantaine de kilom\u00e8tres de l\u00e0.<\/p>\n<p>Un responsable russe du contr\u00f4le des prisons a assur\u00e9 \u00e0 l\u2019AFP que le cycliste semblait en bonne sant\u00e9, m\u00eame s\u2019il peine \u00e0 communiquer avec les responsables de la prison en raison de la barri\u00e8re linguistique. Il partage une cellule avec un autre d\u00e9tenu, a-t-il dit.<\/p>\n","protected":false},"excerpt":{"rendered":"Vous avez rat\u00e9 les derniers \u00e9v\u00e9nements sur la guerre en Ukraine\u00a0? 20 Minutes fait le point pour vous&hellip;\n","protected":false},"author":2,"featured_media":398304,"comment_status":"","ping_status":"","sticky":false,"template":"","format":"standard","meta":{"footnotes":""},"categories":[1590],"tags":[47,11,9755,20931,1777,674,131,52992,74,1916,18611,19118,12,132,220,135,134],"class_list":{"0":"post-398303","1":"post","2":"type-post","3":"status-publish","4":"format-standard","5":"has-post-thumbnail","7":"category-ukraine","8":"tag-actualite","9":"tag-actualites","10":"tag-alexei-navalny","11":"tag-arctique","12":"tag-eu","13":"tag-europe","14":"tag-guerre-en-ukraine","15":"tag-ioulia-navalnaia","16":"tag-monde","17":"tag-moscou","18":"tag-narendra-modi","19":"tag-new-delhi","20":"tag-news","21":"tag-russie","22":"tag-ukraine","23":"tag-vladimir-poutine","24":"tag-volodymyr-zelensky"},"share_on_mastodon":{"url":"https:\/\/pubeurope.com\/@fr\/115221532759006813","error":""},"_links":{"self":[{"href":"https:\/\/www.europesays.com\/fr\/wp-json\/wp\/v2\/posts\/398303","targetHints":{"allow":["GET"]}}],"collection":[{"href":"https:\/\/www.europesays.com\/fr\/wp-json\/wp\/v2\/posts"}],"about":[{"href":"https:\/\/www.europesays.com\/fr\/wp-json\/wp\/v2\/types\/post"}],"author":[{"embeddable":true,"href":"https:\/\/www.europesays.com\/fr\/wp-json\/wp\/v2\/users\/2"}],"replies":[{"embeddable":true,"href":"https:\/\/www.europesays.com\/fr\/wp-json\/wp\/v2\/comments?post=398303"}],"version-history":[{"count":0,"href":"https:\/\/www.europesays.com\/fr\/wp-json\/wp\/v2\/posts\/398303\/revisions"}],"wp:featuredmedia":[{"embeddable":true,"href":"https:\/\/www.europesays.com\/fr\/wp-json\/wp\/v2\/media\/398304"}],"wp:attachment":[{"href":"https:\/\/www.europesays.com\/fr\/wp-json\/wp\/v2\/media?parent=398303"}],"wp:term":[{"taxonomy":"category","embeddable":true,"href":"https:\/\/www.europesays.com\/fr\/wp-json\/wp\/v2\/categories?post=398303"},{"taxonomy":"post_tag","embeddable":true,"href":"https:\/\/www.europesays.com\/fr\/wp-json\/wp\/v2\/tags?post=398303"}],"curies":[{"name":"wp","href":"https:\/\/api.w.org\/{rel}","templated":true}]}}