{"id":398305,"date":"2025-09-17T20:30:12","date_gmt":"2025-09-17T20:30:12","guid":{"rendered":"https:\/\/www.europesays.com\/fr\/398305\/"},"modified":"2025-09-17T20:30:12","modified_gmt":"2025-09-17T20:30:12","slug":"champagne-est-triste-que-les-etats-unis-ont-tourne-le-dos-au-canada","status":"publish","type":"post","link":"https:\/\/www.europesays.com\/fr\/398305\/","title":{"rendered":"Champagne est \u00abtriste\u00bb que les \u00c9tats-Unis ont \u00abtourn\u00e9 le dos\u00bb au Canada"},"content":{"rendered":"<p>OTTAWA \u2014 Le ministre f\u00e9d\u00e9ral des Finances, Fran\u00e7ois-Philippe Champagne, est \u00abtriste\u00bb que les \u00c9tats-Unis ont \u00abtourn\u00e9 le dos\u00bb au Canada en d\u00e9clenchant une guerre commerciale qui oblige d\u00e9sormais Ottawa \u00e0 \u00abr\u00e9inventer\u00bb l\u2019\u00e9conomie nationale.<\/p>\n<p>M.\u00a0Champagne a d\u00e9clar\u00e9 apr\u00e8s une r\u00e9union du caucus lib\u00e9ral, mercredi, qu\u2019une grande partie des co\u00fbts que le pays devra assumer dans le prochain budget f\u00e9d\u00e9ral sont \u00abdirectement li\u00e9s \u00e0 la guerre commerciale impos\u00e9e au Canada\u00bb.<\/p>\n<p>Ses commentaires font suite \u00e0 ceux de l\u2019ambassadeur am\u00e9ricain au Canada, Pete Hoekstra, qui a affirm\u00e9 que l\u2019administration Trump \u00e9tait \u00aboptimiste\u00bb quant aux perspectives d\u2019un accord \u00abbeaucoup plus ambitieux\u00bb avec le Canada, qui irait au-del\u00e0 de la ren\u00e9gociation de l\u2019entente commerciale actuelle.<\/p>\n<p>Le premier ministre Mark Carney esp\u00e8re conclure des accords sectoriels plus modestes avec le pr\u00e9sident am\u00e9ricain Donald Trump afin de d\u00e9samorcer la guerre commerciale en cours et d\u2019\u00e9laborer un nouveau partenariat \u00e9conomique et de s\u00e9curit\u00e9.<\/p>\n<p>Le Canada, les \u00c9tats-Unis et le Mexique se dirigent vers une r\u00e9vision majeure de leur accord trilat\u00e9ral, pr\u00e9vue l\u2019ann\u00e9e prochaine.<\/p>\n<p>Le repr\u00e9sentant am\u00e9ricain au Commerce a publi\u00e9 cette semaine un avis de consultation sollicitant des commentaires sur l\u2019examen.<\/p>\n","protected":false},"excerpt":{"rendered":"OTTAWA \u2014 Le ministre f\u00e9d\u00e9ral des Finances, Fran\u00e7ois-Philippe Champagne, est \u00abtriste\u00bb que les \u00c9tats-Unis ont \u00abtourn\u00e9 le dos\u00bb&hellip;\n","protected":false},"author":2,"featured_media":398306,"comment_status":"","ping_status":"","sticky":false,"template":"","format":"standard","meta":{"footnotes":""},"categories":[1589],"tags":[11,73,1866,4574,17885,4575,4576,12,1864,1865,1863,308],"class_list":{"0":"post-398305","1":"post","2":"type-post","3":"status-publish","4":"format-standard","5":"has-post-thumbnail","7":"category-etats-unis","8":"tag-actualites","9":"tag-etats-unis","10":"tag-etats-unis-damerique","11":"tag-https-lactualite-com-sujet-affaires","12":"tag-https-lactualite-com-sujet-commerce","13":"tag-https-lactualite-com-sujet-economie","14":"tag-https-lactualite-com-sujet-politique","15":"tag-news","16":"tag-united-states","17":"tag-united-states-of-america","18":"tag-us","19":"tag-usa"},"share_on_mastodon":{"url":"https:\/\/pubeurope.com\/@fr\/115221536947470289","error":""},"_links":{"self":[{"href":"https:\/\/www.europesays.com\/fr\/wp-json\/wp\/v2\/posts\/398305","targetHints":{"allow":["GET"]}}],"collection":[{"href":"https:\/\/www.europesays.com\/fr\/wp-json\/wp\/v2\/posts"}],"about":[{"href":"https:\/\/www.europesays.com\/fr\/wp-json\/wp\/v2\/types\/post"}],"author":[{"embeddable":true,"href":"https:\/\/www.europesays.com\/fr\/wp-json\/wp\/v2\/users\/2"}],"replies":[{"embeddable":true,"href":"https:\/\/www.europesays.com\/fr\/wp-json\/wp\/v2\/comments?post=398305"}],"version-history":[{"count":0,"href":"https:\/\/www.europesays.com\/fr\/wp-json\/wp\/v2\/posts\/398305\/revisions"}],"wp:featuredmedia":[{"embeddable":true,"href":"https:\/\/www.europesays.com\/fr\/wp-json\/wp\/v2\/media\/398306"}],"wp:attachment":[{"href":"https:\/\/www.europesays.com\/fr\/wp-json\/wp\/v2\/media?parent=398305"}],"wp:term":[{"taxonomy":"category","embeddable":true,"href":"https:\/\/www.europesays.com\/fr\/wp-json\/wp\/v2\/categories?post=398305"},{"taxonomy":"post_tag","embeddable":true,"href":"https:\/\/www.europesays.com\/fr\/wp-json\/wp\/v2\/tags?post=398305"}],"curies":[{"name":"wp","href":"https:\/\/api.w.org\/{rel}","templated":true}]}}