{"id":398307,"date":"2025-09-17T20:31:12","date_gmt":"2025-09-17T20:31:12","guid":{"rendered":"https:\/\/www.europesays.com\/fr\/398307\/"},"modified":"2025-09-17T20:31:12","modified_gmt":"2025-09-17T20:31:12","slug":"le-transfert-conteste-de-la-tapisserie-de-bayeux-vers-le-royaume-uni-est-reporte","status":"publish","type":"post","link":"https:\/\/www.europesays.com\/fr\/398307\/","title":{"rendered":"Le transfert contest\u00e9 de la tapisserie de Bayeux vers le Royaume-Uni est report\u00e9"},"content":{"rendered":"<p>Il devait avoir lieu ce jeudi. Finalement, le transfert de la tapisserie de Bayeux a \u00e9t\u00e9 report\u00e9. Mais ce ne sont pas les nombreux experts, scientifiques et amateurs d\u2019art qui se sont <a href=\"https:\/\/www.20minutes.fr\/arts-stars\/culture\/4168820-20250821-patrimoine-petition-tente-empecher-pret-tapisserie-bayeux-british-museum\" class=\"c-link c-link--is-underlined\" target=\"_blank\" rel=\"noopener\">\u00e9lev\u00e9s contre le projet<\/a> de pr\u00eat de l\u2019ouvrage de la France au <a href=\"https:\/\/www.20minutes.fr\/monde\/royaume-uni\/\" class=\"c-link c-link--is-underlined\" target=\"_blank\" rel=\"noopener\">Royaume-Uni<\/a>, qui ont r\u00e9ussi \u00e0 le repousser. Les <a href=\"https:\/\/www.20minutes.fr\/politique\/4173559-20250917-greve-18-septembre-syndicats-promettent-jeudi-noir-sebastien-lecornu\" class=\"c-link c-link--is-underlined\" target=\"_blank\" rel=\"noopener\">mouvements sociaux<\/a> et les forces de l\u2019ordre mobilis\u00e9es pour encadrer cette mobilisation sont \u00e0 l\u2019origine de ce report.<\/p>\n<p>\u00ab\u00a0En raison de la mobilisation attendue la journ\u00e9e de demain dans le d\u00e9partement du <a href=\"https:\/\/www.20minutes.fr\/dossier\/calvados\" class=\"c-link c-link--is-underlined\" target=\"_blank\" rel=\"noopener\">Calvados<\/a>, le pr\u00e9fet ne s\u2019estime pas en mesure d\u2019assurer la s\u00e9curit\u00e9 d\u2019un transfert aussi m\u00e9diatique et [\u2026] d\u2019une \u0153uvre aussi co\u00fbteuse\u00a0\u00bb, explique Philippe B\u00e9laval. C\u2019est lui qui est charg\u00e9 par l\u2019<a href=\"https:\/\/www.20minutes.fr\/dossier\/elysee\" class=\"c-link c-link--is-underlined\" target=\"_blank\" rel=\"noopener\">Elys\u00e9e<\/a> du pr\u00eat de cette \u0153uvre au British Museum. Ce n\u2019est, selon lui, que partie remise. L\u2019op\u00e9ration se tiendra \u00ab\u00a0dans les prochains jours\u00a0\u00bb.<\/p>\n<p>Direction le British Museum, de septembre\u00a02026 \u00e0 juin\u00a02027<\/p>\n<p>Inscrite au registre \u00ab\u00a0M\u00e9moire du Monde\u00a0\u00bb de l\u2019<a href=\"https:\/\/www.20minutes.fr\/dossier\/unesco\" class=\"c-link c-link--is-underlined\" target=\"_blank\" rel=\"noopener\">Unesco<\/a>, cette \u0153uvre, longue de 70 m\u00e8tres sur 50 centim\u00e8tres de hauteur, est une broderie de fils de laine sur toile de lin. Elle met en m\u00e9moire et en images la conqu\u00eate du tr\u00f4ne d\u2019<a href=\"https:\/\/www.20minutes.fr\/dossier\/angleterre\" class=\"c-link c-link--is-underlined\" target=\"_blank\" rel=\"noopener\">Angleterre<\/a> par Guillaume duc de Normandie (devenu le Conqu\u00e9rant), lors de sa victoire \u00e0 la bataille d\u2019Hastings en\u00a01066. Pour de <a href=\"https:\/\/www.latribunedelart.com\/pourquoi-la-tapisserie-de-bayeux-ne-peut-et-ne-doit-pas-voyager\" target=\"_blank\" class=\"c-link c-link--is-underlined\" rel=\"noopener\">nombreux sp\u00e9cialistes<\/a>, la fragilit\u00e9 de l\u2019\u0153uvre devrait interdire son d\u00e9placement.<\/p>\n<p>Mais Emmanuel Macron, s\u2019appuyant sur d\u2019autres avis, a estim\u00e9 en juillet que le transfert de la tapisserie \u00e9tait bien possible. Et le moment opportun pour tenir sa promesse de pr\u00eat faite aux Britanniques en\u00a02018. Le mus\u00e9e de Bayeux est en effet ferm\u00e9 pour des travaux de r\u00e9novation jusqu\u2019en octobre\u00a02027. Le British Museum accueillera la tapisserie de septembre\u00a02026 \u00e0 juin\u00a02027 avant son retour en Normandie.<\/p>\n<\/p>\n<p>\u00ab\u00a0D\u00e9but avril\u00a02025 une simulation de l\u2019extraction de la Tapisserie hors de son local technique a permis d\u2019anticiper chaque geste du futur d\u00e9placement r\u00e9el, explique de son c\u00f4t\u00e9 <a href=\"https:\/\/www.bayeuxmuseum.com\/actus\/la-tapisserie-de-bayeux-peut-elle-voyager\/\" target=\"_blank\" class=\"c-link c-link--is-underlined\" rel=\"noopener\">le mus\u00e9e de Bayeux<\/a>. D\u00e9crochage s\u00e9curis\u00e9, installation sur un paravent de transport, cheminement vers une r\u00e9serve temporaire\u2026 Tous les sc\u00e9narios ont \u00e9t\u00e9 jou\u00e9s dans des conditions r\u00e9elles.\u00a0\u00bb Des essais r\u00e9alis\u00e9s sur un fac-simil\u00e9.<\/p>\n<p>Ils ont permis \u00ab\u00a0de tester et valider les protocoles de s\u00e9curit\u00e9 et de rep\u00e9rer les points sensibles, comme les virages \u00e9troits, les changements de temp\u00e9rature ou les vibrations li\u00e9es au transport.\u00a0\u00bb La mobilisation sociale \u00e9tant pass\u00e9e par l\u00e0, il faudra attendre au minimum quelques jours afin de passer des tests \u00e0 la mise en pratique.<\/p>\n","protected":false},"excerpt":{"rendered":"Il devait avoir lieu ce jeudi. Finalement, le transfert de la tapisserie de Bayeux a \u00e9t\u00e9 report\u00e9. Mais&hellip;\n","protected":false},"author":2,"featured_media":398308,"comment_status":"","ping_status":"","sticky":false,"template":"","format":"standard","meta":{"footnotes":""},"categories":[1588],"tags":[47,11,4708,5164,1073,1777,674,3048,12,5161,473,1853,104,1851,12077,1850,1852],"class_list":{"0":"post-398307","1":"post","2":"type-post","3":"status-publish","4":"format-standard","5":"has-post-thumbnail","7":"category-royaume-uni","8":"tag-actualite","9":"tag-actualites","10":"tag-angleterre","11":"tag-calvados","12":"tag-emmanuel-macron","13":"tag-eu","14":"tag-europe","15":"tag-musee","16":"tag-news","17":"tag-normandie","18":"tag-royaume-uni","19":"tag-royaume-uni-de-grande-bretagne-et-dirlande-du-nord","20":"tag-societe","21":"tag-uk","22":"tag-unesco","23":"tag-united-kingdom","24":"tag-united-kingdom-of-great-britain-and-northern-ireland"},"share_on_mastodon":{"url":"https:\/\/pubeurope.com\/@fr\/115221540609862901","error":""},"_links":{"self":[{"href":"https:\/\/www.europesays.com\/fr\/wp-json\/wp\/v2\/posts\/398307","targetHints":{"allow":["GET"]}}],"collection":[{"href":"https:\/\/www.europesays.com\/fr\/wp-json\/wp\/v2\/posts"}],"about":[{"href":"https:\/\/www.europesays.com\/fr\/wp-json\/wp\/v2\/types\/post"}],"author":[{"embeddable":true,"href":"https:\/\/www.europesays.com\/fr\/wp-json\/wp\/v2\/users\/2"}],"replies":[{"embeddable":true,"href":"https:\/\/www.europesays.com\/fr\/wp-json\/wp\/v2\/comments?post=398307"}],"version-history":[{"count":0,"href":"https:\/\/www.europesays.com\/fr\/wp-json\/wp\/v2\/posts\/398307\/revisions"}],"wp:featuredmedia":[{"embeddable":true,"href":"https:\/\/www.europesays.com\/fr\/wp-json\/wp\/v2\/media\/398308"}],"wp:attachment":[{"href":"https:\/\/www.europesays.com\/fr\/wp-json\/wp\/v2\/media?parent=398307"}],"wp:term":[{"taxonomy":"category","embeddable":true,"href":"https:\/\/www.europesays.com\/fr\/wp-json\/wp\/v2\/categories?post=398307"},{"taxonomy":"post_tag","embeddable":true,"href":"https:\/\/www.europesays.com\/fr\/wp-json\/wp\/v2\/tags?post=398307"}],"curies":[{"name":"wp","href":"https:\/\/api.w.org\/{rel}","templated":true}]}}