{"id":39831,"date":"2025-04-20T21:12:07","date_gmt":"2025-04-20T21:12:07","guid":{"rendered":"https:\/\/www.europesays.com\/fr\/39831\/"},"modified":"2025-04-20T21:12:07","modified_gmt":"2025-04-20T21:12:07","slug":"lyon-les-gendarmes-affliges-par-le-profil-des-conducteurs-lors-dun-controle-alarmant","status":"publish","type":"post","link":"https:\/\/www.europesays.com\/fr\/39831\/","title":{"rendered":"Lyon. Les gendarmes afflig\u00e9s par le profil des conducteurs lors d\u2019un contr\u00f4le alarmant"},"content":{"rendered":"<p>            Par<br \/>\n        <strong><br \/>\n            <a href=\"https:\/\/actu.fr\/auteur\/redaction-lyon\" title=\"Consulter tous les articles de R\u00e9daction Lyon\" rel=\"nofollow noopener\" target=\"_blank\">R\u00e9daction Lyon<\/a><br \/>\n        <\/strong><\/p>\n<p>        Publi\u00e9 le<\/p>\n<p>            20 avr. 2025 \u00e0 23h07        <\/p>\n<p>Les <a href=\"https:\/\/actu.fr\/tag\/gendarmerie\" rel=\"nofollow noopener\" target=\"_blank\">gendarmes du Rh\u00f4ne<\/a> sont de nouveau \u00ab afflig\u00e9s \u00bb et agac\u00e9s apr\u00e8s un contr\u00f4le de conducteurs.\u00a0<\/p>\n<p class=\" wall-content\">Le mardi 15 avril 2025, de 14h30 \u00e0 17h30, les gendarmes de l\u2019Escadron D\u00e9partemental de S\u00e9curit\u00e9 Routi\u00e8re du Rh\u00f4ne ont men\u00e9 une op\u00e9ration anti-d\u00e9linquance (O.A.D) dans les communes de Vernaison, Solaize et S\u00e9r\u00e9zin-du-Rh\u00f4ne, au sud de <a href=\"https:\/\/actu.fr\/auvergne-rhone-alpes\/lyon_69123\" rel=\"nofollow noopener\" target=\"_blank\">Lyon<\/a>. Et face aux multiples infractions, ils n\u2019ont pas \u00e9t\u00e9 d\u00e9\u00e7us des profils des conducteurs arr\u00eat\u00e9s\u2026<\/p>\n<p class=\" wall-content\">Cette mission avait pour objectif de lutter contre la d\u00e9linquance routi\u00e8re.<\/p>\n<p>50 infractions relev\u00e9es en peu de temps<\/p>\n<p class=\" wall-content\">Les r\u00e9sultats de ce contr\u00f4le sont particuli\u00e8rement inqui\u00e9tants, selon les gendarmes du Rh\u00f4ne : en seulement deux heures, 50 infractions ont \u00e9t\u00e9 relev\u00e9es, r\u00e9v\u00e9lant un comportement routier jug\u00e9 pr\u00e9occupant par les forces de l\u2019ordre.<\/p>\n<p class=\" wall-content\">Parmi les d\u00e9lits constat\u00e9s : trois infractions pour <strong>conduite sous l\u2019emprise de stup\u00e9fiants<\/strong>, deux infractions pour <strong>conduite sous l\u2019emprise de l\u2019alcool<\/strong>, cinq d\u00e9fauts d\u2019assurance, un conducteur avec permis \u00e0 solde de points nul ou encore une absence totale de permis de conduire.<\/p>\n<p>Vid\u00e9os : en ce moment sur ActuConduite sous drogue, t\u00e9l\u00e9phone au volant, ceinture de s\u00e9curit\u00e9\u2026<\/p>\n<p class=\" wall-content\">En ce qui concerne les contraventions, 22 infractions concernaient l\u2019usage du t\u00e9l\u00e9phone ou d\u2019oreillettes au volant, un comportement trop courant et dangereux.<\/p>\n<p class=\" wall-content\">Les gendarmes ont aussi relev\u00e9 quatre infractions pour non-port de la ceinture par le conducteur, trois pour non-port de la ceinture passager, deux pour non-mutation de la carte grise, deux pour pneus lisses, deux pour plaque d\u2019immatriculation illisible ou amovible, un pour absence de d\u00e9claration de transport de d\u00e9chets, un pour circulation interdite sur le pont de Vernaison et enfin un pour d\u00e9faut de contr\u00f4le technique.<\/p>\n<p>\u00ab Trop d\u2019inconscience \u00bb, d\u00e9plorent les gendarmes\u00a0<\/p>\n<p class=\" wall-content\">Face \u00e0 ces chiffres, les autorit\u00e9s appellent \u00e0 une prise de conscience collective. Le respect du Code de la route ne rel\u00e8ve pas de la simple formalit\u00e9, mais d\u2019un engagement citoyen pour la s\u00e9curit\u00e9 de tous.<\/p>\n<p class=\" wall-content\">\u00ab Trop de risques, trop d\u2019inconscience. Et toujours les m\u00eames cons\u00e9quences. \u00bb, soulignent les gendarmes.<\/p>\n<p class=\" wall-content\">Des contr\u00f4les qui devraient se poursuivre ce lundi de P\u00e2ques, une journ\u00e9e sensible sur les routes.\u00a0<\/p>\n<p class=\" wall-content\">Suivez toute l\u2019actualit\u00e9 de vos villes et m\u00e9dias favoris en vous inscrivant \u00e0 <a href=\"https:\/\/moncompte.actu.fr\" title=\"D\u00e9couvez Mon Actu\" rel=\"nofollow noopener\" data-trk=\"{&quot;cta&quot;:{&quot;action&quot;:&quot;https:\\\/\\\/moncompte.actu.fr&quot;,&quot;category&quot;:&quot;mon compte&quot;,&quot;from&quot;:&quot;article footer&quot;,&quot;name&quot;:&quot;Mon actu&quot;,&quot;type&quot;:&quot;cta&quot;}}\" target=\"_blank\">Mon Actu<\/a>.<\/p>\n<ul class=\"ac-article-tag wall-content\">\n<li><a href=\"https:\/\/actu.fr\/tag\/gendarmerie\" data-trk=\"{&quot;cta&quot;:{&quot;action&quot;:&quot;Gendarmerie&quot;,&quot;category&quot;:&quot;tag&quot;,&quot;from&quot;:&quot;article footer&quot;,&quot;name&quot;:&quot;Gendarmerie&quot;,&quot;type&quot;:&quot;cta&quot;}}\" rel=\"nofollow noopener\" target=\"_blank\">#Gendarmerie<\/a><\/li>\n<li><a href=\"https:\/\/actu.fr\/tag\/securite-routiere\" data-trk=\"{&quot;cta&quot;:{&quot;action&quot;:&quot;S\\u00e9curit\\u00e9 routi\\u00e8re&quot;,&quot;category&quot;:&quot;tag&quot;,&quot;from&quot;:&quot;article footer&quot;,&quot;name&quot;:&quot;S\\u00e9curit\\u00e9 routi\\u00e8re&quot;,&quot;type&quot;:&quot;cta&quot;}}\" rel=\"nofollow noopener\" target=\"_blank\">#S\u00e9curit\u00e9 routi\u00e8re<\/a><\/li>\n<\/ul>\n","protected":false},"excerpt":{"rendered":"Par R\u00e9daction Lyon Publi\u00e9 le 20 avr. 2025 \u00e0 23h07 Les gendarmes du Rh\u00f4ne sont de nouveau \u00ab&hellip;\n","protected":false},"author":2,"featured_media":39832,"comment_status":"","ping_status":"","sticky":false,"template":"","format":"standard","meta":{"footnotes":""},"categories":[1889],"tags":[1111,11,2430,1777,674,118,1011,27,3381,2428,12,25,5009],"class_list":{"0":"post-39831","1":"post","2":"type-post","3":"status-publish","4":"format-standard","5":"has-post-thumbnail","7":"category-lyon","8":"tag-actu","9":"tag-actualites","10":"tag-auvergne-rhone-alpes","11":"tag-eu","12":"tag-europe","13":"tag-faits-divers","14":"tag-fr","15":"tag-france","16":"tag-gendarmerie","17":"tag-lyon","18":"tag-news","19":"tag-republique-francaise","20":"tag-securite-routiere"},"share_on_mastodon":{"url":"https:\/\/pubeurope.com\/@fr\/114372355273012336","error":""},"_links":{"self":[{"href":"https:\/\/www.europesays.com\/fr\/wp-json\/wp\/v2\/posts\/39831","targetHints":{"allow":["GET"]}}],"collection":[{"href":"https:\/\/www.europesays.com\/fr\/wp-json\/wp\/v2\/posts"}],"about":[{"href":"https:\/\/www.europesays.com\/fr\/wp-json\/wp\/v2\/types\/post"}],"author":[{"embeddable":true,"href":"https:\/\/www.europesays.com\/fr\/wp-json\/wp\/v2\/users\/2"}],"replies":[{"embeddable":true,"href":"https:\/\/www.europesays.com\/fr\/wp-json\/wp\/v2\/comments?post=39831"}],"version-history":[{"count":0,"href":"https:\/\/www.europesays.com\/fr\/wp-json\/wp\/v2\/posts\/39831\/revisions"}],"wp:featuredmedia":[{"embeddable":true,"href":"https:\/\/www.europesays.com\/fr\/wp-json\/wp\/v2\/media\/39832"}],"wp:attachment":[{"href":"https:\/\/www.europesays.com\/fr\/wp-json\/wp\/v2\/media?parent=39831"}],"wp:term":[{"taxonomy":"category","embeddable":true,"href":"https:\/\/www.europesays.com\/fr\/wp-json\/wp\/v2\/categories?post=39831"},{"taxonomy":"post_tag","embeddable":true,"href":"https:\/\/www.europesays.com\/fr\/wp-json\/wp\/v2\/tags?post=39831"}],"curies":[{"name":"wp","href":"https:\/\/api.w.org\/{rel}","templated":true}]}}