{"id":398311,"date":"2025-09-17T20:33:10","date_gmt":"2025-09-17T20:33:10","guid":{"rendered":"https:\/\/www.europesays.com\/fr\/398311\/"},"modified":"2025-09-17T20:33:10","modified_gmt":"2025-09-17T20:33:10","slug":"la-jeunesse-tourmentee-de-la-monnaie-europeenne","status":"publish","type":"post","link":"https:\/\/www.europesays.com\/fr\/398311\/","title":{"rendered":"\u00abLa jeunesse tourment\u00e9e de la monnaie europ\u00e9enne\u00bb"},"content":{"rendered":"<p><strong>CHRONIQUE<\/strong> &#8211; L\u2019euro a d\u00e9j\u00e0 vingt-cinq ans et il a grandi trop vite. Son effet protecteur a encourag\u00e9 l\u2019endettement des \u00c9tats membres, ce qui le met en danger. Pourtant, il suffirait\u2026<\/p>\n<p class=\"fig-paragraph\">L\u2019euro est une monnaie \u00ab\u00a0ch\u00e9tive et pr\u00e9matur\u00e9e\u00a0\u00bb avait d\u00e9clar\u00e9 Gerhard Schr\u00f6der dans les ann\u00e9es 2000. Il \u00e9tait \u00e0 l\u2019\u00e9poque chancelier et il avait quelques bonnes raisons de le penser, outre le regret de perdre le deutsche mark. Nous sommes un quart de si\u00e8cle plus tard, et malgr\u00e9 tous ses d\u00e9fauts de naissance, la\u00a0<a href=\"https:\/\/www.lefigaro.fr\/conjoncture\/jean-pierre-robin-dollar-euro-yen-les-devises-des-etats-seront-numeriques-ou-ne-seront-plus-20191013\" data-fig-type=\"Article\" data-gtm-custom-categorie=\"navigation\" data-gtm-custom-action=\"crossclick\" data-gtm-custom-label=\"Contextuel\" data-gtm-event=\"customEventSPE\" data-fig-domain=\"LEFIGARO\" target=\"_blank\" rel=\"noopener\">monnaie europ\u00e9enne est toujours l\u00e0<\/a>. Elle est m\u00eame \u00ab\u00a0la monnaie internationale la plus cr\u00e9dible apr\u00e8s le dollar\u00a0\u00bb, souligne H\u00e9l\u00e8ne Rey dans la revue Commentaire qui publie un entretien crois\u00e9 avec le Nobel d\u2019\u00e9conomie Paul Krugman. La professeur \u00e0 la London Business School, grande sp\u00e9cialiste du dollar, ajoute que \u00ab\u00a0tr\u00e8s loin derri\u00e8re on trouve le yuan, le yen, le franc suisse ou la livre sterling\u00a0\u00bb. Pas mal pour une monnaie qui \u00e9tait en effet \u00ab\u00a0ch\u00e9tive et pr\u00e9matur\u00e9e\u00a0\u00bb. Peut-elle faire mieux encore et d\u00e9loger le dollar de son r\u00f4le de monnaie de r\u00e9serve\u00a0? Car la position dominante de la devise am\u00e9ricaine offre aux \u00c9tats-Unis d\u2019innombrables atouts, dont curieusement\u00a0<\/p>\n<p class=\"fig-premium-paywall__infos\">\n        Cet article est r\u00e9serv\u00e9 aux abonn\u00e9s.        Il vous reste 86% \u00e0 d\u00e9couvrir.\n    <\/p>\n<p>                <img  data- alt=\"Le Figaro\" class=\"fig-img--complete fig-img\"\/><\/p>\n<p class=\"fig-premium-paywall__title\">Vous avez envie de lire la suite ?<\/p>\n<p class=\"fig-premium-paywall__subtitle\">D\u00e9bloquez tous les articles imm\u00e9diatement.<\/p>\n<p class=\"fig-premium-paywall__connect\">\n                D\u00e9j\u00e0 abonn\u00e9\u00a0?                <a class=\"fig-premium-paywall__connect-link\" href=\"https:\/\/connect.lefigaro.fr\/login?client=horizon_web&amp;type=main&amp;redirect_uri=https%3A%2F%2Fwww.lefigaro.fr%2Fvox%2Feconomie%2Fcharles-jaigu-la-jeunesse-tourmentee-de-la-monnaie-europeenne-20250917\" data-js-gtm=\"{&quot;customCategorie&quot;: &quot;conversion&quot;, &quot;customAction&quot;: &quot;before_Landing_Connexion_paywall_auto&quot;, &quot;customLabel&quot;: &quot;bGVmaWdhcm8uZnJfXzFmMDkzYzQ3LWViOGUtNmRiOC1hOWQzLTA5Mzk1OWM3ODZjMV9fQXJ0aWNsZQ==_Charles Jaigu: \u00abLa jeunesse tourment\u00e9e de la monnaie europ\u00e9enne\u00bb_1000&quot;, &quot;customIDSPE&quot;: &quot;bGVmaWdhcm8uZnJfXzFmMDkzYzQ3LWViOGUtNmRiOC1hOWQzLTA5Mzk1OWM3ODZjMV9fQXJ0aWNsZQ==&quot;, &quot;event&quot;: &quot;customEventSPE&quot;}\" target=\"_blank\" rel=\"noopener\"><br \/>\n                    Connectez-vous<br \/>\n                <\/a>\n            <\/p>\n","protected":false},"excerpt":{"rendered":"CHRONIQUE &#8211; L\u2019euro a d\u00e9j\u00e0 vingt-cinq ans et il a grandi trop vite. Son effet protecteur a encourag\u00e9&hellip;\n","protected":false},"author":2,"featured_media":398312,"comment_status":"","ping_status":"","sticky":false,"template":"","format":"standard","meta":{"footnotes":""},"categories":[1586],"tags":[11,1777,450,674,1011,27,12,25,8408],"class_list":{"0":"post-398311","1":"post","2":"type-post","3":"status-publish","4":"format-standard","5":"has-post-thumbnail","7":"category-europe","8":"tag-actualites","9":"tag-eu","10":"tag-euro","11":"tag-europe","12":"tag-fr","13":"tag-france","14":"tag-news","15":"tag-republique-francaise","16":"tag-zone-euro"},"share_on_mastodon":{"url":"https:\/\/pubeurope.com\/@fr\/115221548661807223","error":""},"_links":{"self":[{"href":"https:\/\/www.europesays.com\/fr\/wp-json\/wp\/v2\/posts\/398311","targetHints":{"allow":["GET"]}}],"collection":[{"href":"https:\/\/www.europesays.com\/fr\/wp-json\/wp\/v2\/posts"}],"about":[{"href":"https:\/\/www.europesays.com\/fr\/wp-json\/wp\/v2\/types\/post"}],"author":[{"embeddable":true,"href":"https:\/\/www.europesays.com\/fr\/wp-json\/wp\/v2\/users\/2"}],"replies":[{"embeddable":true,"href":"https:\/\/www.europesays.com\/fr\/wp-json\/wp\/v2\/comments?post=398311"}],"version-history":[{"count":0,"href":"https:\/\/www.europesays.com\/fr\/wp-json\/wp\/v2\/posts\/398311\/revisions"}],"wp:featuredmedia":[{"embeddable":true,"href":"https:\/\/www.europesays.com\/fr\/wp-json\/wp\/v2\/media\/398312"}],"wp:attachment":[{"href":"https:\/\/www.europesays.com\/fr\/wp-json\/wp\/v2\/media?parent=398311"}],"wp:term":[{"taxonomy":"category","embeddable":true,"href":"https:\/\/www.europesays.com\/fr\/wp-json\/wp\/v2\/categories?post=398311"},{"taxonomy":"post_tag","embeddable":true,"href":"https:\/\/www.europesays.com\/fr\/wp-json\/wp\/v2\/tags?post=398311"}],"curies":[{"name":"wp","href":"https:\/\/api.w.org\/{rel}","templated":true}]}}