{"id":398333,"date":"2025-09-17T20:48:18","date_gmt":"2025-09-17T20:48:18","guid":{"rendered":"https:\/\/www.europesays.com\/fr\/398333\/"},"modified":"2025-09-17T20:48:18","modified_gmt":"2025-09-17T20:48:18","slug":"prince-william-patrick-cohen-raconte-les-coulisses-de-sa-rencontre-lunaire-avec-le-mari-de-kate","status":"publish","type":"post","link":"https:\/\/www.europesays.com\/fr\/398333\/","title":{"rendered":"Prince William : Patrick Cohen raconte les coulisses de sa rencontre lunaire avec le mari de Kate"},"content":{"rendered":"<p>Dans l\u2019\u00e9mission <a href=\"https:\/\/www.closermag.fr\/tv_tele_realite\/c_a_vous\/du-grabuge-a-c-a-vous-ces-mots-danne-elisabeth-lemoine-qui-repondent-aux-rumeurs-dambiance-deletere-3550586\" target=\"_blank\" rel=\"noopener\"><br \/>\nC \u00e0 Vous<\/a> diffus\u00e9e ce mardi 16 septembre sur France 5,<br \/>\n<a href=\"https:\/\/www.closermag.fr\/people\/patrick-cohen-se-defend-dans-c-a-vous-et-ca-fait-hurler-un-homme-politique-tout-benef-3580190\" target=\"_blank\" rel=\"noopener\"><br \/>\nPatrick Cohen<\/a> est revenu sur <strong>une anecdote<br \/>\n\u00e9tonnante<\/strong> qui l\u2019a li\u00e9, il y a quelques ann\u00e9es, au <a href=\"https:\/\/www.closermag.fr\/royautes\/william-dechaine-en-caleche-avec-kate-cette-image-prise-sur-le-vif-qui-surprend-en-pleine-visite-detat-du-couple-trump-3580398\" target=\"_blank\" rel=\"noopener\"><br \/>\nprince William.<\/a> L\u2019histoire d\u00e9bute en 2017 lorsqu\u2019on pr\u00e9sente le<br \/>\njournaliste fran\u00e7ais \u00e0 l\u2019h\u00e9ritier du tr\u00f4ne britannique.<\/p>\n<p>Les \u00e9changes, pourtant solennels, prennent <strong>une tournure<br \/>\nassez amusante<\/strong>. Alors que William tente de d\u00e9couvrir le<br \/>\nvisage embl\u00e9matique des m\u00e9dias fran\u00e7ais, il comprend de travers les<br \/>\nexplications de son entourage. Convaincu que Patrick Cohen est\u2026 DJ,<br \/>\nle prince s\u2019adresse \u00e0 lui en ces termes : \u00ab\u00a0Vous \u00eates DJ, c\u2019est<br \/>\n\u00e7a ?\u00a0\u00bb, a-t-il demand\u00e9.<\/p>\n<p>Patrick Cohen : \u00ab\u00a0Je lui ai dit que j&rsquo;animais un programme\u00a0\u00bb<\/p>\n<p>Sur le plateau, fou rire g\u00e9n\u00e9ral et taquineries se succ\u00e8dent,<br \/>\n<a href=\"https:\/\/www.closermag.fr\/people\/alors-que-valery-giscard-destaing-anne-elisabeth-lemoine-ose-une-remarque-detonante-sur-lady-diana-3580276\" target=\"_blank\" rel=\"noopener\"><br \/>\nAnne-Elisabeth Lemoine<\/a> rebaptisant avec humour son chroniqueur<br \/>\n\u00ab\u00a0DJ Patouf\u00a0\u00bb. Patrick Cohen a rassur\u00e9 le clan royal en expliquant<br \/>\nqu\u2019il \u00e9tait journaliste et non disc-jockey, corrigeant ainsi le<br \/>\nquiproquo avec \u00e9l\u00e9gance. Durant la chronique du 5\/5 men\u00e9e par<br \/>\nLorrain S\u00e9n\u00e9chal, consacr\u00e9e \u00e0 la visite d\u2019\u00c9tat de Donald et Melania<br \/>\nTrump au Royaume-Uni, le chroniqueur a interpell\u00e9 Patrick Cohen :<br \/>\n\u00ab\u00a0Vous connaissez le prince William ? Vous <strong>l\u2019avez<br \/>\nrencontr\u00e9 en 2017.<\/strong>\u00ab\u00a0<\/p>\n<p>Le journaliste, amus\u00e9, a imm\u00e9diatement compris ce qui allait<br \/>\nsuivre : \u00ab\u00a0\u00c7a recommence&#8230;\u00a0\u00bb, a-t-il l\u00e2ch\u00e9, faussement<br \/>\nagac\u00e9. Le chroniqueur lui a alors lanc\u00e9 : \u00ab\u00a0Vous pensez que<br \/>\ndepuis il sait que vous n&rsquo;\u00eates pas DJ ?\u00a0\u00bb. Ce \u00e0 quoi Patrick<br \/>\nCohen a r\u00e9pondu : \u00ab\u00a0Oui, oui, mais je lui avais expliqu\u00e9 apr\u00e8s<br \/>\nque&#8230;\u00a0\u00bb. \u00ab\u00a0Ah, vous lui avez expliqu\u00e9 ?\u00a0\u00bb, a rench\u00e9ri le<br \/>\nchroniqueur. \u00ab\u00a0Ah oui, absolument, je lui ai dit que j&rsquo;animais<br \/>\nun programme. <strong>Une matinale et d&rsquo;information<\/strong>\u00ab\u00a0,<br \/>\na-t-il d\u00e9clar\u00e9.<\/p>\n<p><img loading=\"lazy\" decoding=\"async\" aria-describedby=\"caption-attachment-3580460\" itemprop=\"thumbnailUrl\" class=\"size-full wp-image-3580460 img-responsive\" src=\"https:\/\/www.europesays.com\/fr\/wp-content\/uploads\/2025\/09\/patrick-cohen-rencontre-le-prince-william.jpg\" alt=\"Patrick Cohen rencontre le prince William\" width=\"1300\" height=\"731\"\/> \u00a9 France 5<\/p>\n<p id=\"caption-attachment-3580460\" class=\"wp-caption-text\">En 2017,<br \/>\nPatrick Cohen avait rencontr\u00e9 le prince William.<\/p>\n<p>Une s\u00e9quence t\u00e9l\u00e9 et un souvenir<br \/>\nm\u00e9morable<\/p>\n<p>Cette s\u00e9quence insolite, remise \u00e0 l\u2019honneur lors d\u2019un instant<br \/>\nconsacr\u00e9 \u00e0 la visite d\u2019\u00c9tat de Donald et <a href=\"https:\/\/www.closermag.fr\/people\/melania-trump-au-royaume-uni-quel-est-le-prix-de-son-long-trench-burberry-clin-doeil-a-la-mode-british-3580334\" target=\"_blank\" rel=\"noopener\"><br \/>\nMelania Trump au Royaume-Uni<\/a>, aura permis \u00e0 Patrick Cohen et<br \/>\nses coll\u00e8gues de revivre <strong>un souvenir particuli\u00e8rement<br \/>\nsavoureux<\/strong>. Sur France 5, tout le plateau s\u2019est r\u00e9joui de<br \/>\nce moment sympathique o\u00f9, le temps d\u2019un instant, le protocole royal<br \/>\na laiss\u00e9 place \u00e0 la spontan\u00e9it\u00e9 et \u00e0 l\u2019humour.<\/p>\n<p>Malgr\u00e9 le contexte officiel, la venue du pr\u00e9sident am\u00e9ricain et<br \/>\nde son \u00e9pouse \u00e0 Windsor, c\u2019est bel et bien l\u2019anecdote lunaire avec<br \/>\nle prince William qui a ravi public et chroniqueurs ce soir-l\u00e0. Une<br \/>\nhistoire qui montre, une fois de plus, que les plus grands<br \/>\npersonnages peuvent aussi, parfois, se tromper de registre.<\/p>\n","protected":false},"excerpt":{"rendered":"Dans l\u2019\u00e9mission C \u00e0 Vous diffus\u00e9e ce mardi 16 septembre sur France 5, Patrick Cohen est revenu sur&hellip;\n","protected":false},"author":2,"featured_media":398334,"comment_status":"","ping_status":"","sticky":false,"template":"","format":"standard","meta":{"footnotes":""},"categories":[1359],"tags":[548,58,59,1011,27,13960,973],"class_list":{"0":"post-398333","1":"post","2":"type-post","3":"status-publish","4":"format-standard","5":"has-post-thumbnail","7":"category-people","8":"tag-article-simple","9":"tag-divertissement","10":"tag-entertainment","11":"tag-fr","12":"tag-france","13":"tag-patrick-cohen","14":"tag-people"},"share_on_mastodon":{"url":"https:\/\/pubeurope.com\/@fr\/115221607569106366","error":""},"_links":{"self":[{"href":"https:\/\/www.europesays.com\/fr\/wp-json\/wp\/v2\/posts\/398333","targetHints":{"allow":["GET"]}}],"collection":[{"href":"https:\/\/www.europesays.com\/fr\/wp-json\/wp\/v2\/posts"}],"about":[{"href":"https:\/\/www.europesays.com\/fr\/wp-json\/wp\/v2\/types\/post"}],"author":[{"embeddable":true,"href":"https:\/\/www.europesays.com\/fr\/wp-json\/wp\/v2\/users\/2"}],"replies":[{"embeddable":true,"href":"https:\/\/www.europesays.com\/fr\/wp-json\/wp\/v2\/comments?post=398333"}],"version-history":[{"count":0,"href":"https:\/\/www.europesays.com\/fr\/wp-json\/wp\/v2\/posts\/398333\/revisions"}],"wp:featuredmedia":[{"embeddable":true,"href":"https:\/\/www.europesays.com\/fr\/wp-json\/wp\/v2\/media\/398334"}],"wp:attachment":[{"href":"https:\/\/www.europesays.com\/fr\/wp-json\/wp\/v2\/media?parent=398333"}],"wp:term":[{"taxonomy":"category","embeddable":true,"href":"https:\/\/www.europesays.com\/fr\/wp-json\/wp\/v2\/categories?post=398333"},{"taxonomy":"post_tag","embeddable":true,"href":"https:\/\/www.europesays.com\/fr\/wp-json\/wp\/v2\/tags?post=398333"}],"curies":[{"name":"wp","href":"https:\/\/api.w.org\/{rel}","templated":true}]}}