{"id":398349,"date":"2025-09-17T20:56:11","date_gmt":"2025-09-17T20:56:11","guid":{"rendered":"https:\/\/www.europesays.com\/fr\/398349\/"},"modified":"2025-09-17T20:56:11","modified_gmt":"2025-09-17T20:56:11","slug":"si-la-france-est-representee-ce-sera-par-ce-film-qui-sest-deja-illustre-a-cannes","status":"publish","type":"post","link":"https:\/\/www.europesays.com\/fr\/398349\/","title":{"rendered":"si la France est repr\u00e9sent\u00e9e, ce sera par ce film qui s\u2019est d\u00e9j\u00e0 illustr\u00e9 \u00e0 Cannes"},"content":{"rendered":"<p>        <img decoding=\"async\" loading=\"lazy\" src=\"https:\/\/www.europesays.com\/fr\/wp-content\/uploads\/2025\/09\/e67228a_upload-1-m6cc6bvs40s5-un-simple-accident-palme-da-or-festivaldecannes-competition-2025-un-fi.jpeg\"  width=\"728\" height=\"409\" alt=\"Oscars 2026\u00a0: si la France est repr\u00e9sent\u00e9e, ce sera par \u00ab\u00a0Un simple accident\u00a0\u00bb de Jafar Panahi, qui a d\u00e9j\u00e0 remport\u00e9 la Palme d\u2019Or \u00e0 Cannes.\"\/>  <\/p>\n<p>Jafar Panahi Productions et Les Films Pell\u00e9as<\/p>\n<p>Oscars 2026\u00a0: si la France est repr\u00e9sent\u00e9e, ce sera par \u00ab\u00a0Un simple accident\u00a0\u00bb de Jafar Panahi, qui a d\u00e9j\u00e0 remport\u00e9 la Palme d\u2019Or \u00e0 Cannes.<\/p>\n<p class=\"asset asset-text\">CIN\u00c9MA &#8211; Une bonne nouvelle pour le r\u00e9alisateur, m\u00eame si la route est encore (tr\u00e8s) longue. Une commission du Centre national du cin\u00e9ma et de l\u2019image anim\u00e9e (CNC) a choisi ce mercredi 17\u00a0septembre d\u2019envoyer le film Un simple accident de Jafar Panahi pour repr\u00e9senter la France l\u2019ann\u00e9e prochaine aux <a href=\"https:\/\/www.huffingtonpost.fr\/culture\/article\/aux-oscars-2026-ce-pays-du-pacifique-concourt-pour-la-premiere-fois-avec-un-film-symbolique_254042.html\" target=\"_blank\" rel=\"noopener\">Oscars 2026<\/a>, dans la cat\u00e9gorie \u00ab\u00a0film \u00e9tranger\u00a0\u00bb. Le long-m\u00e9trage, qui a rafl\u00e9 la Palme d\u2019Or lors du dernier Festival de Cannes, l\u2019a emport\u00e9 face \u00e0 <a href=\"https:\/\/www.huffingtonpost.fr\/culture\/article\/oscars-2026-si-la-france-est-representee-ce-sera-avec-l-un-de-ces-films_254665.html\" target=\"_blank\" rel=\"noopener\">quatre autres films pr\u00e9s\u00e9lectionn\u00e9s<\/a>.<\/p>\n<p class=\"asset asset-text\">Il a \u00e9t\u00e9 tourn\u00e9 clandestinement par Jafar Panahi, qui a connu la prison \u00e0 deux reprises dans son pays d\u2019origine, o\u00f9 il est retourn\u00e9 apr\u00e8s l\u2019obtention de sa r\u00e9compense. L\u2019homme de 65\u00a0ans est une figure majeure du cin\u00e9ma iranien, d\u00e9j\u00e0 r\u00e9compens\u00e9 notamment \u00e0 Berlin et \u00e0 Venise. \u00ab\u00a0Apr\u00e8s avoir remport\u00e9 la <a href=\"https:\/\/www.huffingtonpost.fr\/culture\/video\/la-palme-d-or-du-festival-de-cannes-2025-et-tout-le-palmares-de-cette-78e-edition_250455.html\" target=\"_blank\" rel=\"noopener\">Palme d\u2019Or<\/a> \u00e0 Cannes, Un simple accident s\u2019envole maintenant pour les Oscars\u00a0\u00bb, a d\u00e9clar\u00e9 Ga\u00ebtan Bruel, le pr\u00e9sident du CNC.<\/p>\n<p class=\"asset asset-text\">Il a salu\u00e9 le travail de l\u2019\u00ab\u00a0immense cin\u00e9aste\u00a0\u00bb iranien Jafar Panahi, \u00ab\u00a0r\u00e9alis\u00e9 avec le soutien d\u00e9terminant de la France et notamment du CNC\u00a0\u00bb. Ce long-m\u00e9trage est \u00ab\u00a0la preuve que notre pays, 130\u00a0ans apr\u00e8s avoir invent\u00e9 le cin\u00e9ma, est le c\u0153ur battant des coproductions internationales et une terre d\u2019accueil pour les cr\u00e9ateurs du monde entier\u00a0\u00bb, a poursuivi Ga\u00ebtan Bruel, \u00ab\u00a0je lui souhaite de remporter la prestigieuse statuette.\u00a0\u00bb<\/p>\n<p>    La France ne saura pas de sit\u00f4t si elle figure parmi les 5\u00a0nomm\u00e9s    <\/p>\n<p class=\"asset asset-text\">\u00ab\u00a0Je suis tr\u00e8s heureux parce que ce film a un message tellement fort politiquement que plus il r\u00e9sonnera, plus il sera vu, plus on en parlera et mieux ce sera\u00a0\u00bb, s\u2019est f\u00e9licit\u00e9 Philippe Martin, fondateur des Films de Pell\u00e9as, qui a co-produit le film. Interrog\u00e9 par l\u2019AFP, il a aussi rappel\u00e9 que <a href=\"https:\/\/www.huffingtonpost.fr\/culture\/video\/jafar-panahi-palme-d-or-au-festival-de-cannes-2025-livre-un-discours-puissant-pour-la-liberte-de-l-iran_250477.html\" target=\"_blank\" rel=\"noopener\">Jafar Panahi<\/a> n\u2019a encore jamais concouru aux Oscars, puisque \u00ab\u00a0le seul moyen\u00a0\u00bb d\u2019y parvenir est \u00ab\u00a0d\u2019\u00eatre repr\u00e9sent\u00e9 par un pays\u00a0\u00bb, or l\u2019Iran n\u2019a jamais voulu \u00eatre repr\u00e9sent\u00e9 par lui.<\/p>\n<p class=\"asset asset-text\">Il faudra entendre encore longtemps, non seulement pour savoir si Un simple accident remportera l\u2019Oscar du film \u00e9tranger, mais aussi pour savoir si la France figurera bien parmi les nomm\u00e9s ou non. Chaque ann\u00e9e, une multitude de pays envoient des films pour les repr\u00e9senter lors de la prestigieuse c\u00e9r\u00e9monie et la plupart misent sur des valeurs s\u00fbres, \u00e0 l\u2019image de la Belgique qui a s\u00e9lectionn\u00e9 un film des fr\u00e8res Dardenne.<\/p>\n<p class=\"asset asset-text\">Pour savoir si la France a une chance de d\u00e9crocher la timbale en 2026, il faudra attendre le 16\u00a0d\u00e9cembre, lorsque l\u2019Acad\u00e9mie des Oscars r\u00e9v\u00e9lera la liste des 15\u00a0longs-m\u00e9trages pr\u00e9s\u00e9lectionn\u00e9s parmi les candidatures. Si le film de Jafar Panahi passe cette \u00e9tape, le prochain rendez-vous sera le 22\u00a0janvier avec l\u2019annonce de la short-list finale des 5\u00a0nomm\u00e9s pour le \u00ab\u00a0Meilleur film \u00e9tranger\u00a0\u00bb. Le grand gagnant ne sera ensuite connu que le 15\u00a0mars prochain, lors de la c\u00e9r\u00e9monie tourn\u00e9e en direct au Dolby Theatre de Los Angeles.<\/p>\n","protected":false},"excerpt":{"rendered":"Jafar Panahi Productions et Les Films Pell\u00e9as Oscars 2026\u00a0: si la France est repr\u00e9sent\u00e9e, ce sera par \u00ab\u00a0Un&hellip;\n","protected":false},"author":2,"featured_media":398350,"comment_status":"","ping_status":"","sticky":false,"template":"","format":"standard","meta":{"footnotes":""},"categories":[8],"tags":[650,251,58,59,2081,1011,27,37354],"class_list":{"0":"post-398349","1":"post","2":"type-post","3":"status-publish","4":"format-standard","5":"has-post-thumbnail","7":"category-divertissement","8":"tag-cinema","9":"tag-culture","10":"tag-divertissement","11":"tag-entertainment","12":"tag-film","13":"tag-fr","14":"tag-france","15":"tag-oscars-du-cinema"},"share_on_mastodon":{"url":"https:\/\/pubeurope.com\/@fr\/115221639267376573","error":""},"_links":{"self":[{"href":"https:\/\/www.europesays.com\/fr\/wp-json\/wp\/v2\/posts\/398349","targetHints":{"allow":["GET"]}}],"collection":[{"href":"https:\/\/www.europesays.com\/fr\/wp-json\/wp\/v2\/posts"}],"about":[{"href":"https:\/\/www.europesays.com\/fr\/wp-json\/wp\/v2\/types\/post"}],"author":[{"embeddable":true,"href":"https:\/\/www.europesays.com\/fr\/wp-json\/wp\/v2\/users\/2"}],"replies":[{"embeddable":true,"href":"https:\/\/www.europesays.com\/fr\/wp-json\/wp\/v2\/comments?post=398349"}],"version-history":[{"count":0,"href":"https:\/\/www.europesays.com\/fr\/wp-json\/wp\/v2\/posts\/398349\/revisions"}],"wp:featuredmedia":[{"embeddable":true,"href":"https:\/\/www.europesays.com\/fr\/wp-json\/wp\/v2\/media\/398350"}],"wp:attachment":[{"href":"https:\/\/www.europesays.com\/fr\/wp-json\/wp\/v2\/media?parent=398349"}],"wp:term":[{"taxonomy":"category","embeddable":true,"href":"https:\/\/www.europesays.com\/fr\/wp-json\/wp\/v2\/categories?post=398349"},{"taxonomy":"post_tag","embeddable":true,"href":"https:\/\/www.europesays.com\/fr\/wp-json\/wp\/v2\/tags?post=398349"}],"curies":[{"name":"wp","href":"https:\/\/api.w.org\/{rel}","templated":true}]}}