{"id":398356,"date":"2025-09-17T21:00:15","date_gmt":"2025-09-17T21:00:15","guid":{"rendered":"https:\/\/www.europesays.com\/fr\/398356\/"},"modified":"2025-09-17T21:00:15","modified_gmt":"2025-09-17T21:00:15","slug":"les-patronnes-de-france-tv-et-radio-france-ripostent-contre-les-medias-bollore","status":"publish","type":"post","link":"https:\/\/www.europesays.com\/fr\/398356\/","title":{"rendered":"les patronnes de France TV et Radio France ripostent contre les m\u00e9dias Bollor\u00e9"},"content":{"rendered":"<p>        <img decoding=\"async\" loading=\"lazy\" src=\"https:\/\/www.europesays.com\/fr\/wp-content\/uploads\/2025\/09\/7d8388a_upload-1-a6qllupgvw5t-afp-20180604-15l6an-v1-highres-francemediagovernment.jpg\"  width=\"728\" height=\"409\" alt=\"Affaire Legrand-Cohen\u00a0: les patronnes de France TV (Sibyle Veil, au milieu) et de Radio France (Delphine Ernotte Cunci, \u00e0 gauche) ripostent contre les m\u00e9dias Bollor\u00e9. (photo d\u2019illustration)\"\/>  <\/p>\n<p>FRANCOIS GUILLOT \/ AFP<\/p>\n<p>Affaire Legrand-Cohen\u00a0: les patronnes de France TV (Sibyle Veil, au milieu) et de Radio France (Delphine Ernotte Cunci, \u00e0 gauche) ripostent contre les m\u00e9dias Bollor\u00e9. (photo d\u2019illustration)<\/p>\n<p class=\"asset asset-text\">M\u00c9DIAS &#8211; Des \u00ab\u00a0fous\u00a0\u00bb, qui \u00ab\u00a0complotent\u00a0\u00bb ou qui \u00ab\u00a0donnent des le\u00e7ons\u00a0\u00bb. Les m\u00e9dias de la galaxie Bollor\u00e9 n\u2019y sont pas all\u00e9s de main morte dans leur critique de l\u2019audiovisuel public, dans le sillage de l\u2019<a href=\"https:\/\/www.huffingtonpost.fr\/medias\/article\/apres-la-polemique-cohen-legrand-l-arcom-convoque-les-deux-cheffes-de-l-audiovisuel-public_254701.html\" target=\"_blank\" rel=\"noopener\">affaire Legrand-Cohen<\/a>. Face \u00e0 ces attaques r\u00e9p\u00e9t\u00e9es, les patronnes de <a href=\"https:\/\/www.huffingtonpost.fr\/medias\/article\/le-traitement-du-10-septembre-par-lea-salame-au-20-heures-de-france-2-fait-grincer-des-dents-chez-france-televisions_254688.html\" target=\"_blank\" rel=\"noopener\">France T\u00e9l\u00e9visions<\/a> et de Radio France sont mont\u00e9es au cr\u00e9neau ce mercredi 17\u00a0septembre.<\/p>\n<p class=\"asset asset-text\">Dans un courrier adress\u00e9 \u00e0 l\u2019Arcom et consult\u00e9 par l\u2019AFP, Delphine Ernotte Cunci et Sibyle Veil d\u00e9noncent la \u00ab\u00a0compagne de d\u00e9nigrement syst\u00e9matique et quotidienne\u00a0\u00bb dont fait l\u2019objet l\u2019audiovisuel public de la part d\u2019\u00ab\u00a0un autre groupe de m\u00e9dias, en particulier les antennes de la cha\u00eene de t\u00e9l\u00e9vision CNews et de la station de radio Europe 1\u00a0\u00bb. Sollicit\u00e9s par l\u2019AFP pour r\u00e9agir \u00e0 ces accusations, aucun de ces deux m\u00e9dias n\u2019a r\u00e9pondu dans l\u2019imm\u00e9diat.<\/p>\n<p class=\"asset asset-text\">Deux camps m\u00e9diatiques se font face. D\u2019un c\u00f4t\u00e9 les m\u00e9dias priv\u00e9s dans le giron du milliardaire conservateur <a href=\"https:\/\/www.huffingtonpost.fr\/medias\/article\/le-parisien-bientot-vendu-a-vincent-bollore-les-journalistes-du-groupe-s-y-opposent-fermement_254630.html\" target=\"_blank\" rel=\"noopener\">Vincent Bollor\u00e9<\/a>, qui accusent l\u2019audiovisuel public de parti pris pour la gauche. De l\u2019autre les deux groupes de m\u00e9dias publics qui contre-attaquent et font appel au r\u00e9gulateur de l\u2019audiovisuel. \u00c0 un an et demi de la pr\u00e9sidentielle de 2027, une telle opposition est in\u00e9dite dans l\u2019histoire m\u00e9diatique fran\u00e7aise.<\/p>\n<p>    Des attaques qui \u00ab\u00a0fragilisent le d\u00e9bat d\u00e9mocratique\u00a0\u00bb    <\/p>\n<p class=\"asset asset-text\">Le d\u00e9clencheur des hostilit\u00e9s a \u00e9t\u00e9 une vid\u00e9o diffus\u00e9e d\u00e9but septembre par le m\u00e9dia d\u2019extr\u00eame droite L\u2019Incorrect, fond\u00e9 par un proche de Marion Mar\u00e9chal, et qui a suscit\u00e9 une vive pol\u00e9mique politico-m\u00e9diatique. Film\u00e9e en juillet dans un restaurant parisien, la vid\u00e9o montre Thomas Legrand, chroniqueur \u00e0 Lib\u00e9ration et France Inter, et Patrick Cohen, qui intervient sur France Inter et sur France 5, \u00e9changer avec deux responsables du Parti socialiste.<\/p>\n<p class=\"asset asset-text\">Au cours de cette discussion, Thomas Legrand d\u00e9clare\u00a0: \u00ab\u00a0Nous, on fait ce qu\u2019il faut pour [Rachida] Dati, Patrick [Cohen] et moi\u00a0\u00bb. Des propos qui ont valu aux deux journalistes des accusations de connivence avec le PS et de parti pris \u00e0 l\u2019encontre de la ministre de la Culture sortante. Les deux hommes ont demand\u00e9 par huissier \u00e0 L\u2019Incorrect l\u2019int\u00e9gralit\u00e9 des images vid\u00e9o, sans montage. Le m\u00e9dia d\u2019extr\u00eame droite a indiqu\u00e9 mercredi soir avoir fait constater par huissier que les images brutes \u00e9taient \u00ab\u00a0conformes aux propos\u00a0\u00bb publi\u00e9s. \u00ab\u00a0Il n\u2019y a pas de propos qu\u2019on leur fait dire qu\u2019ils ne disent pas\u00a0\u00bb, a d\u00e9clar\u00e9 \u00e0 l\u2019AFP le directeur de la r\u00e9daction, Arthur de Watrigant.<\/p>\n<p class=\"asset asset-text\">Thomas Legrand a <a href=\"https:\/\/www.huffingtonpost.fr\/medias\/article\/thomas-legrand-renonce-a-son-emission-sur-france-inter-pres-la-video-polemique-avec-le-ps_254623.html\" target=\"_blank\" rel=\"noopener\">renonc\u00e9 \u00e0 son \u00e9mission dominicale<\/a> sur France Inter, mais continuera d\u2019intervenir \u00e0 l\u2019antenne. Cette affaire a \u00e9t\u00e9 amplement comment\u00e9e sur CNews, Europe 1 et le Journal du dimanche (JDD) \u2013 tous dans le giron de M. Bollor\u00e9 \u2013, qui y ont vu un signe de parti pris politique du service public. Mais pour Delphine Ernotte Cunci et Sibyle Veil, \u00ab\u00a0le caract\u00e8re outrancier et d\u00e9s\u00e9quilibr\u00e9 de cette campagne d\u00e9passe d\u00e9sormais le simple d\u00e9bat d\u2019opinions\u00a0\u00bb.<\/p>\n<p class=\"asset asset-text\">Les deux femmes, qui devaient \u00eatre entendues ce mercredi apr\u00e8s-midi par l\u2019Arcom au sujet de l\u2019affaire Legrand-Cohen, ont estim\u00e9 que la campagne des m\u00e9dias Bollor\u00e9 \u00ab\u00a0contribue \u00e0 miner la confiance dans l\u2019information de service public, \u00e0 relativiser la responsabilit\u00e9 de l\u2019acte d\u2019informer \u2013 qui suppose honn\u00eatet\u00e9 et rigueur \u2013 et [\u2026] \u00e0 fragiliser la qualit\u00e9 du d\u00e9bat d\u00e9mocratique\u00a0\u00bb.<\/p>\n<p>                     Pascal Praud fustige l\u2019\u00ab\u00a0offensive\u00a0\u00bb des \u00ab\u00a0bien-pensants\u00a0\u00bb    <\/p>\n<p class=\"asset asset-text\">\u00ab\u00a0La libert\u00e9 d\u2019expression ne saurait \u00eatre instrumentalis\u00e9e dans l\u2019objectif d\u2019affaiblir le service public audiovisuel\u00a0\u00bb, insistent-elles. Elles pointent le \u00ab\u00a0temps d\u2019antenne tr\u00e8s significatif\u00a0\u00bb consacr\u00e9 par <a href=\"https:\/\/www.huffingtonpost.fr\/medias\/article\/sur-cnews-jean-marc-morandini-de-retour-dans-le-grand-studio-et-c-est-tout-sauf-un-detail_253961.html\" target=\"_blank\" rel=\"noopener\">CNews<\/a> et Europe 1 \u00e0 des \u00ab\u00a0propos d\u00e9nigrants\u00a0\u00bb. \u00ab\u00a0Nous aimerions conna\u00eetre votre position sur le sujet\u00a0\u00bb, concluent les dirigeantes, en interpellant le pr\u00e9sident de l\u2019Arcom, Martin Ajdari.<\/p>\n<p class=\"asset asset-text\">Bien avant cette affaire, les m\u00e9dias dans le giron de Vincent Bollor\u00e9 ont fr\u00e9quemment accus\u00e9 l\u2019audiovisuel public de pencher \u00e0 gauche, notamment dans son traitement des questions d\u2019immigration et d\u2019ins\u00e9curit\u00e9. Jusqu\u2019\u00e0 ces derniers jours, les groupes publics n\u2019avaient jamais directement r\u00e9pondu. <a href=\"https:\/\/www.huffingtonpost.fr\/medias\/article\/ce-directeur-de-radio-france-s-en-prend-a-cnews-et-europe-1-negation-du-journalisme_254791.html\" target=\"_blank\" rel=\"noopener\">Radio France<\/a> a \u00e9t\u00e9 le premier \u00e0 changer de braquet. Samedi, deux hauts responsables sont publiquement mont\u00e9s au cr\u00e9neau pour r\u00e9futer les accusations.<\/p>\n<p class=\"asset asset-text\">Ce n\u2019\u00e9tait pas assez pour calmer les m\u00e9dias bollor\u00e9ens. \u00ab\u00a0Ces gens deviennent fous\u00a0\u00bb, a ass\u00e9n\u00e9 lundi la vedette de CNews, Pascal Praud, en ouverture de son \u00e9mission L\u2019heure des pros. S\u2019insurgeant contre l\u2019\u00ab\u00a0offensive tous azimuts\u00a0\u00bb des \u00ab\u00a0bien-pensants\u00a0\u00bb, il a assur\u00e9 que \u00ab\u00a0la presse Bollor\u00e9\u00a0\u00bb est \u00ab\u00a0une presse libre et ind\u00e9pendante\u00a0\u00bb.<\/p>\n<p class=\"asset asset-text\">L\u2019homme d\u2019affaires breton est devenu une figure sulfureuse, de nombreux m\u00e9dias n\u2019h\u00e9sitant plus \u00e0 affirmer qu\u2019il impose une ligne \u00e9ditoriale stricte et tr\u00e8s politique \u00e0 son empire m\u00e9diatique. <a href=\"https:\/\/www.telerama.fr\/debats-reportages\/et-maintenant-au-tour-du-parisien-vincent-bollore-dix-ans-d-emprise-methodique-sur-les-medias-7027390.php\" target=\"_blank\" rel=\"noopener\" title=\"Nouvelle fen\u00eatre\">T\u00e9l\u00e9rama<\/a> l\u2019a notamment d\u00e9crit comme un \u00ab\u00a0rouleau compresseur manag\u00e9rial et id\u00e9ologique\u00a0\u00bb promouvant \u00ab\u00a0des id\u00e9es conservatrices et r\u00e9actionnaires\u00a0\u00bb, quand <a href=\"https:\/\/www.france24.com\/fr\/france\/20240702-comment-bollor%C3%A9-et-son-empire-m%C3%A9diatique-ont-port%C3%A9-l-extr%C3%AAme-droite-aux-portes-du-pouvoir\" target=\"_blank\" rel=\"noopener\" title=\"Nouvelle fen\u00eatre\">France 24<\/a>\u00a0a carr\u00e9ment affirm\u00e9 que ses m\u00e9dias ont \u00e9t\u00e9 \u00ab\u00a0au service de l\u2019extr\u00eame droite\u00a0\u00bb lors de la campagne des l\u00e9gislatives.<\/p>\n","protected":false},"excerpt":{"rendered":"FRANCOIS GUILLOT \/ AFP Affaire Legrand-Cohen\u00a0: les patronnes de France TV (Sibyle Veil, au milieu) et de Radio&hellip;\n","protected":false},"author":2,"featured_media":398357,"comment_status":"","ping_status":"","sticky":false,"template":"","format":"standard","meta":{"footnotes":""},"categories":[4],"tags":[11,6586,251,11255,1011,27,2400,500,12,10316,25,1022],"class_list":{"0":"post-398356","1":"post","2":"type-post","3":"status-publish","4":"format-standard","5":"has-post-thumbnail","7":"category-france","8":"tag-actualites","9":"tag-audiovisuel-public","10":"tag-culture","11":"tag-delphine-ernotte","12":"tag-fr","13":"tag-france","14":"tag-france-televisions","15":"tag-medias","16":"tag-news","17":"tag-radio-france","18":"tag-republique-francaise","19":"tag-vincent-bollore"},"share_on_mastodon":{"url":"https:\/\/pubeurope.com\/@fr\/115221655200647924","error":""},"_links":{"self":[{"href":"https:\/\/www.europesays.com\/fr\/wp-json\/wp\/v2\/posts\/398356","targetHints":{"allow":["GET"]}}],"collection":[{"href":"https:\/\/www.europesays.com\/fr\/wp-json\/wp\/v2\/posts"}],"about":[{"href":"https:\/\/www.europesays.com\/fr\/wp-json\/wp\/v2\/types\/post"}],"author":[{"embeddable":true,"href":"https:\/\/www.europesays.com\/fr\/wp-json\/wp\/v2\/users\/2"}],"replies":[{"embeddable":true,"href":"https:\/\/www.europesays.com\/fr\/wp-json\/wp\/v2\/comments?post=398356"}],"version-history":[{"count":0,"href":"https:\/\/www.europesays.com\/fr\/wp-json\/wp\/v2\/posts\/398356\/revisions"}],"wp:featuredmedia":[{"embeddable":true,"href":"https:\/\/www.europesays.com\/fr\/wp-json\/wp\/v2\/media\/398357"}],"wp:attachment":[{"href":"https:\/\/www.europesays.com\/fr\/wp-json\/wp\/v2\/media?parent=398356"}],"wp:term":[{"taxonomy":"category","embeddable":true,"href":"https:\/\/www.europesays.com\/fr\/wp-json\/wp\/v2\/categories?post=398356"},{"taxonomy":"post_tag","embeddable":true,"href":"https:\/\/www.europesays.com\/fr\/wp-json\/wp\/v2\/tags?post=398356"}],"curies":[{"name":"wp","href":"https:\/\/api.w.org\/{rel}","templated":true}]}}