{"id":398363,"date":"2025-09-17T21:04:50","date_gmt":"2025-09-17T21:04:50","guid":{"rendered":"https:\/\/www.europesays.com\/fr\/398363\/"},"modified":"2025-09-17T21:04:50","modified_gmt":"2025-09-17T21:04:50","slug":"le-centre-santifontaine-ouvre-ses-portes-aux-visiteurs-pour-le-week-end","status":"publish","type":"post","link":"https:\/\/www.europesays.com\/fr\/398363\/","title":{"rendered":"Le centre Santifontaine ouvre ses portes aux visiteurs pour le week-end"},"content":{"rendered":"<p>\u00c0 l\u2019occasion des Journ\u00e9es europ\u00e9ennes du patrimoine, le Centre D\u2019\u00e9ducation pour D\u00e9ficients Visuels Santifontaine ouvre exceptionnellement ses portes pour une visite in\u00e9dite de ses locaux, et notamment de sa grande chapelle.<\/p>\n<p>Vous pourrez y d\u00e9couvrir une exposition retra\u00e7ant les d\u00e9buts de l\u2019\u00e9tablissement, avec des documents d\u2019archives et du mat\u00e9riel d\u2019\u00e9poque. Une plong\u00e9e \u00e9mouvante dans l\u2019histoire d\u2019un lieu au service de l\u2019humain plus de 150 ans.<\/p>\n<p>Les visiteurs auront la possibilit\u00e9 d\u2019assister samedi \u00e0 10\u00a0h\u00a030 \u00e0 la conf\u00e9rence donn\u00e9e par le docteur Chantal Caissial sur le th\u00e8me\u00a0: \u00ab\u00a0Accompagner des d\u00e9ficients visuels\u00a0: des pr\u00e9curseurs \u00e0 aujourd\u2019hui, l\u2019exemple de Santifontaine\u00a0\u00bb. Dimanche, les visiteurs pourront profiter de la toute premi\u00e8re brocante organis\u00e9e par Santifontaine et la Fondation Nicolas Gridel dans le magnifique parc de ce lieu embl\u00e9matique de l\u2019inclusion des personnes d\u00e9ficientes visuelles.<\/p>\n<p class=\"note\">Samedi\u00a020 et dimanche 21\u00a0septembre, de 9\u00a0h \u00e0 17\u00a0h\u00a0 8, rue de Santifontaine. Brocante dimanche d\u00e8s 8\u00a0h.<\/p>\n","protected":false},"excerpt":{"rendered":"\u00c0 l\u2019occasion des Journ\u00e9es europ\u00e9ennes du patrimoine, le Centre D\u2019\u00e9ducation pour D\u00e9ficients Visuels Santifontaine ouvre exceptionnellement ses portes&hellip;\n","protected":false},"author":2,"featured_media":398364,"comment_status":"","ping_status":"","sticky":false,"template":"","format":"standard","meta":{"footnotes":""},"categories":[9635],"tags":[1111,11,1687,1704,1777,674,1011,27,775,1702,1703,12,2661,25],"class_list":{"0":"post-398363","1":"post","2":"type-post","3":"status-publish","4":"format-standard","5":"has-post-thumbnail","7":"category-nancy","8":"tag-actu","9":"tag-actualites","10":"tag-culture-loisirs","11":"tag-edition-nancy-et-agglomeration","12":"tag-eu","13":"tag-europe","14":"tag-fr","15":"tag-france","16":"tag-grand-est","17":"tag-nancy","18":"tag-nancy-ville-54b","19":"tag-news","20":"tag-patrimoine-culturel","21":"tag-republique-francaise"},"share_on_mastodon":{"url":"https:\/\/pubeurope.com\/@fr\/115221674380332748","error":""},"_links":{"self":[{"href":"https:\/\/www.europesays.com\/fr\/wp-json\/wp\/v2\/posts\/398363","targetHints":{"allow":["GET"]}}],"collection":[{"href":"https:\/\/www.europesays.com\/fr\/wp-json\/wp\/v2\/posts"}],"about":[{"href":"https:\/\/www.europesays.com\/fr\/wp-json\/wp\/v2\/types\/post"}],"author":[{"embeddable":true,"href":"https:\/\/www.europesays.com\/fr\/wp-json\/wp\/v2\/users\/2"}],"replies":[{"embeddable":true,"href":"https:\/\/www.europesays.com\/fr\/wp-json\/wp\/v2\/comments?post=398363"}],"version-history":[{"count":0,"href":"https:\/\/www.europesays.com\/fr\/wp-json\/wp\/v2\/posts\/398363\/revisions"}],"wp:featuredmedia":[{"embeddable":true,"href":"https:\/\/www.europesays.com\/fr\/wp-json\/wp\/v2\/media\/398364"}],"wp:attachment":[{"href":"https:\/\/www.europesays.com\/fr\/wp-json\/wp\/v2\/media?parent=398363"}],"wp:term":[{"taxonomy":"category","embeddable":true,"href":"https:\/\/www.europesays.com\/fr\/wp-json\/wp\/v2\/categories?post=398363"},{"taxonomy":"post_tag","embeddable":true,"href":"https:\/\/www.europesays.com\/fr\/wp-json\/wp\/v2\/tags?post=398363"}],"curies":[{"name":"wp","href":"https:\/\/api.w.org\/{rel}","templated":true}]}}