{"id":398365,"date":"2025-09-17T21:05:13","date_gmt":"2025-09-17T21:05:13","guid":{"rendered":"https:\/\/www.europesays.com\/fr\/398365\/"},"modified":"2025-09-17T21:05:13","modified_gmt":"2025-09-17T21:05:13","slug":"nancy-lacademie-de-stanislas-ouvre-ses-portes","status":"publish","type":"post","link":"https:\/\/www.europesays.com\/fr\/398365\/","title":{"rendered":"Nancy. L\u2019Acad\u00e9mie de Stanislas ouvre ses portes"},"content":{"rendered":"<p>L\u2019Acad\u00e9mie de Stanislas ouvrira ses portes au public le samedi 20\u00a0septembre, de 14\u00a0h \u00e0 18\u00a0h, dans le cadre des 42es  Journ\u00e9es europ\u00e9ennes du patrimoine.<\/p>\n<p>L\u2019occasion pour le public de d\u00e9couvrir le portrait de Stanislas du XVIIIe \u00a0si\u00e8cle qui, apr\u00e8s avoir pass\u00e9 70 ans dans un appartement parisien, a \u00e9t\u00e9 offert l\u2019an dernier \u00e0 l\u2019Acad\u00e9mie.<\/p>\n<p class=\"note\">43, rue Stanislas, \u00e0 Nancy. Bus\u00a0: ligne Tempo 2, Tempo 4, Corol, arr\u00eat place Dombasle.<\/p>\n","protected":false},"excerpt":{"rendered":"L\u2019Acad\u00e9mie de Stanislas ouvrira ses portes au public le samedi 20\u00a0septembre, de 14\u00a0h \u00e0 18\u00a0h, dans le cadre&hellip;\n","protected":false},"author":2,"featured_media":398366,"comment_status":"","ping_status":"","sticky":false,"template":"","format":"standard","meta":{"footnotes":""},"categories":[9635],"tags":[1111,11,1687,1704,1777,674,1011,27,775,1702,1703,12,2661,25],"class_list":{"0":"post-398365","1":"post","2":"type-post","3":"status-publish","4":"format-standard","5":"has-post-thumbnail","7":"category-nancy","8":"tag-actu","9":"tag-actualites","10":"tag-culture-loisirs","11":"tag-edition-nancy-et-agglomeration","12":"tag-eu","13":"tag-europe","14":"tag-fr","15":"tag-france","16":"tag-grand-est","17":"tag-nancy","18":"tag-nancy-ville-54b","19":"tag-news","20":"tag-patrimoine-culturel","21":"tag-republique-francaise"},"share_on_mastodon":{"url":"https:\/\/pubeurope.com\/@fr\/115221674438888813","error":""},"_links":{"self":[{"href":"https:\/\/www.europesays.com\/fr\/wp-json\/wp\/v2\/posts\/398365","targetHints":{"allow":["GET"]}}],"collection":[{"href":"https:\/\/www.europesays.com\/fr\/wp-json\/wp\/v2\/posts"}],"about":[{"href":"https:\/\/www.europesays.com\/fr\/wp-json\/wp\/v2\/types\/post"}],"author":[{"embeddable":true,"href":"https:\/\/www.europesays.com\/fr\/wp-json\/wp\/v2\/users\/2"}],"replies":[{"embeddable":true,"href":"https:\/\/www.europesays.com\/fr\/wp-json\/wp\/v2\/comments?post=398365"}],"version-history":[{"count":0,"href":"https:\/\/www.europesays.com\/fr\/wp-json\/wp\/v2\/posts\/398365\/revisions"}],"wp:featuredmedia":[{"embeddable":true,"href":"https:\/\/www.europesays.com\/fr\/wp-json\/wp\/v2\/media\/398366"}],"wp:attachment":[{"href":"https:\/\/www.europesays.com\/fr\/wp-json\/wp\/v2\/media?parent=398365"}],"wp:term":[{"taxonomy":"category","embeddable":true,"href":"https:\/\/www.europesays.com\/fr\/wp-json\/wp\/v2\/categories?post=398365"},{"taxonomy":"post_tag","embeddable":true,"href":"https:\/\/www.europesays.com\/fr\/wp-json\/wp\/v2\/tags?post=398365"}],"curies":[{"name":"wp","href":"https:\/\/api.w.org\/{rel}","templated":true}]}}