{"id":39837,"date":"2025-04-20T21:15:09","date_gmt":"2025-04-20T21:15:09","guid":{"rendered":"https:\/\/www.europesays.com\/fr\/39837\/"},"modified":"2025-04-20T21:15:09","modified_gmt":"2025-04-20T21:15:09","slug":"tara-miss-esmeralda-de-la-foire-du-trone-toutes-les-petites-foraines-revent-detre-un-jour-sacrees-reines","status":"publish","type":"post","link":"https:\/\/www.europesays.com\/fr\/39837\/","title":{"rendered":"Tara, Miss Esmeralda de la Foire du Tr\u00f4ne\u00a0: \u00ab\u00a0Toutes les petites foraines r\u00eavent d\u2019\u00eatre un jour sacr\u00e9es\u00a0reines\u00a0\u00bb"},"content":{"rendered":"<p class=\"paragraph text_align_left\">Ils proposent des croustillons ou des pommes d\u2019amour. Ils vendent des jetons d\u2019auto-tamponneuses, des tickets du Grand Huit ou de la tour g\u00e9ante \u00e0 nacelles avec propulsion puis chute libre. Ils font tourner la roue de la loterie ou g\u00e8rent les machines \u00e0 pinces pour tenter de vous faire gagner un ours en peluche. P\u2019tit Louis, \u00c9milie, G\u00e9no, Tara et Karl sont les rois et les reines de la Foire du Tr\u00f4ne 2025 qui anime la pelouse de Reuilly \u00e0 Paris (XIIe) jusqu\u2019au 9 juin. Bienvenue dans la vie de ceux qui font la plus grande f\u00eate foraine de France qui accueille, les grands jours, jusqu\u2019\u00e0 100 000 visiteurs.<\/p>\n","protected":false},"excerpt":{"rendered":"Ils proposent des croustillons ou des pommes d\u2019amour. Ils vendent des jetons d\u2019auto-tamponneuses, des tickets du Grand Huit&hellip;\n","protected":false},"author":2,"featured_media":39838,"comment_status":"","ping_status":"","sticky":false,"template":"","format":"standard","meta":{"footnotes":""},"categories":[1888],"tags":[1111,1928,11,1927,872,1777,674,1011,27,1944,12,1926,626,1925,25],"class_list":{"0":"post-39837","1":"post","2":"type-post","3":"status-publish","4":"format-standard","5":"has-post-thumbnail","7":"category-paris","8":"tag-actu","9":"tag-actu-paris","10":"tag-actualites","11":"tag-actualites-paris","12":"tag-culture-et-loisirs","13":"tag-eu","14":"tag-europe","15":"tag-fr","16":"tag-france","17":"tag-ma-ville","18":"tag-news","19":"tag-news-paris","20":"tag-paris","21":"tag-paris-news","22":"tag-republique-francaise"},"share_on_mastodon":{"url":"https:\/\/pubeurope.com\/@fr\/114372367039935361","error":""},"_links":{"self":[{"href":"https:\/\/www.europesays.com\/fr\/wp-json\/wp\/v2\/posts\/39837","targetHints":{"allow":["GET"]}}],"collection":[{"href":"https:\/\/www.europesays.com\/fr\/wp-json\/wp\/v2\/posts"}],"about":[{"href":"https:\/\/www.europesays.com\/fr\/wp-json\/wp\/v2\/types\/post"}],"author":[{"embeddable":true,"href":"https:\/\/www.europesays.com\/fr\/wp-json\/wp\/v2\/users\/2"}],"replies":[{"embeddable":true,"href":"https:\/\/www.europesays.com\/fr\/wp-json\/wp\/v2\/comments?post=39837"}],"version-history":[{"count":0,"href":"https:\/\/www.europesays.com\/fr\/wp-json\/wp\/v2\/posts\/39837\/revisions"}],"wp:featuredmedia":[{"embeddable":true,"href":"https:\/\/www.europesays.com\/fr\/wp-json\/wp\/v2\/media\/39838"}],"wp:attachment":[{"href":"https:\/\/www.europesays.com\/fr\/wp-json\/wp\/v2\/media?parent=39837"}],"wp:term":[{"taxonomy":"category","embeddable":true,"href":"https:\/\/www.europesays.com\/fr\/wp-json\/wp\/v2\/categories?post=39837"},{"taxonomy":"post_tag","embeddable":true,"href":"https:\/\/www.europesays.com\/fr\/wp-json\/wp\/v2\/tags?post=39837"}],"curies":[{"name":"wp","href":"https:\/\/api.w.org\/{rel}","templated":true}]}}