{"id":398376,"date":"2025-09-17T21:16:32","date_gmt":"2025-09-17T21:16:32","guid":{"rendered":"https:\/\/www.europesays.com\/fr\/398376\/"},"modified":"2025-09-17T21:16:32","modified_gmt":"2025-09-17T21:16:32","slug":"claude-bessou-scenographe-audacieux-lunivers-theatral-du-rennais-est-a-decouvrir-aux","status":"publish","type":"post","link":"https:\/\/www.europesays.com\/fr\/398376\/","title":{"rendered":"Claude Bessou, sc\u00e9nographe audacieux\u00a0: l\u2019univers th\u00e9\u00e2tral du Rennais est \u00e0 d\u00e9couvrir aux"},"content":{"rendered":"<p>Claude Bessou (1925-2001) arrive en 1948 \u00e0 Rennes. Il a 23\u00a0ans. Form\u00e9 aux arts d\u00e9coratifs de Paris, il vient d\u2019\u00eatre nomm\u00e9 professeur aux Beaux-Arts de Rennes (Ille-et-Vilaine), pour former les \u00e9tudiants \u00e0 peine plus \u00e2g\u00e9s que lui \u00e0 tout ce qui \u00e9tait d\u00e9coration, affichage\u2026 C\u2019est l\u00e0 qu\u2019il fait la connaissance de Guy Parigot, homme de th\u00e9\u00e2tre, codirecteur du Centre dramatique de l\u2019Ouest. <strong>\u00ab\u00a0Les deux hommes s\u2019appr\u00e9cient, <\/strong>raconte sa fille Clara Bessou.<strong> Guy Parigot va proposer \u00e0 mon p\u00e8re de venir avec les \u00e9l\u00e8ves pour intervenir sur les premiers d\u00e9cors. Ils ne se quitteront plus. C\u2019est l\u00e0 que commence l\u2019histoire de la collection\u2026\u00a0\u00bb<\/strong><\/p>\n<p>\t<img decoding=\"async\" src=\"https:\/\/www.europesays.com\/fr\/wp-content\/uploads\/2025\/09\/P35467908D6979894G_px_640_.jpg\" alt=\"photo le sc\u00e9nographe claude bessou.  \u00a9  fonds cdo archives d\u00e9partementales\" width=\"640\" title=\" Le sc\u00e9nographe Claude Bessou.   Fonds CDO Archives d\u00e9partementales \"\/><\/p>\n<p class=\"elmt-legende\"> Le sc\u00e9nographe Claude Bessou.   Fonds CDO Archives d\u00e9partementales <\/p>\n<p>Des tourn\u00e9es \u00e0 travers le monde<\/p>\n<p>Car pour le th\u00e9\u00e2tre, Claude Bessou, qui regorge d\u2019id\u00e9es, va faire des dessins, des maquettes en volume pour des sc\u00e9nographies en salle ou en plein air.<strong> \u00ab\u00a0Il les a gard\u00e9es\u00a0\u00bb<\/strong> jusqu\u2019\u00e0 accumuler, au fil des ans, 53\u00a0maquettes. Apr\u00e8s une premi\u00e8re exposition en 1993, qui va tourner six ans, les maquettes sont rang\u00e9es. <strong>\u00ab\u00a0Il m\u2019avait dit \u00ab\u00a0elle est pour toi cette collection mais c\u2019est du patrimoine donc tu ne la vends pas, tu fais en sorte de lui trouver un jour un beau refuge\u00a0\u00bb.\u00a0\u00bb <\/strong> <a href=\"https:\/\/rennes.maville.com\/actu\/actudet_-les-archives-departementales-d-ille-et-vilaine-abritent-51-kilometres-lineaires-de-documents-_7-6005281_actu.Htm\" target=\"_self\" rel=\"noopener\">Les Archives d\u00e9partementales<\/a> sont cet \u00e9crin. Dans le fonds, il y a les fameuses maquettes, les dessins, les esquisses, cartes de v\u0153u, caricatures\u2026 environ 300\u00a0pi\u00e8ces. Parmi elles, l\u2019esquisse pour Les Femmes savantes, r\u00e9alis\u00e9e en 1962, <strong>\u00ab\u00a0une pi\u00e8ce qui a fait le tour du monde avec la Com\u00e9die de l\u2019Ouest, elle a \u00e9t\u00e9 jou\u00e9e au Cambodge, aux \u00c9tats-Unis, et m\u00eame sur le paquebot France.\u00a0\u00bb<\/strong><\/p>\n<p>\t<img decoding=\"async\" src=\"https:\/\/www.europesays.com\/fr\/wp-content\/uploads\/2025\/09\/P35467909D6979894G_px_640_.jpg\" alt=\"photo le d\u00e9cor pour \u00ab\u00a0les surprises de la nuit\u00a0\u00bb, mis en sc\u00e8ne par guy parigot en 1955  \u00a9  ouest-france\" width=\"640\" title=\" Le d\u00e9cor pour \u00ab\u00a0Les surprises de la nuit\u00a0\u00bb, mis en sc\u00e8ne par Guy Parigot en 1955   Ouest-France \"\/><\/p>\n<p class=\"elmt-legende\"> Le d\u00e9cor pour \u00ab\u00a0Les surprises de la nuit\u00a0\u00bb, mis en sc\u00e8ne par Guy Parigot en 1955   Ouest-France <\/p>\n<p>Curieux de techniques, il va travailler pour des productions de plus en plus importantes pour la Maison de la Culture (aujourd\u2019hui le TNB), <a href=\"https:\/\/rennes.maville.com\/actu\/actudet_-rennes.-faire-de-la-parcheminerie-un-theatre-d-application-_52674-5119552_actu.Htm\" target=\"_self\" rel=\"noopener\">la Parcheminerie<\/a>, le th\u00e9\u00e2tre quotidien de Lorient, <a href=\"https:\/\/rennes.maville.com\/sortir\/infos_-theatre-bernard-lotti-n-en-aura-jamais-fini-avec-moliere_54135-2839567_actu.Htm\" target=\"_self\" rel=\"noopener\">Le th\u00e9\u00e2tre de L\u2019Instant \u00e0 Brest<\/a> et<strong>\u00a0<\/strong>les metteurs en sc\u00e8ne Guy Parigot, Georges Goubert, Robert Angebaud, Roger Guillo, Jean Le Scouarnec, Bernard Lotti\u2026 Clara Bessou se souvient de son p\u00e8re comme <strong>\u00ab\u00a0d\u2019un <\/strong> <strong>homme assez incroyable, tr\u00e8s discret mais qui aimait beaucoup faire plaisir et amuser le monde\u00a0\u00bb.<\/strong><\/p>\n<p>\t<img decoding=\"async\" src=\"https:\/\/www.europesays.com\/fr\/wp-content\/uploads\/2025\/09\/P35467910D6979894G_px_640_.jpg\" alt=\"photo clara bessou pr\u00e9sente les maquettes r\u00e9alis\u00e9es par son p\u00e8re. notamment le d\u00e9cor de tambour dans la nuit de brecht, r\u00e9alis\u00e9 en 1973.  \u00a9  ouest-france\" width=\"640\" title=\" Clara Bessou pr\u00e9sente les maquettes r\u00e9alis\u00e9es par son p\u00e8re. Notamment le d\u00e9cor de Tambour dans la nuit de Brecht, r\u00e9alis\u00e9 en 1973.   Ouest-France \"\/><\/p>\n<p class=\"elmt-legende\"> Clara Bessou pr\u00e9sente les maquettes r\u00e9alis\u00e9es par son p\u00e8re. Notamment le d\u00e9cor de Tambour dans la nuit de Brecht, r\u00e9alis\u00e9 en 1973.   Ouest-France <\/p>\n<p>Les Archives donnent \u00e0 voir sa foisonnante production, ce travail inventif et cr\u00e9atif, artisanal, le souci du d\u00e9tail, la minutie qu\u2019a d\u00e9velopp\u00e9 Claude Bessou tout au long de sa riche carri\u00e8re, racont\u00e9e aussi dans un livre qui vient de para\u00eetre.<\/p>\n<p><strong>Jusqu\u2019au 24\u00a0septembre 2025, <\/strong>aux Archives d\u00e9partementales, 1, rue Jacques-L\u00e9onard \u00e0 Rennes, en semaine de 13\u00a0h\u00a030 \u00e0 17\u00a0h\u00a030, samedi\u00a020 et dimanche 21\u00a0septembre, de 13\u00a0h\u00a030 \u00e0 18\u00a0h. Possibilit\u00e9s de visites guid\u00e9es.<\/p>\n<p>Claude Besson l\u2019illusionniste, de Clara Bessou, Les \u00e9ditions de Juillet, 215\u00a0pages, 55\u00a0\u20ac.<\/p>\n<p>\u00a0<\/p>\n","protected":false},"excerpt":{"rendered":"Claude Bessou (1925-2001) arrive en 1948 \u00e0 Rennes. Il a 23\u00a0ans. Form\u00e9 aux arts d\u00e9coratifs de Paris, il&hellip;\n","protected":false},"author":2,"featured_media":398377,"comment_status":"","ping_status":"","sticky":false,"template":"","format":"standard","meta":{"footnotes":""},"categories":[2821],"tags":[1111,11,10944,30396,53002,829,7859,3979,1777,674,1011,27,12,13658,584,25,53003,53004,387],"class_list":{"0":"post-398376","1":"post","2":"type-post","3":"status-publish","4":"format-standard","5":"has-post-thumbnail","7":"category-rennes","8":"tag-actu","9":"tag-actualites","10":"tag-archives","11":"tag-audacieux","12":"tag-bessou","13":"tag-bretagne","14":"tag-claude","15":"tag-decouvrir","16":"tag-eu","17":"tag-europe","18":"tag-fr","19":"tag-france","20":"tag-news","21":"tag-rennais","22":"tag-rennes","23":"tag-republique-francaise","24":"tag-scenographe","25":"tag-theatral","26":"tag-univers"},"share_on_mastodon":{"url":"https:\/\/pubeurope.com\/@fr\/115221718187429841","error":""},"_links":{"self":[{"href":"https:\/\/www.europesays.com\/fr\/wp-json\/wp\/v2\/posts\/398376","targetHints":{"allow":["GET"]}}],"collection":[{"href":"https:\/\/www.europesays.com\/fr\/wp-json\/wp\/v2\/posts"}],"about":[{"href":"https:\/\/www.europesays.com\/fr\/wp-json\/wp\/v2\/types\/post"}],"author":[{"embeddable":true,"href":"https:\/\/www.europesays.com\/fr\/wp-json\/wp\/v2\/users\/2"}],"replies":[{"embeddable":true,"href":"https:\/\/www.europesays.com\/fr\/wp-json\/wp\/v2\/comments?post=398376"}],"version-history":[{"count":0,"href":"https:\/\/www.europesays.com\/fr\/wp-json\/wp\/v2\/posts\/398376\/revisions"}],"wp:featuredmedia":[{"embeddable":true,"href":"https:\/\/www.europesays.com\/fr\/wp-json\/wp\/v2\/media\/398377"}],"wp:attachment":[{"href":"https:\/\/www.europesays.com\/fr\/wp-json\/wp\/v2\/media?parent=398376"}],"wp:term":[{"taxonomy":"category","embeddable":true,"href":"https:\/\/www.europesays.com\/fr\/wp-json\/wp\/v2\/categories?post=398376"},{"taxonomy":"post_tag","embeddable":true,"href":"https:\/\/www.europesays.com\/fr\/wp-json\/wp\/v2\/tags?post=398376"}],"curies":[{"name":"wp","href":"https:\/\/api.w.org\/{rel}","templated":true}]}}