{"id":398379,"date":"2025-09-17T21:18:12","date_gmt":"2025-09-17T21:18:12","guid":{"rendered":"https:\/\/www.europesays.com\/fr\/398379\/"},"modified":"2025-09-17T21:18:12","modified_gmt":"2025-09-17T21:18:12","slug":"entre-manifestations-et-perturbations-a-quoi-faut-il-sattendre","status":"publish","type":"post","link":"https:\/\/www.europesays.com\/fr\/398379\/","title":{"rendered":"entre manifestations et perturbations, \u00e0 quoi faut-il s\u2019attendre ?"},"content":{"rendered":"<p>  Manifestations<\/p>\n<p><a href=\"https:\/\/www.dna.fr\/social\/2025\/09\/16\/18-septembre-les-syndicats-unis-se-mobilisent-pour-un-autre-budget\" target=\"_blank\" rel=\"nofollow noopener\">L\u2019intersyndicale CFDT-CGT-FO-CGC- CFTC-Unsa-Solidaires-FSU appelle \u00e0 manifester \u00e0 14\u00a0h, place de la R\u00e9publique \u00e0 Strasbourg.<\/a> Le cort\u00e8ge rejoindra la place du Mar\u00e9chal-de-Lattre-de-Tassigny (Bourse) en passant par l\u2019avenue de la Libert\u00e9, le quai du Maire-Dietrich, le quai des P\u00eacheurs, le quai des Bateliers, la rue des Bouchers et la rue de la Premi\u00e8re-arm\u00e9e. Elle appelle \u00e9galement \u00e0 une manifestation \u00e0 Mulhouse, \u00e0 14\u00a0h, au d\u00e9part du square de la Bourse.<\/p>\n<p><a href=\"https:\/\/www.dna.fr\/social\/2025\/09\/16\/les-bloquons-tout-aux-cotes-des-syndicats-le-18-septembre\" target=\"_blank\" rel=\"nofollow noopener\">Le collectif citoyen strasbourgeois \u00ab\u00a0Indignons-nous\u00a0\u00bb<\/a> appelle pour sa part \u00e0 un rassemblement \u00e0 6\u00a0h\u00a030, place de Haguenau \u00e0 Strasbourg, \u00ab\u00a0en vue d\u2019un blocage de la M35\u00a0\u00bb. \u00c0 S\u00e9lestat son homologue appelle \u00e0 manifester \u00e0 10\u00a0h, square Ehm. Le collectif Vall\u00e9e debout organise, pour sa part, un \u00ab\u00a0pique-nique participatif\u00a0\u00bb de 8\u00a0h \u00e0 10\u00a0h sur le rond-point \u00e0 la sortie du tunnel de Schirmeck.<\/p>\n<p>  Transports<\/p>\n<p>Sur les rails, les perturbations s\u2019annoncent plus importantes que lors de <a href=\"https:\/\/www.dna.fr\/economie\/2025\/09\/10\/a-strasbourg-des-milliers-de-manifestants-reclament-un-changement-de-politique\" target=\"_blank\" rel=\"nofollow noopener\">la journ\u00e9e \u201c\u00a0Bloquons tout\u00a0\u201d du 10\u00a0septembre<\/a>. D\u2019apr\u00e8s le minist\u00e8re des Transports, 9 TGV sur 10 circuleront. Selon SNCF Voyageurs la circulation des TER sera \u00ab\u00a0tr\u00e8s l\u00e9g\u00e8rement\u00a0\u00bb perturb\u00e9e en Alsace o\u00f9 cinq lignes subiront des annulations de trains (Strasbourg-Molsheim-Epinal, Mulhouse-M\u00fcllheim, Strasbourg-Metz, Strasbourg-Paris Est et Mulhouse-Paris Est).<\/p>\n<p><a href=\"https:\/\/www.dna.fr\/social\/2025\/09\/17\/social\/2025\/09\/16\/greve-a-la-cts-des-perturbations-sur-le-reseau-bus-et-tram-ce-jeudi-18-septembre\" target=\"_blank\" rel=\"nofollow noopener\">C\u00f4t\u00e9 transports urbains, seul le r\u00e9seau de la CTS, qui dessert l\u2019agglom\u00e9ration strasbourgeoise, pr\u00e9voit des horaires et des fr\u00e9quences modifi\u00e9es sur l\u2019ensemble des lignes de tram et sur une vingtaine de lignes de bus<\/a>. \u00c0 Mulhouse, le r\u00e9seau Sol\u00e9a fonctionnera normalement. Les lignes tram 1, tram 3 et tram-train sont n\u00e9anmoins susceptibles d\u2019\u00eatre perturb\u00e9es ponctuellement en raison de la manifestation. Les r\u00e9seaux de bus Trace \u00e0 Colmar et Ritmo \u00e0 Haguenau annoncent pareillement une circulation normale.<\/p>\n<p>Le syndicat SNCTA, majoritaire chez les contr\u00f4leurs a\u00e9riens fran\u00e7ais, ayant report\u00e9 sa gr\u00e8ve, le trafic sera normal \u00e0 l\u2019a\u00e9roport de Strasbourg-Entzheim \u00e0 l\u2019exception des vols de et vers Nice, qui ont \u00e9t\u00e9 annul\u00e9s par Volotea.<\/p>\n<p>  \u00c9ducation nationale<\/p>\n<p>Dans le premier degr\u00e9, la FSU-Snuipp, premier syndicat du primaire, estime qu\u2019un tiers des enseignants du public seront gr\u00e9vistes ce jeudi. Dans les \u00e9coles, d\u00e8s lors que 25\u00a0% des professeurs sont en gr\u00e8ve, les communes sont tenues l\u00e9galement de mettre en place un service minimum d\u2019accueil (SMA), dans des classes communes, sinon dans d\u2019autres locaux. Car les \u00e9coles ne peuvent obliger les parents \u00e0 garder leurs enfants un jour de gr\u00e8ve.<\/p>\n<p>\u00c0 Mulhouse, 20 \u00e9coles sont concern\u00e9es par la mise en place d\u2019un SMA. Dans son agglom\u00e9ration, sur 99 sites p\u00e9riscolaires, 70 sites resteront ouverts pour accueillir les enfants.<\/p>\n<p><a href=\"https:\/\/www.dna.fr\/sante\/2025\/09\/16\/les-pharmacies-seront-fermees-ce-jeudi\" target=\"_blank\" rel=\"nofollow noopener\">\u00c0 Strasbourg, l\u2019ensemble des cantines des \u00e9coles seront \u00e9galement ferm\u00e9es jeudi\u00a0: les enfants devront donc \u00eatre recherch\u00e9s par un parent ou un repr\u00e9sentant d\u00e9sign\u00e9 pendant la pause de midi. La ville de Strasbourg pr\u00e9cise aussi que les accueils p\u00e9riscolaires du matin et du soir et les ateliers \u00e9ducatifs seront assur\u00e9s dans la mesure du possible.<\/a><\/p>\n<p>Dans les coll\u00e8ges et les lyc\u00e9es, l\u2019incertitude est de mise quant \u00e0 la participation au mouvement car les enseignants n\u2019y sont pas tenus de se d\u00e9clarer en gr\u00e8ve 48 heures \u00e0 l\u2019avance. \u00c0 Strasbourg, <a href=\"https:\/\/www.dna.fr\/social\/2025\/09\/17\/education\/2025\/09\/10\/alsace-un-campus-bloque-et-quatre-lyceens-interpelles\" target=\"_blank\" rel=\"nofollow noopener\">certains lyc\u00e9es pourraient \u00e0 nouveau faire l\u2019objet de tentatives de blocage de la part des \u00e9l\u00e8ves<\/a>.<\/p>\n<p>  Sant\u00e9<\/p>\n<p>Chez les pharmaciens, o\u00f9 la mobilisation a d\u00e9but\u00e9 en juillet, l\u2019intersyndicale profite du mouvement pour protester contre la baisse des remises commerciales sur les m\u00e9dicaments g\u00e9n\u00e9riques. <a href=\"https:\/\/www.dna.fr\/sante\/2025\/09\/16\/les-pharmacies-seront-fermees-ce-jeudi\" target=\"_blank\" rel=\"nofollow noopener\">En Alsace, selon les syndicats, sur les 560 officines de pharmacie, plus de 400 resteront ferm\u00e9es.<\/a> \u00c0 Mulhouse, Colmar et Strasbourg, seules des pharmacies r\u00e9quisitionn\u00e9es par la pr\u00e9fecture seront a priori ouvertes.<\/p>\n<p>Deux manifestations sont \u00e9galement pr\u00e9vues\u00a0: l\u2019une \u00e0 9\u00a0h devant les locaux de l\u2019Agence r\u00e9gionale de sant\u00e9 \u00e0 Strasbourg. Le cort\u00e8ge s\u2019\u00e9lancera ensuite vers la pr\u00e9fecture du Bas-Rhin. L\u2019autre \u00e0 Colmar, o\u00f9 les pharmaciens se retrouveront \u00e0 9\u00a0h\u00a030 devant la pr\u00e9fecture du Haut-Rhin pour se diriger vers le centre-ville.<\/p>\n<p>Les kin\u00e9s lib\u00e9raux sont appel\u00e9s, eux, \u00e0 fermer leurs cabinets par le principal syndicat de la profession, FFMKR, pour d\u00e9noncer le report d\u2019une hausse de leurs tarifs.<\/p>\n","protected":false},"excerpt":{"rendered":"Manifestations L\u2019intersyndicale CFDT-CGT-FO-CGC- CFTC-Unsa-Solidaires-FSU appelle \u00e0 manifester \u00e0 14\u00a0h, place de la R\u00e9publique \u00e0 Strasbourg. Le cort\u00e8ge rejoindra&hellip;\n","protected":false},"author":2,"featured_media":398380,"comment_status":"","ping_status":"","sticky":false,"template":"","format":"standard","meta":{"footnotes":""},"categories":[2820],"tags":[1111,11,2389,2649,9671,2880,1777,674,107,1011,27,775,12,25,801,640,2879],"class_list":{"0":"post-398379","1":"post","2":"type-post","3":"status-publish","4":"format-standard","5":"has-post-thumbnail","7":"category-strasbourg","8":"tag-actu","9":"tag-actualites","10":"tag-alsace","11":"tag-bas-rhin","12":"tag-conflit-social","13":"tag-edition-strasbourg","14":"tag-eu","15":"tag-europe","16":"tag-fil-info","17":"tag-fr","18":"tag-france","19":"tag-grand-est","20":"tag-news","21":"tag-republique-francaise","22":"tag-social","23":"tag-strasbourg","24":"tag-strasbourg-ville"},"share_on_mastodon":{"url":"https:\/\/pubeurope.com\/@fr\/115221725557114004","error":""},"_links":{"self":[{"href":"https:\/\/www.europesays.com\/fr\/wp-json\/wp\/v2\/posts\/398379","targetHints":{"allow":["GET"]}}],"collection":[{"href":"https:\/\/www.europesays.com\/fr\/wp-json\/wp\/v2\/posts"}],"about":[{"href":"https:\/\/www.europesays.com\/fr\/wp-json\/wp\/v2\/types\/post"}],"author":[{"embeddable":true,"href":"https:\/\/www.europesays.com\/fr\/wp-json\/wp\/v2\/users\/2"}],"replies":[{"embeddable":true,"href":"https:\/\/www.europesays.com\/fr\/wp-json\/wp\/v2\/comments?post=398379"}],"version-history":[{"count":0,"href":"https:\/\/www.europesays.com\/fr\/wp-json\/wp\/v2\/posts\/398379\/revisions"}],"wp:featuredmedia":[{"embeddable":true,"href":"https:\/\/www.europesays.com\/fr\/wp-json\/wp\/v2\/media\/398380"}],"wp:attachment":[{"href":"https:\/\/www.europesays.com\/fr\/wp-json\/wp\/v2\/media?parent=398379"}],"wp:term":[{"taxonomy":"category","embeddable":true,"href":"https:\/\/www.europesays.com\/fr\/wp-json\/wp\/v2\/categories?post=398379"},{"taxonomy":"post_tag","embeddable":true,"href":"https:\/\/www.europesays.com\/fr\/wp-json\/wp\/v2\/tags?post=398379"}],"curies":[{"name":"wp","href":"https:\/\/api.w.org\/{rel}","templated":true}]}}