{"id":398383,"date":"2025-09-17T21:20:18","date_gmt":"2025-09-17T21:20:18","guid":{"rendered":"https:\/\/www.europesays.com\/fr\/398383\/"},"modified":"2025-09-17T21:20:18","modified_gmt":"2025-09-17T21:20:18","slug":"des-feux-de-foret-se-declarent-pres-de-nice-un-possible-pyromane-arrete-en-flagrant-delit","status":"publish","type":"post","link":"https:\/\/www.europesays.com\/fr\/398383\/","title":{"rendered":"Des feux de for\u00eat se d\u00e9clarent pr\u00e8s de Nice, un possible pyromane arr\u00eat\u00e9 en flagrant d\u00e9lit"},"content":{"rendered":"<p>            Par<br \/>\n        <strong><br \/>\n            <a href=\"https:\/\/actu.fr\/auteur\/famenta-news\" title=\"Consulter tous les articles de Florine Amenta\" rel=\"nofollow noopener\" target=\"_blank\">Florine Amenta<\/a><br \/>\n        <\/strong><\/p>\n<p>        Publi\u00e9 le<\/p>\n<p>            17 sept. 2025 \u00e0 18h05        <\/p>\n<p>Mardi 16\u00a0septembre, dans l\u2019apr\u00e8s-midi, plusieurs d\u00e9parts de feu sont signal\u00e9s aux sapeurs-pompiers par des habitants de <strong>Ch\u00e2teauneuf-Villevieille<\/strong>, commune de l\u2019arri\u00e8re-pays de <a href=\"https:\/\/actu.fr\/nice\/\" rel=\"nofollow noopener\" target=\"_blank\">Nice<\/a> (<a href=\"https:\/\/actu.fr\/provence-alpes-cote-d-azur\/alpes-maritimes_06\" rel=\"nofollow noopener\" target=\"_blank\">Alpes-Maritimes<\/a>). Certaines personnes sur place remarquent la pr\u00e9sence d\u2019<strong>un individu tout pr\u00e8s des flammes<\/strong>. La police est alors, elle aussi, contact\u00e9e.<\/p>\n<p>9 d\u00e9parts de feu et 900m\u00b2 br\u00fbl\u00e9s<\/p>\n<p class=\" wall-content\">En attendant l\u2019arriv\u00e9e des forces de l\u2019ordre, l\u2019homme est ma\u00eetris\u00e9 par les habitants. Sur place, les gendarmes de la brigade territoriale de Contes d\u00e9couvrent un homme, <strong>\u00e2g\u00e9 de 57\u00a0ans<\/strong> et <strong>en pleine r\u00e9bellion<\/strong>.<\/p>\n<p class=\" wall-content\">Selon les informations du parquet fournies \u00e0 actu Nice, l\u2019individu aurait <strong>prof\u00e9r\u00e9 des outrages<\/strong> et <strong>donn\u00e9 des coups de pied aux gendarmes<\/strong>. Connu pour des faits de violence, de r\u00e9bellion et d\u2019outrage, il a \u00e9t\u00e9 <strong>plac\u00e9 en garde \u00e0 vue<\/strong>, confirmant <a href=\"https:\/\/www.nicematin.com\/faits-divers\/il-s-est-retrouve-plaque-au-sol-un-pyromane-interpelle-en-pleine-action-a-chateauneuf-villevieille-1002226\" rel=\"nofollow noopener\" target=\"_blank\">une information de nos confr\u00e8res de Nice-Matin<\/a>.<\/p>\n<p class=\" wall-content\">Les motifs\u2009: \u00ab\u2009refus de se soumettre aux v\u00e9rifications tendant \u00e0 \u00e9tablir<strong> l\u2019\u00e9tat alcoolique<\/strong>, outrage \u00e0 une personne d\u00e9positaire de l\u2019autorit\u00e9 publique, r\u00e9bellion et <strong>destruction par incendie pouvant causer un dommage aux personnes<\/strong>\u2009\u00bb.<\/p>\n<p>    <a href=\"https:\/\/www.facebook.com\/plugins\/post.php?href=https%3A%2F%2Fwww.facebook.com%2Fpermalink.php%3Fstory_fbid%3Dpfbid0urccoCvfwsAytyfDbXgZ8ZghxuBY5NUVb6N5fFgRmrfxVQSbiQsRSvFXT2edPxCPl%26id%3D100094674098525&amp;show_text=true&amp;width=350\" title=\"Ouvrie le lien\" rel=\"nofollow noopener\" target=\"_blank\">Cliquez ici pour visualiser le contenu<\/a><\/p>\n<p class=\" wall-content\">\u00c0 ce stade de l\u2019enqu\u00eate, l\u2019int\u00e9ress\u00e9 nie \u00eatre \u00e0 l\u2019origine des d\u00e9parts de feu. L\u2019origine de ces incendies doit encore \u00eatre clarifi\u00e9e, mais le bilan, confirm\u00e9 par le parquet, fait \u00e9tat de <strong>neuf d\u00e9parts de feu<\/strong>, dont sept s\u2019\u00e9tant propag\u00e9s et <strong>900\u00a0m2\u00a0ont br\u00fbl\u00e9 <\/strong>sans faire de bless\u00e9.<\/p>\n<p class=\" wall-content\">D\u00e9but septembre d\u00e9j\u00e0, <strong>deux incendies s\u2019\u00e9taient d\u00e9clar\u00e9s<\/strong> dans le quartier de Salettes-R\u00e9maurian, \u00e0 Ch\u00e2teauneuf-Villevieille. Mais rien n\u2019affirme encore que l\u2019homme arr\u00eat\u00e9 en est \u00e0 l\u2019origine.<\/p>\n<p class=\" wall-content\">Personnalisez votre actualit\u00e9 en ajoutant vos villes et m\u00e9dias en favori avec <a href=\"https:\/\/moncompte.actu.fr\" title=\"D\u00e9couvez Mon Actu\" rel=\"nofollow noopener\" data-trk=\"{&quot;cta&quot;:{&quot;action&quot;:&quot;https:\\\/\\\/moncompte.actu.fr&quot;,&quot;category&quot;:&quot;mon compte&quot;,&quot;from&quot;:&quot;article footer&quot;,&quot;name&quot;:&quot;Mon actu&quot;,&quot;type&quot;:&quot;cta&quot;}}\" target=\"_blank\">Mon Actu<\/a>.<\/p>\n","protected":false},"excerpt":{"rendered":"Par Florine Amenta Publi\u00e9 le 17 sept. 2025 \u00e0 18h05 Mardi 16\u00a0septembre, dans l\u2019apr\u00e8s-midi, plusieurs d\u00e9parts de feu&hellip;\n","protected":false},"author":2,"featured_media":398384,"comment_status":"","ping_status":"","sticky":false,"template":"","format":"standard","meta":{"footnotes":""},"categories":[2819],"tags":[1111,11,1777,674,118,27571,1011,27,1310,12,2401,1311,882,25],"class_list":{"0":"post-398383","1":"post","2":"type-post","3":"status-publish","4":"format-standard","5":"has-post-thumbnail","7":"category-nice","8":"tag-actu","9":"tag-actualites","10":"tag-eu","11":"tag-europe","12":"tag-faits-divers","13":"tag-feux-de-foret","14":"tag-fr","15":"tag-france","16":"tag-incendie","17":"tag-news","18":"tag-nice","19":"tag-pompiers","20":"tag-provence-alpes-cote-dazur","21":"tag-republique-francaise"},"share_on_mastodon":{"url":"https:\/\/pubeurope.com\/@fr\/115221733311438078","error":""},"_links":{"self":[{"href":"https:\/\/www.europesays.com\/fr\/wp-json\/wp\/v2\/posts\/398383","targetHints":{"allow":["GET"]}}],"collection":[{"href":"https:\/\/www.europesays.com\/fr\/wp-json\/wp\/v2\/posts"}],"about":[{"href":"https:\/\/www.europesays.com\/fr\/wp-json\/wp\/v2\/types\/post"}],"author":[{"embeddable":true,"href":"https:\/\/www.europesays.com\/fr\/wp-json\/wp\/v2\/users\/2"}],"replies":[{"embeddable":true,"href":"https:\/\/www.europesays.com\/fr\/wp-json\/wp\/v2\/comments?post=398383"}],"version-history":[{"count":0,"href":"https:\/\/www.europesays.com\/fr\/wp-json\/wp\/v2\/posts\/398383\/revisions"}],"wp:featuredmedia":[{"embeddable":true,"href":"https:\/\/www.europesays.com\/fr\/wp-json\/wp\/v2\/media\/398384"}],"wp:attachment":[{"href":"https:\/\/www.europesays.com\/fr\/wp-json\/wp\/v2\/media?parent=398383"}],"wp:term":[{"taxonomy":"category","embeddable":true,"href":"https:\/\/www.europesays.com\/fr\/wp-json\/wp\/v2\/categories?post=398383"},{"taxonomy":"post_tag","embeddable":true,"href":"https:\/\/www.europesays.com\/fr\/wp-json\/wp\/v2\/tags?post=398383"}],"curies":[{"name":"wp","href":"https:\/\/api.w.org\/{rel}","templated":true}]}}