{"id":398443,"date":"2025-09-17T21:57:20","date_gmt":"2025-09-17T21:57:20","guid":{"rendered":"https:\/\/www.europesays.com\/fr\/398443\/"},"modified":"2025-09-17T21:57:20","modified_gmt":"2025-09-17T21:57:20","slug":"zidane-om-linvitation-surprise","status":"publish","type":"post","link":"https:\/\/www.europesays.com\/fr\/398443\/","title":{"rendered":"Zidane &#8211; OM : L\u2019invitation surprise !"},"content":{"rendered":"<p>                    Hugo Chirossel<br \/>\n                        &#8211;<\/p>\n<p>Journaliste<\/p>\n<p>Passionn\u00e9 de football depuis le plus jeune \u00e2ge, devenir journaliste sportif est rapidement devenu une \u00e9vidence pour Hugo. Il se d\u00e9couvrira plus tard un amour pour la NBA, avant d\u2019explorer d\u2019autres horizons comme ceux de la Formule 1 et de la NFL.<\/p>\n<p class=\"heading\">C\u00e9l\u00e8bre influenceur marseillais, Bengous a fait le d\u00e9placement au Santiago Bernab\u00e9u mardi \u00e0 l\u2019occasion du match de Ligue des champions entre l\u2019OM et le Real Madrid. S\u2019il a v\u00e9cu l\u2019avant-match avec les supporters, il n\u2019\u00e9tait en revanche pas dans le parcage, puisque la famille de Zinedine Zidane lui avait offert des places en tribune. <\/p>\n<p>\u00ab C\u2019\u00e9tait un moment vraiment inexplicable. \u00bb Invit\u00e9 dans Rothen s\u2019enflamme sur RMC, <strong>Bengous<\/strong> est revenu sur le d\u00e9placement de l\u2019<strong>OM<\/strong> sur la pelouse du <strong>Real Madrid<\/strong>, qu\u2019il a v\u00e9cu avec les supporters marseillais. \u00ab Il fallait le vivre pour le croire. Surtout l\u2019avant-match. C\u2019\u00e9tait 4 000 Marseillais qui se d\u00e9placent \u00e0 Madrid pour un retour en Ligue des champions de l\u2019Olympique de Marseille. \u00bb<\/p>\n<p>                                            \u00ab J\u2019ai eu la chance et l\u2019honneur d\u2019\u00eatre invit\u00e9 par la famille de Zizou \u00bb<\/p>\n<p>S\u2019il \u00e9tait avec le reste des supporters de l\u2019<strong>OM<\/strong> pendant l\u2019avant-match, l\u2019influenceur marseillais n\u2019\u00e9tait pas dans le parcage avec eux, puisqu\u2019il a \u00e9t\u00e9 invit\u00e9 par la famille de <strong>Zin\u00e9dine Zidane<\/strong> : \u00ab Alors je vous explique, parce qu\u2019il y a beaucoup de gens qui me disent : \u201ccomment \u00e7a se fait que t\u2019\u00e9tais pas en parcage ?\u201d De base, je suis avec les supporters, mais l\u00e0 j\u2019ai eu la chance et l\u2019honneur d\u2019\u00eatre invit\u00e9 par la famille de Zizou. J\u2019ai r\u00e9ussi \u00e0 avoir deux places donc j\u2019\u00e9tais en tribune lambda \u00e0 Santiago Bernab\u00e9u. \u00bb<\/p>\n<p>                                            \u00ab On a fait trembler Santiago Bernab\u00e9u \u00bb<\/p>\n<p>Il a tout de m\u00eame pu \u00eatre t\u00e9moin de l\u2019ambiance mise par les supporters de l\u2019<strong>OM<\/strong> au<strong> Santiago Bernab\u00e9u<\/strong>. \u00ab Franchement, le parcage quand je le voyais de mes propres yeux de l\u00e0 o\u00f9 j\u2019\u00e9tais, c\u2019\u00e9tait quelque chose d\u2019exceptionnel. On a fait trembler Santiago Bernab\u00e9u. On a fait plus de bruit que leurs propres supporters. Hier (mardi), on leur a montr\u00e9 qui \u00e9tait le peuple marseillais \u00bb, a ajout\u00e9<strong> Bengous<\/strong>. \u00ab On \u00e9tait vraiment \u00e9parpill\u00e9 dans tout Bernab\u00e9u. Certes, il y avait le parcage marseillais, mais j\u2019ai vu des maillots de l\u2019OM de partout, c\u2019\u00e9tait vraiment incroyable. \u00bb<\/p>\n","protected":false},"excerpt":{"rendered":"Hugo Chirossel &#8211; Journaliste Passionn\u00e9 de football depuis le plus jeune \u00e2ge, devenir journaliste sportif est rapidement devenu&hellip;\n","protected":false},"author":2,"featured_media":398444,"comment_status":"","ping_status":"","sticky":false,"template":"","format":"standard","meta":{"footnotes":""},"categories":[1412],"tags":[1451,1452,1453,1454,1455,1011,27,60],"class_list":{"0":"post-398443","1":"post","2":"type-post","3":"status-publish","4":"format-standard","5":"has-post-thumbnail","7":"category-f1","8":"tag-f1","9":"tag-formula-1","10":"tag-formula1","11":"tag-formule-1","12":"tag-formule1","13":"tag-fr","14":"tag-france","15":"tag-sports"},"share_on_mastodon":{"url":"https:\/\/pubeurope.com\/@fr\/115221878768143348","error":""},"_links":{"self":[{"href":"https:\/\/www.europesays.com\/fr\/wp-json\/wp\/v2\/posts\/398443","targetHints":{"allow":["GET"]}}],"collection":[{"href":"https:\/\/www.europesays.com\/fr\/wp-json\/wp\/v2\/posts"}],"about":[{"href":"https:\/\/www.europesays.com\/fr\/wp-json\/wp\/v2\/types\/post"}],"author":[{"embeddable":true,"href":"https:\/\/www.europesays.com\/fr\/wp-json\/wp\/v2\/users\/2"}],"replies":[{"embeddable":true,"href":"https:\/\/www.europesays.com\/fr\/wp-json\/wp\/v2\/comments?post=398443"}],"version-history":[{"count":0,"href":"https:\/\/www.europesays.com\/fr\/wp-json\/wp\/v2\/posts\/398443\/revisions"}],"wp:featuredmedia":[{"embeddable":true,"href":"https:\/\/www.europesays.com\/fr\/wp-json\/wp\/v2\/media\/398444"}],"wp:attachment":[{"href":"https:\/\/www.europesays.com\/fr\/wp-json\/wp\/v2\/media?parent=398443"}],"wp:term":[{"taxonomy":"category","embeddable":true,"href":"https:\/\/www.europesays.com\/fr\/wp-json\/wp\/v2\/categories?post=398443"},{"taxonomy":"post_tag","embeddable":true,"href":"https:\/\/www.europesays.com\/fr\/wp-json\/wp\/v2\/tags?post=398443"}],"curies":[{"name":"wp","href":"https:\/\/api.w.org\/{rel}","templated":true}]}}