{"id":398448,"date":"2025-09-17T22:00:16","date_gmt":"2025-09-17T22:00:16","guid":{"rendered":"https:\/\/www.europesays.com\/fr\/398448\/"},"modified":"2025-09-17T22:00:16","modified_gmt":"2025-09-17T22:00:16","slug":"la-comedienne-charlotte-arnould-porte-plainte-contre-le-conseil-de-gerard-depardieu-aupres-de-lordre-des-avocats","status":"publish","type":"post","link":"https:\/\/www.europesays.com\/fr\/398448\/","title":{"rendered":"La com\u00e9dienne Charlotte Arnould porte plainte contre le conseil de G\u00e9rard Depardieu aupr\u00e8s de l\u2019Ordre des avocats"},"content":{"rendered":"<p class=\"paragraph text_align_left lp-f-body-02\">J\u00e9r\u00e9mie Assous point\u00e9 du doigt pour manquement \u00e0 la d\u00e9ontologie. Charlotte Arnould, qui accuse <a href=\"https:\/\/www.leparisien.fr\/culture-loisirs\/cinema\/gerard-depardieu\/\" target=\"_self\" rel=\"nofollow noopener\">G\u00e9rard Depardieu<\/a> de viols, a d\u00e9pos\u00e9 plainte aupr\u00e8s de l\u2019Ordre des avocats contre le conseil de l\u2019acteur, a-t-elle indiqu\u00e9 \u00e0 l\u2019Agence France-Presse (AFP) ce mercredi.<\/p>\n<p class=\"paragraph text_align_left lp-f-body-02\">Son avocate a \u00e9galement d\u00e9pos\u00e9 une plainte devant l\u2019Ordre des avocats \u00ab pour manquements aux principes de mod\u00e9ration, d\u00e9licatesse, probit\u00e9, loyaut\u00e9 et sexisme \u00bb.<\/p>\n<p class=\"paragraph text_align_left lp-f-body-02\">\u00ab Depuis un an, il n\u2019a cess\u00e9 dans les m\u00e9dias de mentir \u00e0 mon sujet, de d\u00e9former, d\u2019\u00e9taler ma vie priv\u00e9e en brisant le secret de l\u2019instruction \u00bb, affirme l\u2019actrice dans un communiqu\u00e9.<\/p>\n<p>\u00ab 20 minutes d\u2019acharnement \u00bb<\/p>\n<p class=\"paragraph text_align_left lp-f-body-02\">Le 3 septembre, <a href=\"https:\/\/www.leparisien.fr\/faits-divers\/affaire-gerard-depardieu-lacteur-est-renvoye-devant-la-cour-criminelle-de-paris-pour-viols-sur-la-comedienne-charlotte-arnould-02-09-2025-33K3I5AQURGLHABWIQRVUEH5ZY.php\" target=\"_self\" rel=\"nofollow noopener\">une juge d\u2019instruction a ordonn\u00e9 le renvoi devant la cour criminelle d\u00e9partementale de Paris de G\u00e9rard Depardieu<\/a> pour viols sur Charlotte Arnould. L\u2019avocat de l\u2019ex-monstre sacr\u00e9 du cin\u00e9ma fran\u00e7ais a annonc\u00e9 dans la foul\u00e9e qu\u2019il allait faire appel de ce renvoi.<\/p>\n<p class=\"lp-card-podcast-highlighting__title  lp-f-subtitle-05\">[4\/6] Jubillar\u00a0: de la disparition au proc\u00e8s, une affaire sans corps ni aveux<\/p>\n<p class=\"lp-card-podcast-highlighting__description lp-f-ui-05\">Crime story raconte chaque semaine les grandes affaires criminelles.<\/p>\n<p><a class=\"lp-card-podcast-highlighting__call-to-action\" data-page-type=\"HP\" data-block-name=\"podcast-highlight\">\u00c9couter<\/a><\/p>\n<p class=\"paragraph text_align_left lp-f-body-02\">Mi-mai, <a href=\"https:\/\/www.leparisien.fr\/culture-loisirs\/cinema\/proces-depardieu-je-ne-sais-pas-ce-quest-une-agression-sexuelle-assure-lacteur-26-03-2025-U2Z54TERA5HMTPNMPAW6I5U2RE.php\" target=\"_self\" rel=\"nofollow noopener\">dans un autre dossier<\/a>, l\u2019acteur de 76 ans avait \u00e9t\u00e9 condamn\u00e9 \u00e0 18 mois de prison avec sursis pour les agressions sexuelles de deux femmes sur le tournage des \u00ab Volets verts \u00bb de Jean Becker, en 2021. Il a fait appel l\u00e0 aussi.<\/p>\n<p class=\"paragraph text_align_left lp-f-body-02\">Charlotte Arnould reproche notamment \u00e0 Me J\u00e9r\u00e9mie Assous les propos qu\u2019il a tenus \u00e0 son encontre \u00e0 l\u2019\u00e9poque de ce dernier proc\u00e8s. La presse avait notamment relev\u00e9 que Me J\u00e9r\u00e9mie Assous avait alors tax\u00e9 l\u2019actrice de \u00ab menteuse \u00bb en pleine audience, alors qu\u2019elle \u00e9tait pr\u00e9sente dans le public.<\/p>\n<p class=\"title-embed-dailymotion lp-color-text lp-f-subtitle-04\">Vid\u00e9o\u00c0 son proc\u00e8s, Depardieu assure qu&rsquo;il \u00ab ne sait pas ce qu\u2019est une agression sexuelle \u00bb<\/p>\n<p class=\"paragraph text_align_left lp-f-body-02\">\u00ab Il a plaid\u00e9 sur moi plus longtemps que sur l\u2019une des deux plaignantes dans le proc\u00e8s dit des Volets verts \u00bb, relate l\u2019actrice, d\u00e9crivant \u00ab 20 minutes d\u2019acharnement \u00bb.<\/p>\n<p class=\"paragraph text_align_left lp-f-body-02\">\u00ab Les repr\u00e9sentants du b\u00e2tonnier ainsi que la pr\u00e9sidente Isabelle Pr\u00e9vost-Desprez (responsable du p\u00f4le p\u00e9nal du tribunal judiciaire de Paris, qui venait tous les jours \u00e0 l\u2019audience et avec qui j\u2019\u00e9changeais r\u00e9guli\u00e8rement) ont consid\u00e9r\u00e9 que je respectais l\u2019ensemble des r\u00e8gles d\u00e9ontologiques et l\u00e9gales \u00bb, s\u2019est d\u00e9fendu Me J\u00e9r\u00e9mie Assous aupr\u00e8s de l\u2019AFP.<\/p>\n<p>Une proc\u00e9dure pouvant mener \u00e0 la radiation<\/p>\n<p class=\"paragraph text_align_left lp-f-body-02\">Une fois une plainte d\u00e9pos\u00e9e devant l\u2019Ordre des avocats, cette derni\u00e8re est examin\u00e9e pour voir si elle est recevable, puis une enqu\u00eate peut s\u2019ouvrir le cas \u00e9ch\u00e9ant. Si elle n\u2019est pas class\u00e9e, une proc\u00e9dure disciplinaire peut \u00eatre ouverte. La sanction peut aller de l\u2019avertissement au bl\u00e2me, \u00e0 la suspension, voire \u00e0 la radiation.<\/p>\n<p class=\"paragraph text_align_left lp-f-body-02\">\u00c0 l\u2019\u00e9poque du proc\u00e8s des \u00ab Volets verts \u00bb, pr\u00e8s de 200 avocats avaient par ailleurs appel\u00e9 la justice \u00e0 ne pas laisser la place au sexisme en audience, d\u00e9non\u00e7ant de nombreuses attaques de l\u2019avocat de l\u2019acteur contre les plaignantes et leurs conseils.<\/p>\n<p class=\"paragraph text_align_left lp-f-body-02\">\u00ab Le sexisme contre les avocates ne doit plus avoir sa place en audience \u00bb, clamaient-ils alors dans une tribune dans <a href=\"https:\/\/www.lemonde.fr\/idees\/article\/2025\/03\/28\/le-sexisme-contre-les-avocates-ne-doit-plus-avoir-sa-place-en-audience_6587187_3232.html\" target=\"_self\" rel=\"nofollow noopener\">Le Monde<\/a>, arguant que Me J\u00e9r\u00e9mie Assous s\u2019en \u00e9tait \u00ab donn\u00e9 \u00e0 c\u0153ur joie en mati\u00e8re de sexisme et de misogynie, allant bien au-del\u00e0 de ce qu\u2019il est convenu d\u2019appeler, m\u00eame de mani\u00e8re extr\u00eamement large, les droits de la d\u00e9fense \u00bb.<\/p>\n<p class=\"paragraph text_align_left lp-f-body-02\">Le tribunal, \u00e0 l\u2019issue de ce proc\u00e8s, avait par ailleurs reconnu de fa\u00e7on rarissime la victimisation secondaire des plaignantes.<\/p>\n","protected":false},"excerpt":{"rendered":"J\u00e9r\u00e9mie Assous point\u00e9 du doigt pour manquement \u00e0 la d\u00e9ontologie. Charlotte Arnould, qui accuse G\u00e9rard Depardieu de viols,&hellip;\n","protected":false},"author":2,"featured_media":398449,"comment_status":"","ping_status":"","sticky":false,"template":"","format":"standard","meta":{"footnotes":""},"categories":[1359],"tags":[872,58,59,118,1011,27,973],"class_list":{"0":"post-398448","1":"post","2":"type-post","3":"status-publish","4":"format-standard","5":"has-post-thumbnail","7":"category-people","8":"tag-culture-et-loisirs","9":"tag-divertissement","10":"tag-entertainment","11":"tag-faits-divers","12":"tag-fr","13":"tag-france","14":"tag-people"},"share_on_mastodon":{"url":"https:\/\/pubeurope.com\/@fr\/115221890591823345","error":""},"_links":{"self":[{"href":"https:\/\/www.europesays.com\/fr\/wp-json\/wp\/v2\/posts\/398448","targetHints":{"allow":["GET"]}}],"collection":[{"href":"https:\/\/www.europesays.com\/fr\/wp-json\/wp\/v2\/posts"}],"about":[{"href":"https:\/\/www.europesays.com\/fr\/wp-json\/wp\/v2\/types\/post"}],"author":[{"embeddable":true,"href":"https:\/\/www.europesays.com\/fr\/wp-json\/wp\/v2\/users\/2"}],"replies":[{"embeddable":true,"href":"https:\/\/www.europesays.com\/fr\/wp-json\/wp\/v2\/comments?post=398448"}],"version-history":[{"count":0,"href":"https:\/\/www.europesays.com\/fr\/wp-json\/wp\/v2\/posts\/398448\/revisions"}],"wp:featuredmedia":[{"embeddable":true,"href":"https:\/\/www.europesays.com\/fr\/wp-json\/wp\/v2\/media\/398449"}],"wp:attachment":[{"href":"https:\/\/www.europesays.com\/fr\/wp-json\/wp\/v2\/media?parent=398448"}],"wp:term":[{"taxonomy":"category","embeddable":true,"href":"https:\/\/www.europesays.com\/fr\/wp-json\/wp\/v2\/categories?post=398448"},{"taxonomy":"post_tag","embeddable":true,"href":"https:\/\/www.europesays.com\/fr\/wp-json\/wp\/v2\/tags?post=398448"}],"curies":[{"name":"wp","href":"https:\/\/api.w.org\/{rel}","templated":true}]}}