{"id":39845,"date":"2025-04-20T21:19:13","date_gmt":"2025-04-20T21:19:13","guid":{"rendered":"https:\/\/www.europesays.com\/fr\/39845\/"},"modified":"2025-04-20T21:19:13","modified_gmt":"2025-04-20T21:19:13","slug":"la-russie-veut-combattre-leurofascisme-avec-laide-des-etats-unis-et-appelle-a-resister-aux-provocations-de-lukraine-et-des-europeens-fous","status":"publish","type":"post","link":"https:\/\/www.europesays.com\/fr\/39845\/","title":{"rendered":"La Russie veut combattre \u00ab\u00a0l&rsquo;eurofascisme\u00a0\u00bb avec l&rsquo;aide des \u00c9tats-Unis et appelle \u00e0 r\u00e9sister aux \u00ab\u00a0provocations de l&rsquo;Ukraine et des &lsquo;Europ\u00e9ens fous'\u00a0\u00bb"},"content":{"rendered":"<p class=\"ap-StoryElement ap-StoryElement--mb ap-StoryText\">Le 16 avril dernier, le service de renseignement ext\u00e9rieur de la Russie a publi\u00e9 un <a href=\"http:\/\/svr.gov.ru\/smi\/2025\/04\/evrofashizm-kak-i-80-let-nazad-obshchiy-vrag-moskvy-i-vashington2.htm\" target=\"_blank\" rel=\"noopener\">communiqu\u00e9 de presse<\/a> intitul\u00e9 : \u00ab\u00a0L&rsquo;eurofascisme, comme il y a 80 ans, est l&rsquo;ennemi commun de Moscou et de Washington\u00a0\u00bb. Avec cette publication, la Russie tente de mettre en avant les tendances autoritaires qui ont travers\u00e9 l&rsquo;Europe au cours de son histoire alors que de nombreuses voix s&rsquo;\u00e9l\u00e8vent pour d\u00e9noncer les <a href=\"https:\/\/www.lalibre.be\/international\/europe\/guerre-ukraine-russie\/2025\/04\/04\/la-russie-ressemble-de-plus-en-plus-a-la-coree-du-nord-comment-expliquer-la-mobilisation-de-160-000-jeunes-par-poutine-JR7R2CJWLBBQXLE3JZRTJTRCVM\/\" target=\"_blank\" rel=\"noopener\">d\u00e9rives du r\u00e9gime de Vladimir Poutine.<\/a><\/p>\n<p class=\"ap-StoryElement ap-StoryElement--mb ap-StoryText\">Accompagn\u00e9 d&rsquo;une illustration montrant Ursula Von Der Leyen affubl\u00e9e de traits monstrueux et le corps en forme de croix gamm\u00e9e, le communiqu\u00e9 affirme que les \u00c9tats europ\u00e9ens ont une \u00ab\u00a0&lsquo;pr\u00e9disposition historique&rsquo; \u00e0 diverses formes de totalitarisme\u00a0\u00bb. Le SRI accuse \u00e9galement les Europ\u00e9ens d&rsquo;\u00eatre \u00e0 l&rsquo;origine de \u00ab\u00a0conflits destructeurs \u00e0 l&rsquo;\u00e9chelle mondiale\u00a0\u00bb. Pour tirer ces conclusions, le SRI explique s&rsquo;\u00eatre bas\u00e9 sur une \u00ab\u00a0analyse r\u00e9trospective des politiques des \u00c9tats occidentaux\u00a0\u00bb, faisant r\u00e9f\u00e9rence \u00e0 Napol\u00e9on ou \u00e0 la dictature jacobine. \u00ab\u00a0L&rsquo;Am\u00e9rique est libre gr\u00e2ce \u00e0 la volont\u00e9 des anc\u00eatres des Am\u00e9ricains modernes de r\u00e9sister \u00e0 des dictatures telles que la monarchie britannique ou la r\u00e9volution jacobine\u00a0\u00bb, peut-on \u00e9galement lire dans le communiqu\u00e9.<\/p>\n<p><a href=\"https:\/\/www.lalibre.be\/international\/europe\/guerre-ukraine-russie\/2025\/04\/01\/vladimir-poutine-nen-fait-qua-sa-tete-trump-perd-patience-NBFHACSV75HWBBWTLC354SVWKA\/\" target=\"_blank\" rel=\"noopener noreferrer\" class=\"ap-StoryInterstitialLink ap-StoryElement ap-StoryElement--mb\">Vladimir Poutine n&rsquo;en fait qu&rsquo;\u00e0 sa t\u00eate, Donald Trump perd patience<\/a><img loading=\"lazy\" decoding=\"async\" class=\"w-full lazyload lazyload--opacity\" style=\"aspect-ratio:162 \/ 100;opacity:1\" alt=\"communiqu\u00e9 sri\" width=\"768\" height=\"474\" fetchpriority=\"auto\" src=\"https:\/\/www.europesays.com\/fr\/wp-content\/uploads\/2025\/04\/S5VKD3X55FFF3BW6V4SEHXNP7I.png\"  data- data-optimumx=\"1\"\/>communiqu\u00e9 sri \u00a9Capture d&rsquo;\u00e9cran du Service de renseignement ext\u00e9rieur de la F\u00e9d\u00e9ration de RussieLa France et le Royaume-Uni point\u00e9s du doigt<\/p>\n<p class=\"ap-StoryElement ap-StoryElement--mb ap-StoryText\">Le SRI d\u00e9nonce \u00e9galement le fait que les Europ\u00e9ens voient d&rsquo;un mauvais \u0153il le rapprochement qui s&rsquo;op\u00e8re entre Moscou et Washington. Le communiqu\u00e9 mentionne notamment le <a href=\"https:\/\/www.lalibre.be\/international\/europe\/2025\/03\/17\/rendez-nous-la-statue-de-la-liberte-lance-raphael-glucksmann-pret-a-resister-au-fan-club-de-trump-et-de-musk-ZHSTW3SVLNDOHCG3BYZ6OHZRF4\/\" target=\"_blank\" rel=\"noopener\">d\u00e9put\u00e9 europ\u00e9en fran\u00e7ais Rapha\u00ebl Glucksmann <\/a>qui avait sarcastiquement demand\u00e9 aux Am\u00e9ricains de rendre la statue de la Libert\u00e9 \u00e0 la France et avait accus\u00e9 Donald Trump de \u00ab\u00a0se ranger du c\u00f4t\u00e9 des tyrans\u00a0\u00bb.<\/p>\n<p class=\"ap-StoryElement ap-StoryElement--mb ap-StoryText\">Le service de renseignement ext\u00e9rieur russe s&rsquo;attaque \u00e9galement au Royaume-Uni et au \u00ab\u00a0r\u00f4le destructeur majeur de Londres dans le conflit ukrainien\u00a0\u00bb, argumentant que les Britanniques soutiennent le r\u00e9gime de Kiev \u00ab\u00a0qui fait <a href=\"https:\/\/www.lalibre.be\/international\/europe\/2022\/03\/09\/la-denazification-de-lukraine-a-lepreuve-des-faits-57M663NNCZGVTMJ2ZK7OXLKRM4\/\" target=\"_blank\" rel=\"noopener\">l&rsquo;\u00e9loge des punisseurs qui ont combattu aux c\u00f4t\u00e9s d&rsquo;Hitler<\/a>\u00ab\u00a0, selon le SRI. Les <a href=\"https:\/\/www.lalibre.be\/international\/europe\/guerre-ukraine-russie\/2025\/04\/09\/larmee-russe-cherche-des-sportifs-pour-renflouer-ses-rangs-jai-peur-quils-essaient-de-forcer-la-porte-chez-nous-video-DGUO2S5PINHSZASRULLRVDQH7Y\/\" target=\"_blank\" rel=\"noopener\">Russes <\/a>accusent \u00e9galement l&rsquo;Ukraine de commettre \u00ab\u00a0de nombreux <a href=\"https:\/\/www.lalibre.be\/international\/europe\/guerre-ukraine-russie\/2025\/03\/19\/si-vous-vouliez-proteger-poutine-des-poursuites-judiciaires-vous-deviez-detruire-ce-dossier-J5QTJZOIGVGURKOBPGXCZZDCYU\/\" target=\"_blank\" rel=\"noopener\">crimes contre l&rsquo;humanit\u00e9<\/a>\u00a0\u00bb et affirment que \u00ab\u00a0l&rsquo;Am\u00e9rique a connu des tendances similaires de la part des Britanniques\u00a0\u00bb au 19e si\u00e8cle.<\/p>\n<p class=\"ap-StoryElement ap-StoryElement--mb ap-StoryText\">Parmi les nombreux \u00c9tats europ\u00e9ens attaqu\u00e9s par cette publication, il n&rsquo;est pas \u00e9tonnant de voir la France et le Royaume-Uni pris comme cibles privil\u00e9gi\u00e9es par la Russie. Le couple franco-britannique est en effet apparu comme leaders d&rsquo;une<a href=\"https:\/\/www.lalibre.be\/international\/europe\/2025\/03\/02\/les-europeens-sorganisent-pour-renforcer-leur-soutien-a-lukraine-en-anticipant-un-possible-desengagement-americain-56L572SZ5BCPXI3DRDSRSDFLJU\/\" target=\"_blank\" rel=\"noopener\"> certaine coh\u00e9sion europ\u00e9enne<\/a> pour faire face aux <a href=\"https:\/\/www.lalibre.be\/international\/europe\/guerre-ukraine-russie\/2025\/04\/19\/guerre-en-ukraine-donald-trump-menace-de-se-retirer-des-negociations-pour-un-cessez-le-feu-IHMMD6AWLBEIBNAEA3WKWPSMZ4\/\" target=\"_blank\" rel=\"noopener\">menaces de d\u00e9sengagement de la part de Donald Trump<\/a> dans la guerre en Ukraine.<\/p>\n<p><a href=\"https:\/\/www.lalibre.be\/international\/europe\/guerre-ukraine-russie\/2025\/03\/02\/starmer-et-macron-a-la-tete-dun-nouveau-plan-de-paix-en-ukraine-nous-devons-faire-le-pont-entre-les-differentes-parties-3WZLGQUEU5CIVJFF4NGEUL5BC4\/\" target=\"_blank\" rel=\"noopener noreferrer\" class=\"ap-StoryInterstitialLink ap-StoryElement ap-StoryElement--mb\">Starmer et Macron \u00e0 la t\u00eate d&rsquo;un nouveau plan de paix en Ukraine: \u00ab\u00a0Nous devons faire le pont entre les diff\u00e9rentes parties\u00a0\u00bb<\/a><\/p>\n<p class=\"ap-StoryElement ap-StoryElement--mb ap-StoryText\">Le service de renseignement ext\u00e9rieur de Russie liste ainsi les rapprochements entre <a href=\"https:\/\/www.lalibre.be\/international\/europe\/guerre-ukraine-russie\/2025\/03\/25\/mort-a-poutine-le-nouvel-hitler-meurtrier-et-scelerat-lopposant-alexandre-skobov-condamne-a-16-ans-de-prison-apres-un-ultime-requisitoire-E6IR7HPRUJFMLO2HG3ZLFNHG6Y\/\" target=\"_blank\" rel=\"noopener\">Moscou et Washington <\/a>qui ont eu lieu au cours de l&rsquo;histoire. \u00ab\u00a0En ce qui concerne les relations russo-am\u00e9ricaines dans le contexte des \u00e9v\u00e9nements pass\u00e9s et actuels, les cercles d&rsquo;experts \u00e9trangers expriment l&rsquo;espoir d&rsquo;une nouvelle unification des efforts de Moscou et de Washington, capable d&#8217;emp\u00eacher le monde de glisser vers un nouveau conflit global et de r\u00e9sister aux \u00e9ventuelles provocations de l&rsquo;Ukraine et des &lsquo;Europ\u00e9ens fous&rsquo;, traditionnellement encourag\u00e9s par la Grande-Bretagne\u00a0\u00bb, conclut le SRI.<\/p>\n<p>Pour acc\u00e9der \u00e0 cet article, veuillez vous connecter au r\u00e9seau internet.<\/p>\n","protected":false},"excerpt":{"rendered":"Le 16 avril dernier, le service de renseignement ext\u00e9rieur de la Russie a publi\u00e9 un communiqu\u00e9 de presse&hellip;\n","protected":false},"author":2,"featured_media":39846,"comment_status":"","ping_status":"","sticky":false,"template":"","format":"standard","meta":{"footnotes":""},"categories":[1591],"tags":[11,2122,75,1887,12,1885,1886,132,135],"class_list":{"0":"post-39845","1":"post","2":"type-post","3":"status-publish","4":"format-standard","5":"has-post-thumbnail","7":"category-russie","8":"tag-actualites","9":"tag-conflit-russie-ukraine","10":"tag-donald-trump","11":"tag-federation-de-russie","12":"tag-news","13":"tag-russia","14":"tag-russian-federation","15":"tag-russie","16":"tag-vladimir-poutine"},"share_on_mastodon":{"url":"https:\/\/pubeurope.com\/@fr\/114372382776041631","error":""},"_links":{"self":[{"href":"https:\/\/www.europesays.com\/fr\/wp-json\/wp\/v2\/posts\/39845","targetHints":{"allow":["GET"]}}],"collection":[{"href":"https:\/\/www.europesays.com\/fr\/wp-json\/wp\/v2\/posts"}],"about":[{"href":"https:\/\/www.europesays.com\/fr\/wp-json\/wp\/v2\/types\/post"}],"author":[{"embeddable":true,"href":"https:\/\/www.europesays.com\/fr\/wp-json\/wp\/v2\/users\/2"}],"replies":[{"embeddable":true,"href":"https:\/\/www.europesays.com\/fr\/wp-json\/wp\/v2\/comments?post=39845"}],"version-history":[{"count":0,"href":"https:\/\/www.europesays.com\/fr\/wp-json\/wp\/v2\/posts\/39845\/revisions"}],"wp:featuredmedia":[{"embeddable":true,"href":"https:\/\/www.europesays.com\/fr\/wp-json\/wp\/v2\/media\/39846"}],"wp:attachment":[{"href":"https:\/\/www.europesays.com\/fr\/wp-json\/wp\/v2\/media?parent=39845"}],"wp:term":[{"taxonomy":"category","embeddable":true,"href":"https:\/\/www.europesays.com\/fr\/wp-json\/wp\/v2\/categories?post=39845"},{"taxonomy":"post_tag","embeddable":true,"href":"https:\/\/www.europesays.com\/fr\/wp-json\/wp\/v2\/tags?post=39845"}],"curies":[{"name":"wp","href":"https:\/\/api.w.org\/{rel}","templated":true}]}}