{"id":398452,"date":"2025-09-17T22:02:13","date_gmt":"2025-09-17T22:02:13","guid":{"rendered":"https:\/\/www.europesays.com\/fr\/398452\/"},"modified":"2025-09-17T22:02:13","modified_gmt":"2025-09-17T22:02:13","slug":"tout-le-monde-pourra-sexprimer-confie-le-president-dhonneur-david-foenkinos","status":"publish","type":"post","link":"https:\/\/www.europesays.com\/fr\/398452\/","title":{"rendered":"\u00ab Tout le monde pourra s\u2019exprimer \u00bb, confie le pr\u00e9sident d&rsquo;honneur David Foenkinos"},"content":{"rendered":"<p><strong>Vos livres ont souvent en commun une grande attention \u00e0 la fragilit\u00e9 humaine et aux liens entre les \u00eatres. Avec le recul, <a href=\"https:\/\/www.estrepublicain.fr\/culture-loisirs\/2025\/06\/11\/livres-dans-la-boucle-david-foenkinos-parrain-de-la-10e-edition\" target=\"_blank\" rel=\"noopener\">voyez-vous un fil conducteur<\/a> dans tout votre travail ?<\/strong><\/p>\n<p>Oui, c\u2019est vrai. Pendant longtemps, j\u2019ai pens\u00e9 que mes livres \u00e9taient tr\u00e8s diff\u00e9rents les uns des autres. On ne pouvait pas vraiment trouver de point commun entre La d\u00e9licatesse et Charlotte par exemple. Mais je me suis rendu compte que beaucoup de th\u00e8mes revenaient d\u2019une mani\u00e8re obsessionnelle, comme celui de la seconde vie ou de la consolation par la beaut\u00e9 et l\u2019art.<\/p>\n<p><strong>Comment d\u00e9finiriez-vous votre \u00e9volution d\u2019auteur, de&#8230;<\/strong><\/p>\n","protected":false},"excerpt":{"rendered":"Vos livres ont souvent en commun une grande attention \u00e0 la fragilit\u00e9 humaine et aux liens entre les&hellip;\n","protected":false},"author":2,"featured_media":398453,"comment_status":"","ping_status":"","sticky":false,"template":"","format":"standard","meta":{"footnotes":""},"categories":[1357],"tags":[10112,14382,1379,1687,58,14383,59,1685,1011,27,1380,2410,11058],"class_list":{"0":"post-398452","1":"post","2":"type-post","3":"status-publish","4":"format-standard","5":"has-post-thumbnail","7":"category-livres","8":"tag-besancon","9":"tag-besancon-ville-25a","10":"tag-books","11":"tag-culture-loisirs","12":"tag-divertissement","13":"tag-edition-besancon","14":"tag-entertainment","15":"tag-foire-et-salon","16":"tag-fr","17":"tag-france","18":"tag-livres","19":"tag-livres-bd","20":"tag-region-franche-comte"},"share_on_mastodon":{"url":"https:\/\/pubeurope.com\/@fr\/115221898466682865","error":""},"_links":{"self":[{"href":"https:\/\/www.europesays.com\/fr\/wp-json\/wp\/v2\/posts\/398452","targetHints":{"allow":["GET"]}}],"collection":[{"href":"https:\/\/www.europesays.com\/fr\/wp-json\/wp\/v2\/posts"}],"about":[{"href":"https:\/\/www.europesays.com\/fr\/wp-json\/wp\/v2\/types\/post"}],"author":[{"embeddable":true,"href":"https:\/\/www.europesays.com\/fr\/wp-json\/wp\/v2\/users\/2"}],"replies":[{"embeddable":true,"href":"https:\/\/www.europesays.com\/fr\/wp-json\/wp\/v2\/comments?post=398452"}],"version-history":[{"count":0,"href":"https:\/\/www.europesays.com\/fr\/wp-json\/wp\/v2\/posts\/398452\/revisions"}],"wp:featuredmedia":[{"embeddable":true,"href":"https:\/\/www.europesays.com\/fr\/wp-json\/wp\/v2\/media\/398453"}],"wp:attachment":[{"href":"https:\/\/www.europesays.com\/fr\/wp-json\/wp\/v2\/media?parent=398452"}],"wp:term":[{"taxonomy":"category","embeddable":true,"href":"https:\/\/www.europesays.com\/fr\/wp-json\/wp\/v2\/categories?post=398452"},{"taxonomy":"post_tag","embeddable":true,"href":"https:\/\/www.europesays.com\/fr\/wp-json\/wp\/v2\/tags?post=398452"}],"curies":[{"name":"wp","href":"https:\/\/api.w.org\/{rel}","templated":true}]}}