{"id":398472,"date":"2025-09-17T22:12:12","date_gmt":"2025-09-17T22:12:12","guid":{"rendered":"https:\/\/www.europesays.com\/fr\/398472\/"},"modified":"2025-09-17T22:12:12","modified_gmt":"2025-09-17T22:12:12","slug":"la-mairie-de-corbeil-essonnes-va-distribuer-1-000-drapeaux-palestiniens-a-ses-habitants-liberation","status":"publish","type":"post","link":"https:\/\/www.europesays.com\/fr\/398472\/","title":{"rendered":"La mairie de Corbeil-Essonnes va distribuer 1\u00a0000 drapeaux palestiniens \u00e0 ses habitants \u2013 Lib\u00e9ration"},"content":{"rendered":"<p class=\"sc-cPiKLX AiZTS text-element\">\u00abUn des moyens de marquer sa solidarit\u00e9, c\u2019est de mettre un drapeau palestinien \u00e0 la fen\u00eatre de son logement. Nous prenons donc l\u2019initiative, lundi \u00e0 18h30 devant l\u2019h\u00f4tel de ville, de donner 1 000 drapeaux, que nous avons d\u00e9j\u00e0 fait imprimer, \u00e0 celles et ceux qui pourront les r\u00e9cup\u00e9rer\u00bb, d\u00e9taille le maire \u00e9lu en 2020, qui ajoute : \u00abJe suis impatient de mettre mon petit drapeau \u00e0 la fen\u00eatre de mon appartement.\u00bb Bruno Piriou veut voir dans cette action \u00abune mobilisation g\u00e9n\u00e9rale\u00bb pour rendre \u00abhonteux\u00bb <a href=\"https:\/\/www.liberation.fr\/international\/moyen-orient\/israel-fait-appel-du-mandat-darret-de-la-cpi-contre-netanyahou-et-demande-la-suspension-de-son-execution-20241127_KPMADTBBFRG5XCW46PUSZUOKDI\/\" target=\"_blank\" rel=\"noreferrer noopener\" title=\"https:\/\/www.liberation.fr\/international\/moyen-orient\/israel-fait-appel-du-mandat-darret-de-la-cpi-contre-netanyahou-et-demande-la-suspension-de-son-execution-20241127_KPMADTBBFRG5XCW46PUSZUOKDI\/\">Benyamin N\u00e9tanyahou<\/a> et \u00able mettre au ban de l\u2019humanit\u00e9\u00bb. <\/p>\n<p class=\"sc-cPiKLX AiZTS text-element\">L\u2019\u00e9dile formule d\u2019ailleurs le souhait que son initiative d\u00e9passe les fronti\u00e8res de sa commune et que ses alter ego imitent sa d\u00e9marche. \u00abJe me l\u00e8ve tous les matins avec l\u2019annonce de nouveaux morts en Palestine et en me demandant ce que je peux faire avec mon pouvoir de maire de <a href=\"https:\/\/www.liberation.fr\/societe\/corbeil-essonnes-les-tarterets-corbeille-de-vieilles-scenes-et-de-memes-repliques-20210912_QXLWVMLHA5CQ7GAXYOP2U54HOU\/\" target=\"_blank\" rel=\"noreferrer noopener\" title=\"https:\/\/www.liberation.fr\/societe\/corbeil-essonnes-les-tarterets-corbeille-de-vieilles-scenes-et-de-memes-repliques-20210912_QXLWVMLHA5CQ7GAXYOP2U54HOU\/\">la 120e ville de France.<\/a> S\u2019il y avait une majorit\u00e9 de villes o\u00f9 une majorit\u00e9 d\u2019habitants mettait le drapeau \u00e0 sa fen\u00eatre, bien s\u00fbr que \u00e7a cr\u00e9erait un rapport de force\u00bb, abonde-t-il. L\u2019\u00e9lu assurant au passage avoir \u00abtout de suite condamn\u00e9\u00bb <a href=\"https:\/\/www.liberation.fr\/international\/moyen-orient\/dun-7-octobre-a-lautre-le-long-de-la-route-232-entre-la-bande-de-gaza-et-israel-20241006_UFRIHUTT6FEQZHVWC7VJOPULOI\/\" target=\"_blank\" rel=\"noreferrer noopener\" title=\"https:\/\/www.liberation.fr\/international\/moyen-orient\/dun-7-octobre-a-lautre-le-long-de-la-route-232-entre-la-bande-de-gaza-et-israel-20241006_UFRIHUTT6FEQZHVWC7VJOPULOI\/\">les attaques terroristes du 7 Octobre commises par le Hamas<\/a> dont il \u00ab[combat] l\u2019id\u00e9ologie\u00bb. <\/p>\n<p class=\"sc-cPiKLX AiZTS text-element\">Son espoir d\u2019\u00eatre rejoint par d\u2019autres \u00e9lus s\u2019appuie sur une premi\u00e8re r\u00e9ussite en la mati\u00e8re selon lui. En avril 2024, le maire de Corbeil-Essonnes avait \u00e9t\u00e9 l\u2019un des tout premiers \u00e0 pavoiser son h\u00f4tel de ville du drapeau palestinien. Le geste symbolique a depuis \u00e9t\u00e9 reproduit par plusieurs \u00e9diles de gauche, \u00e0 l\u2019instar de <a href=\"https:\/\/www.liberation.fr\/politique\/apres-saint-denis-la-ville-de-gennevilliers-sommee-de-retirer-le-drapeau-palestinien-de-son-fronton-20250616_LXSPLEGPKFAQHE3WC5GZ7FGGRI\/\" target=\"_blank\" rel=\"noreferrer noopener\" title=\"https:\/\/www.liberation.fr\/politique\/apres-saint-denis-la-ville-de-gennevilliers-sommee-de-retirer-le-drapeau-palestinien-de-son-fronton-20250616_LXSPLEGPKFAQHE3WC5GZ7FGGRI\/\">Patrice Leclerc \u00e0 Gennevilliers<\/a> ou d\u2019Anne Vignot \u00e0 Besan\u00e7on, mais pas seulement. A Roubaix, le divers droite Guillaume Delbar avait aussi accroch\u00e9 le pavillon au fronton de la mairie. Des pr\u00e9c\u00e9dents encourageants pour le maire de Corbeil. <\/p>\n","protected":false},"excerpt":{"rendered":"\u00abUn des moyens de marquer sa solidarit\u00e9, c\u2019est de mettre un drapeau palestinien \u00e0 la fen\u00eatre de son&hellip;\n","protected":false},"author":2,"featured_media":398473,"comment_status":"","ping_status":"","sticky":false,"template":"","format":"standard","meta":{"footnotes":""},"categories":[4],"tags":[11,1011,27,662,3523,12,3518,25],"class_list":{"0":"post-398472","1":"post","2":"type-post","3":"status-publish","4":"format-standard","5":"has-post-thumbnail","7":"category-france","8":"tag-actualites","9":"tag-fr","10":"tag-france","11":"tag-ile-de-france","12":"tag-israel-palestine-conflit","13":"tag-news","14":"tag-palestine","15":"tag-republique-francaise"},"share_on_mastodon":{"url":"https:\/\/pubeurope.com\/@fr\/115221937803278994","error":""},"_links":{"self":[{"href":"https:\/\/www.europesays.com\/fr\/wp-json\/wp\/v2\/posts\/398472","targetHints":{"allow":["GET"]}}],"collection":[{"href":"https:\/\/www.europesays.com\/fr\/wp-json\/wp\/v2\/posts"}],"about":[{"href":"https:\/\/www.europesays.com\/fr\/wp-json\/wp\/v2\/types\/post"}],"author":[{"embeddable":true,"href":"https:\/\/www.europesays.com\/fr\/wp-json\/wp\/v2\/users\/2"}],"replies":[{"embeddable":true,"href":"https:\/\/www.europesays.com\/fr\/wp-json\/wp\/v2\/comments?post=398472"}],"version-history":[{"count":0,"href":"https:\/\/www.europesays.com\/fr\/wp-json\/wp\/v2\/posts\/398472\/revisions"}],"wp:featuredmedia":[{"embeddable":true,"href":"https:\/\/www.europesays.com\/fr\/wp-json\/wp\/v2\/media\/398473"}],"wp:attachment":[{"href":"https:\/\/www.europesays.com\/fr\/wp-json\/wp\/v2\/media?parent=398472"}],"wp:term":[{"taxonomy":"category","embeddable":true,"href":"https:\/\/www.europesays.com\/fr\/wp-json\/wp\/v2\/categories?post=398472"},{"taxonomy":"post_tag","embeddable":true,"href":"https:\/\/www.europesays.com\/fr\/wp-json\/wp\/v2\/tags?post=398472"}],"curies":[{"name":"wp","href":"https:\/\/api.w.org\/{rel}","templated":true}]}}