{"id":398502,"date":"2025-09-17T22:30:24","date_gmt":"2025-09-17T22:30:24","guid":{"rendered":"https:\/\/www.europesays.com\/fr\/398502\/"},"modified":"2025-09-17T22:30:24","modified_gmt":"2025-09-17T22:30:24","slug":"water-polo-trois-points-sans-soucis-pour-le-team-strasbourg","status":"publish","type":"post","link":"https:\/\/www.europesays.com\/fr\/398502\/","title":{"rendered":"Water-polo. Trois points sans soucis pour le Team Strasbourg"},"content":{"rendered":"<p>Deuxi\u00e8me victoire en deux matches pour le Team Strasbourg qui r\u00e9ussit son d\u00e9but de saison profitant, certes, d\u2019un calendrier cl\u00e9ment. Ce mercredi soir, ce sont les Ni\u00e7ois qui sont pass\u00e9s sous les fourches caudines des hommes d\u2019Olivier Chandieu (8-16).<\/p>\n<p>La premi\u00e8re p\u00e9riode est infernale pour les Azur\u00e9ens qui encaissent six buts et ratent leur trois sup\u00e9riorit\u00e9s num\u00e9riques (zones +). Gardasevic ouvre le score puis Pierre Chandieu l\u2019imite avant de marquer sur penalty (0-3).<\/p>\n<p>Misic s\u2019invite \u00e0 la f\u00eate (0-4), suivi par Gardasevic et Vitrant (0-6). Apr\u00e8s une p\u00e9riode, Nice est&#8230;<\/p>\n","protected":false},"excerpt":{"rendered":"Deuxi\u00e8me victoire en deux matches pour le Team Strasbourg qui r\u00e9ussit son d\u00e9but de saison profitant, certes, d\u2019un&hellip;\n","protected":false},"author":2,"featured_media":398503,"comment_status":"","ping_status":"","sticky":false,"template":"","format":"standard","meta":{"footnotes":""},"categories":[2820],"tags":[1111,11,2649,2880,1777,674,1011,27,775,12,25,517,640,2879,43653,7488],"class_list":{"0":"post-398502","1":"post","2":"type-post","3":"status-publish","4":"format-standard","5":"has-post-thumbnail","7":"category-strasbourg","8":"tag-actu","9":"tag-actualites","10":"tag-bas-rhin","11":"tag-edition-strasbourg","12":"tag-eu","13":"tag-europe","14":"tag-fr","15":"tag-france","16":"tag-grand-est","17":"tag-news","18":"tag-republique-francaise","19":"tag-sport","20":"tag-strasbourg","21":"tag-strasbourg-ville","22":"tag-team-strasbourg","23":"tag-water-polo"},"share_on_mastodon":{"url":"https:\/\/pubeurope.com\/@fr\/115222008649078116","error":""},"_links":{"self":[{"href":"https:\/\/www.europesays.com\/fr\/wp-json\/wp\/v2\/posts\/398502","targetHints":{"allow":["GET"]}}],"collection":[{"href":"https:\/\/www.europesays.com\/fr\/wp-json\/wp\/v2\/posts"}],"about":[{"href":"https:\/\/www.europesays.com\/fr\/wp-json\/wp\/v2\/types\/post"}],"author":[{"embeddable":true,"href":"https:\/\/www.europesays.com\/fr\/wp-json\/wp\/v2\/users\/2"}],"replies":[{"embeddable":true,"href":"https:\/\/www.europesays.com\/fr\/wp-json\/wp\/v2\/comments?post=398502"}],"version-history":[{"count":0,"href":"https:\/\/www.europesays.com\/fr\/wp-json\/wp\/v2\/posts\/398502\/revisions"}],"wp:featuredmedia":[{"embeddable":true,"href":"https:\/\/www.europesays.com\/fr\/wp-json\/wp\/v2\/media\/398503"}],"wp:attachment":[{"href":"https:\/\/www.europesays.com\/fr\/wp-json\/wp\/v2\/media?parent=398502"}],"wp:term":[{"taxonomy":"category","embeddable":true,"href":"https:\/\/www.europesays.com\/fr\/wp-json\/wp\/v2\/categories?post=398502"},{"taxonomy":"post_tag","embeddable":true,"href":"https:\/\/www.europesays.com\/fr\/wp-json\/wp\/v2\/tags?post=398502"}],"curies":[{"name":"wp","href":"https:\/\/api.w.org\/{rel}","templated":true}]}}