{"id":398507,"date":"2025-09-17T22:33:12","date_gmt":"2025-09-17T22:33:12","guid":{"rendered":"https:\/\/www.europesays.com\/fr\/398507\/"},"modified":"2025-09-17T22:33:12","modified_gmt":"2025-09-17T22:33:12","slug":"un-futur-hotel-a-la-place-du-hangar-12","status":"publish","type":"post","link":"https:\/\/www.europesays.com\/fr\/398507\/","title":{"rendered":"Un futur h\u00f4tel \u00e0 la place du hangar 12"},"content":{"rendered":"<p>Le hangar 12, situ\u00e9 quai Marquis-d\u2019Aiguillon, rive droite de la Loire, ne sera bient\u00f4t plus qu\u2019un souvenir. Le groupe Giboire vient d\u2019\u00eatre retenu pour r\u00e9aliser un programme immobilier mixte. Il a \u00e9t\u00e9 retenu dans le cadre d\u2019un appel \u00e0 manifestation d\u2019int\u00e9r\u00eat lanc\u00e9 par Nantes-Saint-Nazaire port. Ce mercredi 17\u00a0septembre, la signature d\u2019une promesse de convention d\u2019occupation temporaire du domaine portuaire vient de lancer le coup d\u2019envoi de ce projet.<\/p>\n<p>Sur ce site, le groupe Giboire pr\u00e9voit un programme immobilier comprenant des restaurants, bureaux, services et commerces, mais aussi un h\u00f4tel.<\/p>\n<p>Le quai Marquis-d\u2019Aiguillon tr\u00e8s d\u00e9grad\u00e9<\/p>\n<p>Avant de lancer ce projet, baptis\u00e9 L\u2019escale, la r\u00e9habilitation du quai Marquis-d\u2019Aiguillon doit \u00eatre imp\u00e9rativement engag\u00e9e. Mis en service en 1936, son \u00e9tat s\u2019est consid\u00e9rablement d\u00e9grad\u00e9 ces derni\u00e8res ann\u00e9es, certaines portions \u00e9tant d\u2019ailleurs ferm\u00e9es au public.<\/p>\n<p>Des diagnostics r\u00e9guliers sont effectu\u00e9s. Des travaux seront prochainement engag\u00e9s par Nantes-Saint-Nazaire Port afin de le s\u00e9curiser et permettre sa r\u00e9ouverture au public. Avant l\u2019\u00e9t\u00e9 2026, un dispositif sera mis en place afin de contenir l\u2019\u00e9rosion.<\/p>\n<p>\u00c0 partir de 2028, le hangar 12\u00a0sera d\u00e9moli avant d\u2019engager la r\u00e9habilitation des structures du quai en b\u00e9ton arm\u00e9. Le lancement du programme immobilier pourra ensuite entrer dans sa phase concr\u00e8te.<\/p>\n<p>\u00a0<\/p>\n","protected":false},"excerpt":{"rendered":"Le hangar 12, situ\u00e9 quai Marquis-d\u2019Aiguillon, rive droite de la Loire, ne sera bient\u00f4t plus qu\u2019un souvenir. Le&hellip;\n","protected":false},"author":2,"featured_media":398508,"comment_status":"","ping_status":"","sticky":false,"template":"","format":"standard","meta":{"footnotes":""},"categories":[2818],"tags":[6888,1111,11,1777,674,1011,27,5852,22350,190,766,12,2636,5536,25],"class_list":{"0":"post-398507","1":"post","2":"type-post","3":"status-publish","4":"format-standard","5":"has-post-thumbnail","7":"category-nantes","8":"tag-6888","9":"tag-actu","10":"tag-actualites","11":"tag-eu","12":"tag-europe","13":"tag-fr","14":"tag-france","15":"tag-futur","16":"tag-hangar","17":"tag-hotel","18":"tag-nantes","19":"tag-news","20":"tag-pays-de-la-loire","21":"tag-place","22":"tag-republique-francaise"},"share_on_mastodon":{"url":"https:\/\/pubeurope.com\/@fr\/115222020370634106","error":""},"_links":{"self":[{"href":"https:\/\/www.europesays.com\/fr\/wp-json\/wp\/v2\/posts\/398507","targetHints":{"allow":["GET"]}}],"collection":[{"href":"https:\/\/www.europesays.com\/fr\/wp-json\/wp\/v2\/posts"}],"about":[{"href":"https:\/\/www.europesays.com\/fr\/wp-json\/wp\/v2\/types\/post"}],"author":[{"embeddable":true,"href":"https:\/\/www.europesays.com\/fr\/wp-json\/wp\/v2\/users\/2"}],"replies":[{"embeddable":true,"href":"https:\/\/www.europesays.com\/fr\/wp-json\/wp\/v2\/comments?post=398507"}],"version-history":[{"count":0,"href":"https:\/\/www.europesays.com\/fr\/wp-json\/wp\/v2\/posts\/398507\/revisions"}],"wp:featuredmedia":[{"embeddable":true,"href":"https:\/\/www.europesays.com\/fr\/wp-json\/wp\/v2\/media\/398508"}],"wp:attachment":[{"href":"https:\/\/www.europesays.com\/fr\/wp-json\/wp\/v2\/media?parent=398507"}],"wp:term":[{"taxonomy":"category","embeddable":true,"href":"https:\/\/www.europesays.com\/fr\/wp-json\/wp\/v2\/categories?post=398507"},{"taxonomy":"post_tag","embeddable":true,"href":"https:\/\/www.europesays.com\/fr\/wp-json\/wp\/v2\/tags?post=398507"}],"curies":[{"name":"wp","href":"https:\/\/api.w.org\/{rel}","templated":true}]}}