{"id":39851,"date":"2025-04-20T21:22:20","date_gmt":"2025-04-20T21:22:20","guid":{"rendered":"https:\/\/www.europesays.com\/fr\/39851\/"},"modified":"2025-04-20T21:22:20","modified_gmt":"2025-04-20T21:22:20","slug":"des-milliers-de-britanniques-vent-debout-contre-la-definition-dune-femme-donnee-par-la-cour-supreme","status":"publish","type":"post","link":"https:\/\/www.europesays.com\/fr\/39851\/","title":{"rendered":"des milliers de Britanniques vent debout contre la d\u00e9finition d\u2019une femme donn\u00e9e par la Cour supr\u00eame"},"content":{"rendered":"<p>Des milliers de militants pour les droits des personnes trans se sont rassembl\u00e9s sur la place du Parlement \u00e0 Londres, quelques jours apr\u00e8s que la Cour supr\u00eame du Royaume-Uni a statu\u00e9 qu&rsquo;une femme est une personne n\u00e9e biologiquement de sexe f\u00e9minin, excluant ainsi les femmes transgenres de la d\u00e9finition l\u00e9gale.<\/p>\n<p>Les manifestants s&rsquo;inqui\u00e8tent des cons\u00e9quences que cet arr\u00eat peut avoir sur les droits des transgenres.<\/p>\n<p>\u00ab\u00a0C&rsquo;est un moment terrifiant que de se voir retirer ses droits\u00a0\u00bb, a d\u00e9clar\u00e9 Sophie Gibbs, une jeune femme transgenre de 19 ans. \u00ab\u00a0Cela me rend triste de penser que nous vivons dans une soci\u00e9t\u00e9 qui semble si progressiste aujourd&rsquo;hui mais qui est pr\u00eate \u00e0 prendre une d\u00e9cision aussi dangereuse et nuisible\u00a0\u00bb.<\/p>\n<p><img decoding=\"async\" class=\"caas-img caas-lazy has-preview\" alt=\"Des participants \u00e0 la manifestation.\" src=\"https:\/\/www.europesays.com\/fr\/wp-content\/uploads\/2025\/04\/ca205bd2b32ceba0f02b676c93e17567.jpeg\"\/><\/p>\n<p> Des participants \u00e0 la manifestation.   &#8211; Copyright 2025 The Associated Press. All rights reserved <\/p>\n<p>La Cour supr\u00eame du Royaume-Uni a d\u00e9clar\u00e9 que les termes \u00ab\u00a0femme\u00a0\u00bb et \u00ab\u00a0sexe\u00a0\u00bb figurant dans la loi de 2010 sur l&rsquo;\u00e9galit\u00e9 <strong>se r\u00e9f\u00e8rent au sexe biologique et non \u00e0 l&rsquo;identit\u00e9 de genre.<\/strong><\/p>\n<p>Cette d\u00e9cision signifie essentiellement que les femmes transgenres titulaires d&rsquo;un certificat de reconnaissance de genre ne sont pas consid\u00e9r\u00e9es comme des femmes aux yeux de la loi.<\/p>\n<p>La communaut\u00e9 transgenre craint que ce jugement historique ne porte atteinte \u00e0 ses droits et ne serve de catalyseur \u00e0 d&rsquo;autres jugements qui \u00e9roderaient les progr\u00e8s accomplis ces derni\u00e8res ann\u00e9es.<\/p>\n<blockquote class=\"caas-blockquote\">\n<p>C&rsquo;est la bo\u00eete de Pandore !<\/p>\n<\/blockquote>\n<p>La plus haute juridiction du Royaume-Uni a d\u00e9clar\u00e9 pourtant que les personnes transgenres restaient prot\u00e9g\u00e9es contre la discrimination.<\/p>\n<p><img decoding=\"async\" class=\"caas-img caas-lazy has-preview\" alt=\"Des milliers de personnes se sont rassembl\u00e9es \u00e0 Londres, samedi, pour soutenir les droits des transgenres.\" src=\"https:\/\/www.europesays.com\/fr\/wp-content\/uploads\/2025\/04\/262dc9053350877f27b39a42f3314666.jpeg\"\/><\/p>\n<p> Des milliers de personnes se sont rassembl\u00e9es \u00e0 Londres, samedi, pour soutenir les droits des transgenres.   &#8211; Copyright 2025 The Associated Press. All rights reserved <\/p>\n<p>Le directeur de la Commission pour l&rsquo;\u00e9galit\u00e9 et les droits de l&rsquo;homme a d\u00e9clar\u00e9 que cette d\u00e9cision signifierait que les femmes transgenres seraient exclues des toilettes pour femmes, des services hospitaliers et des \u00e9quipes sportives f\u00e9minines.<\/p>\n<p>Le Premier ministre \u00e9cossais, John Swinney, a d\u00e9clar\u00e9 samedi qu&rsquo;il \u00ab\u00a0comprenait\u00a0\u00bb la \u00ab\u00a0douleur et l&rsquo;angoisse\u00a0\u00bb ressenties par les personnes transgenres \u00e0 la suite du verdict, tout en admettant que la d\u00e9cision devait \u00eatre respect\u00e9e.<\/p>\n<p>Selon le dernier recensement, quelque 116 000 personnes se sont identifi\u00e9es comme transgenres en Grande-Bretagne. Environ 8 500 certificats de reconnaissance de genre ont \u00e9t\u00e9 d\u00e9livr\u00e9s.<\/p>\n<p>L&rsquo;arr\u00eat de la Cour supr\u00eame d\u00e9coule d&rsquo;une loi adopt\u00e9e en 2018 par le Parlement \u00e9cossais, qui impose la pr\u00e9sence d&rsquo;au moins 50 % de femmes dans les conseils d&rsquo;administration des organismes publics \u00e9cossais. Les femmes transgenres titulaires d&rsquo;un certificat de reconnaissance de genre devaient \u00eatre prises en compte pour atteindre ce quota.<\/p>\n<p>L&rsquo;arr\u00eat a \u00e9t\u00e9 c\u00e9l\u00e9br\u00e9 par des groupes tels que For Women Scotland, soutenu par J. K. Rowling, qui affirme que la s\u00e9curit\u00e9 des femmes est \u00ab\u00a0menac\u00e9e\u00a0\u00bb par le fait d&rsquo;autoriser les femmes transgenres \u00e0 entrer dans des espaces non mixtes.<\/p>\n","protected":false},"excerpt":{"rendered":"Des milliers de militants pour les droits des personnes trans se sont rassembl\u00e9s sur la place du Parlement&hellip;\n","protected":false},"author":2,"featured_media":39852,"comment_status":"","ping_status":"","sticky":false,"template":"","format":"standard","meta":{"footnotes":""},"categories":[1588],"tags":[11,12355,1777,674,1294,12358,12356,8935,12,12357,473,1853,1851,1850,1852],"class_list":{"0":"post-39851","1":"post","2":"type-post","3":"status-publish","4":"format-standard","5":"has-post-thumbnail","7":"category-royaume-uni","8":"tag-actualites","9":"tag-certificat-de-reconnaissance","10":"tag-eu","11":"tag-europe","12":"tag-femme","13":"tag-femmes-transgenres","14":"tag-la-boite-de-pandore","15":"tag-la-cour","16":"tag-news","17":"tag-personnes-trans","18":"tag-royaume-uni","19":"tag-royaume-uni-de-grande-bretagne-et-dirlande-du-nord","20":"tag-uk","21":"tag-united-kingdom","22":"tag-united-kingdom-of-great-britain-and-northern-ireland"},"share_on_mastodon":{"url":"https:\/\/pubeurope.com\/@fr\/114372395242967302","error":""},"_links":{"self":[{"href":"https:\/\/www.europesays.com\/fr\/wp-json\/wp\/v2\/posts\/39851","targetHints":{"allow":["GET"]}}],"collection":[{"href":"https:\/\/www.europesays.com\/fr\/wp-json\/wp\/v2\/posts"}],"about":[{"href":"https:\/\/www.europesays.com\/fr\/wp-json\/wp\/v2\/types\/post"}],"author":[{"embeddable":true,"href":"https:\/\/www.europesays.com\/fr\/wp-json\/wp\/v2\/users\/2"}],"replies":[{"embeddable":true,"href":"https:\/\/www.europesays.com\/fr\/wp-json\/wp\/v2\/comments?post=39851"}],"version-history":[{"count":0,"href":"https:\/\/www.europesays.com\/fr\/wp-json\/wp\/v2\/posts\/39851\/revisions"}],"wp:featuredmedia":[{"embeddable":true,"href":"https:\/\/www.europesays.com\/fr\/wp-json\/wp\/v2\/media\/39852"}],"wp:attachment":[{"href":"https:\/\/www.europesays.com\/fr\/wp-json\/wp\/v2\/media?parent=39851"}],"wp:term":[{"taxonomy":"category","embeddable":true,"href":"https:\/\/www.europesays.com\/fr\/wp-json\/wp\/v2\/categories?post=39851"},{"taxonomy":"post_tag","embeddable":true,"href":"https:\/\/www.europesays.com\/fr\/wp-json\/wp\/v2\/tags?post=39851"}],"curies":[{"name":"wp","href":"https:\/\/api.w.org\/{rel}","templated":true}]}}