{"id":398551,"date":"2025-09-17T22:59:16","date_gmt":"2025-09-17T22:59:16","guid":{"rendered":"https:\/\/www.europesays.com\/fr\/398551\/"},"modified":"2025-09-17T22:59:16","modified_gmt":"2025-09-17T22:59:16","slug":"la-fed-baisse-ses-taux-dinteret-le-gouverneur-promu-par-trump-voulait-une-detente-plus-forte-18-09-2025-a-0006","status":"publish","type":"post","link":"https:\/\/www.europesays.com\/fr\/398551\/","title":{"rendered":"La Fed baisse ses taux d&rsquo;int\u00e9r\u00eat, le gouverneur promu par Trump voulait une d\u00e9tente plus forte &#8211; 18\/09\/2025 \u00e0 00:06"},"content":{"rendered":"<p>        <img fetchpriority=\"high\" decoding=\"async\" src=\"https:\/\/www.europesays.com\/fr\/wp-content\/uploads\/2025\/09\/91dec455811226404611651157f1c775-760x507.jpg\" alt=\"Le pr\u00e9sident de la Fed Jerome Powell lors d'une conf\u00e9rence de presse, le 17 septembre 2025 \u00e0 Washington ( AFP \/ Jim WATSON )\" loading=\"eager\" width=\"760\" height=\"507\" style=\"max-width: 100%!important; height: auto;\"\/><\/p>\n<p class=\"c-image-news__legend\">Le pr\u00e9sident de la Fed Jerome Powell lors d&rsquo;une conf\u00e9rence de presse, le 17 septembre 2025 \u00e0 Washington ( AFP \/ Jim WATSON )<\/p>\n<p>\n La R\u00e9serve f\u00e9d\u00e9rale am\u00e9ricaine (Fed) a baiss\u00e9 mercredi ses taux d&rsquo;int\u00e9r\u00eat pour la premi\u00e8re fois de l&rsquo;ann\u00e9e, dans une proportion jug\u00e9e trop timor\u00e9e par le nouveau gouverneur de l&rsquo;institution, tout juste promu par Donald Trump.\n<\/p>\n<p>\n La banque centrale des Etats-Unis a sans surprise abaiss\u00e9 ses taux directeurs d&rsquo;un quart de point de pourcentage. Et une courte majorit\u00e9 de ses responsables ont laiss\u00e9 la porte ouverte \u00e0 deux baisses suppl\u00e9mentaires d&rsquo;ici la fin de l&rsquo;ann\u00e9e.\n<\/p>\n<p>\n Les taux sont d\u00e9sormais compris entre 4% et 4,25%, soit toujours beaucoup plus \u00e9lev\u00e9s que ce que souhaite le pr\u00e9sident am\u00e9ricain.\n<\/p>\n<p>\n Aux Etats-Unis, la strat\u00e9gie mon\u00e9taire, relevant d&rsquo;ordinaire d&rsquo;un monde acad\u00e9mique et feutr\u00e9, a gliss\u00e9 vers la saga politique et la chronique judiciaire.\n<\/p>\n<p>\n Donald Trump reproche depuis plusieurs mois \u00e0 la Fed d&rsquo;avoir trop tard\u00e9 \u00e0 assouplir sa politique. Il vient d&rsquo;y placer un de ses fid\u00e8les et tente de limoger une gouverneure &#8211; l&rsquo;affaire est devant la justice.\n<\/p>\n<p>\n Lors de sa conf\u00e9rence de presse \u00e0 l&rsquo;issue de deux jours de r\u00e9union de politique mon\u00e9taire, le pr\u00e9sident de l&rsquo;institution Jerome Powell a soigneusement tent\u00e9 de ne parler que d&rsquo;\u00e9conomie.\n<\/p>\n<p>\n La R\u00e9serve f\u00e9d\u00e9rale \u00ab\u00a0a eu raison d&rsquo;attendre\u00a0\u00bb avant de baisser ses taux, a-t-il pos\u00e9, alors que le pr\u00e9sident am\u00e9ricain le surnomme \u00ab\u00a0Trop tard\u00a0\u00bb.\n<\/p>\n<p>\n Mercredi, seul le nouveau gouverneur install\u00e9 par M. Trump a vot\u00e9 contre la baisse de taux d&rsquo;un quart de point: Stephen Miran voulait une baisse plus franche, d&rsquo;un demi-point, selon un communiqu\u00e9 de l&rsquo;institution.\n<\/p>\n<p>        <img decoding=\"async\" src=\"https:\/\/www.europesays.com\/fr\/wp-content\/uploads\/2025\/09\/fd26fb18be33fcd65e2132905e0d88b9-760x608.jpg\" alt=\"Evolution du taux directeur de la R\u00e9serve f\u00e9d\u00e9rale am\u00e9ricaine ( AFP \/ Corin FAIFE )\" loading=\"eager\" width=\"760\" height=\"608\" style=\"max-width: 100%!important; height: auto;\"\/><\/p>\n<p class=\"c-image-news__legend\">Evolution du taux directeur de la R\u00e9serve f\u00e9d\u00e9rale am\u00e9ricaine ( AFP \/ Corin FAIFE )<\/p>\n<p>\n M. Miran a pris ses fonctions seulement mardi, juste \u00e0 temps pour la r\u00e9union. Il a jusque-l\u00e0 \u00e9t\u00e9 un d\u00e9fenseur z\u00e9l\u00e9 des initiatives du pr\u00e9sident, dont il dirige le Comit\u00e9 des conseillers \u00e9conomiques (CEA).\n<\/p>\n<p>\n Devant les s\u00e9nateurs charg\u00e9s de confirmer sa nomination, il a affirm\u00e9 qu&rsquo;il si\u00e9gerait en toute ind\u00e9pendance. Il a aussi pr\u00e9venu qu&rsquo;il ne d\u00e9missionnerait pas de son poste \u00e0 la Maison Blanche, son mandat \u00e0 la Fed n&rsquo;\u00e9tant pr\u00e9vu que pour durer quelques mois.\n<\/p>\n<p>\n Interrog\u00e9 sur cette situation in\u00e9dite, Jerome Powell a bott\u00e9 en touche et simplement soulign\u00e9 que la Fed \u00e9tait \u00ab\u00a0fermement d\u00e9termin\u00e9e \u00e0 pr\u00e9server (son) ind\u00e9pendance\u00a0\u00bb.\n<\/p>\n<p>\n Il a aussi refus\u00e9 de commenter la proc\u00e9dure judiciaire lanc\u00e9e par la gouverneure Lisa Cook pour r\u00e9sister \u00e0 sa tentative d&rsquo;\u00e9viction par Donald Trump.\n<\/p>\n<p> &#8211; Presque \u00ab\u00a0unis\u00a0\u00bb &#8211;<\/p>\n<p>\n Sur le plan \u00e9conomique, les responsables de la Fed se sont montr\u00e9s un peu plus optimistes concernant la croissance am\u00e9ricaine. Ils la voient d\u00e9sormais \u00e0 1,6% sur l&rsquo;ann\u00e9e 2025, contre 1,4% estim\u00e9 dans leurs pr\u00e9visions parues en juin.\n<\/p>\n<p>\n Cela repr\u00e9sente toutefois toujours un fort ralentissement par rapport \u00e0 la croissance enregistr\u00e9e en 2024 (+2,8%).\n<\/p>\n<p>        <img decoding=\"async\" src=\"https:\/\/www.europesays.com\/fr\/wp-content\/uploads\/2025\/09\/9abf49b56940ebe5db9c3cd661097a60-760x507.jpg\" alt=\"Stephen Miran, pr\u00e9sident du Comit\u00e9 des conseillers \u00e9conomiques (CEA) de la Maison Blanche, le 30 avril 2025 \u00e0 Washington ( AFP \/ Brendan SMIALOWSKI )\" loading=\"eager\" width=\"760\" height=\"507\" style=\"max-width: 100%!important; height: auto;\"\/><\/p>\n<p class=\"c-image-news__legend\">Stephen Miran, pr\u00e9sident du Comit\u00e9 des conseillers \u00e9conomiques (CEA) de la Maison Blanche, le 30 avril 2025 \u00e0 Washington ( AFP \/ Brendan SMIALOWSKI )<\/p>\n<p>\n Leurs autres pr\u00e9visions pour 2025 n&rsquo;ont pas \u00e9volu\u00e9 depuis juin. L&rsquo;inflation devrait s&rsquo;afficher \u00e0 3%, bien au-dessus de leur objectif de 2%, et le ch\u00f4mage \u00e0 4,5%, un peu plus que ce qui est consid\u00e9r\u00e9 comme le plein-emploi.\n<\/p>\n<p>\n Professeur d&rsquo;\u00e9conomie \u00e0 l&rsquo;universit\u00e9 Cornell, Ryan Chahrour trouve \u00ab\u00a0surprenant\u00a0\u00bb que la banque centrale ait baiss\u00e9 ses taux maintenant, tant l&rsquo;inflation r\u00e9siste.\n<\/p>\n<p>\n Il s&rsquo;attendait \u00e0 ce que des responsables pr\u00e9f\u00e8rent laisser les taux inchang\u00e9s mais pense que l&rsquo;unit\u00e9 affich\u00e9e au bout du compte (\u00e0 l&rsquo;exception de Stephen Miran) envoie un message \u00e0 l&rsquo;ext\u00e9rieur.\n<\/p>\n<p>\n \u00ab\u00a0Ils ne veulent pas rendre la situation encore plus confuse en paraissant divis\u00e9s. Se montrer unis devrait leur permettre de moins sentir la pression politique \u00e0 l&rsquo;avenir\u00a0\u00bb, a-t-il estim\u00e9 aupr\u00e8s de l&rsquo;AFP.\n<\/p>\n<p>\n L&rsquo;abaissement des taux de la Fed s&rsquo;imposait \u00ab\u00a0pour essayer d&rsquo;\u00e9viter de nouveaux licenciements dans cette \u00e9conomie\u00a0\u00bb en perte de vitesse, consid\u00e8re de son c\u00f4t\u00e9 Heather Long, de la banque Navy Federal Credit Union.\n<\/p>\n<p>\n \u00ab\u00a0De nombreux Am\u00e9ricains des classes moyennes et populaires attendent avec impatience de pouvoir emprunter moins cher\u00a0\u00bb, rel\u00e8ve aussi l&rsquo;\u00e9conomiste dans une note, citant les co\u00fbts li\u00e9s aux cartes de cr\u00e9dit, aux pr\u00eats automobiles et immobiliers, mais aussi les pr\u00eats des petites entreprises.\n<\/p>\n<p>\n Selon la m\u00e9diane des pr\u00e9visions des responsables de la Fed, deux baisses de taux suppl\u00e9mentaires pourraient encore intervenir en 2025, ce qui impliquerait une nouvelle d\u00e9tente \u00e0 chacune des r\u00e9unions programm\u00e9es d&rsquo;ici la fin de l&rsquo;ann\u00e9e.\n<\/p>\n<p>\n Le pr\u00e9sident de la Fed s&rsquo;est toutefois gard\u00e9 de s&rsquo;engager \u00e0 ce sujet.\n<\/p>\n<p>\n \u00ab\u00a0Nous affirmons toujours que nous ne suivons pas une trajectoire pr\u00e9d\u00e9finie, et nous le pensons vraiment\u00a0\u00bb, a soulign\u00e9 M. Powell.<\/p>\n","protected":false},"excerpt":{"rendered":"Le pr\u00e9sident de la Fed Jerome Powell lors d&rsquo;une conf\u00e9rence de presse, le 17 septembre 2025 \u00e0 Washington&hellip;\n","protected":false},"author":2,"featured_media":398552,"comment_status":"","ping_status":"","sticky":false,"template":"","format":"standard","meta":{"footnotes":""},"categories":[2],"tags":[400,11,398,408,405,1011,27,403,402,399,404,12,25,401,406,407],"class_list":{"0":"post-398551","1":"post","2":"type-post","3":"status-publish","4":"format-standard","5":"has-post-thumbnail","7":"category-actualites","8":"tag-action-cac-40","9":"tag-actualites","10":"tag-bourse-de-paris","11":"tag-boursorama","12":"tag-cotations","13":"tag-fr","14":"tag-france","15":"tag-indices-devises","16":"tag-investir","17":"tag-investissement","18":"tag-marche-boursier","19":"tag-news","20":"tag-republique-francaise","21":"tag-sicav","22":"tag-trackers","23":"tag-warrants"},"share_on_mastodon":{"url":"https:\/\/pubeurope.com\/@fr\/115222122801651767","error":""},"_links":{"self":[{"href":"https:\/\/www.europesays.com\/fr\/wp-json\/wp\/v2\/posts\/398551","targetHints":{"allow":["GET"]}}],"collection":[{"href":"https:\/\/www.europesays.com\/fr\/wp-json\/wp\/v2\/posts"}],"about":[{"href":"https:\/\/www.europesays.com\/fr\/wp-json\/wp\/v2\/types\/post"}],"author":[{"embeddable":true,"href":"https:\/\/www.europesays.com\/fr\/wp-json\/wp\/v2\/users\/2"}],"replies":[{"embeddable":true,"href":"https:\/\/www.europesays.com\/fr\/wp-json\/wp\/v2\/comments?post=398551"}],"version-history":[{"count":0,"href":"https:\/\/www.europesays.com\/fr\/wp-json\/wp\/v2\/posts\/398551\/revisions"}],"wp:featuredmedia":[{"embeddable":true,"href":"https:\/\/www.europesays.com\/fr\/wp-json\/wp\/v2\/media\/398552"}],"wp:attachment":[{"href":"https:\/\/www.europesays.com\/fr\/wp-json\/wp\/v2\/media?parent=398551"}],"wp:term":[{"taxonomy":"category","embeddable":true,"href":"https:\/\/www.europesays.com\/fr\/wp-json\/wp\/v2\/categories?post=398551"},{"taxonomy":"post_tag","embeddable":true,"href":"https:\/\/www.europesays.com\/fr\/wp-json\/wp\/v2\/tags?post=398551"}],"curies":[{"name":"wp","href":"https:\/\/api.w.org\/{rel}","templated":true}]}}