{"id":398553,"date":"2025-09-17T23:00:16","date_gmt":"2025-09-17T23:00:16","guid":{"rendered":"https:\/\/www.europesays.com\/fr\/398553\/"},"modified":"2025-09-17T23:00:16","modified_gmt":"2025-09-17T23:00:16","slug":"ligue-1-forte-mobilisation-derriere-le-president-du-racing-marc-keller-cible-par-une-banderole-des-ultras","status":"publish","type":"post","link":"https:\/\/www.europesays.com\/fr\/398553\/","title":{"rendered":"Ligue 1. Forte mobilisation derri\u00e8re le pr\u00e9sident du Racing Marc Keller, cibl\u00e9 par une banderole des ultras"},"content":{"rendered":"<p>Alors que <a href=\"https:\/\/www.dna.fr\/p\/marc-keller\" target=\"_blank\" rel=\"noopener\">Marc Keller<\/a> a convoqu\u00e9 la presse ce jeudi en fin de matin\u00e9e, la mobilisation s\u2019intensifie autour du pr\u00e9sident du Racing, <a href=\"https:\/\/www.dna.fr\/sport\/2025\/09\/14\/au-stade-de-l-incomprehension\" target=\"_blank\" rel=\"noopener\">vis\u00e9 par une banderole dimanche dernier \u00e0 la Meinau lors du match contre Le\u00a0Havre, l\u2019invitant \u00e0 \u00ab\u200as\u2019en aller\u200a\u00bb<\/a>.<\/p>\n<p>Ce mercredi, une tribune de soutien initi\u00e9e par Benjamin Huin-Morales a rassembl\u00e9 71 \u200asignataires. \u00ab\u200a \u00c0 travers eux, c\u2019est toute l\u2019Alsace et tous les amoureux du club au sens large qui se mobilisent et s\u2019insurgent contre l\u2019injustice faite \u00e0 Marc Keller \u200a\u00bb, dit le jeune maire de Zimmerbach.<\/p>\n<p>Un chef \u00e9toil\u00e9, des \u00e9lus de tous bords politiques&#8230;<\/p>\n<p>Du chef \u00e9toil\u00e9 <a href=\"https:\/\/www.dna.fr\/p\/marc-haeberlin\" target=\"_blank\" rel=\"noopener\">Marc Haeberlin<\/a> au patron d\u2019Europa-Park, Roland Mack, en passant par les \u00e9lus de tous bords politiques, le front est large. Les signataires tiennent \u00e0 redire \u00ab\u200a non seulement [leur] gratitude, mais aussi [leur] confiance et [leur] attachement \u00e0 Marc Keller pour continuer de faire du Racing un club \u00e0 la fois ambitieux et fid\u00e8le \u00e0 ses valeurs et son identit\u00e9 \u200a\u00bb.<\/p>\n<p>\u00ab \u200aSoyons conscients des merveilleux progr\u00e8s du club. Soyons fiers d\u2019avoir un pr\u00e9sident qui a su anticiper les \u00e9volutions du football professionnel et su trouver des partenaires financiers capables d\u2019accompagner les progr\u00e8s du Racing \u200a\u00bb, poursuivent-ils. Et de conclure, en r\u00e9ponse \u00e0 la banderole des UB90 \u200a: \u00ab \u200aDisons \u201cmerci pour cette d\u00e9cennie dor\u00e9e, il est temps de rester et de continuer de porter au plus haut les couleurs du Racing\u201c\u00a0! \u00bb.<\/p>\n","protected":false},"excerpt":{"rendered":"Alors que Marc Keller a convoqu\u00e9 la presse ce jeudi en fin de matin\u00e9e, la mobilisation s\u2019intensifie autour&hellip;\n","protected":false},"author":2,"featured_media":398554,"comment_status":"","ping_status":"","sticky":false,"template":"","format":"standard","meta":{"footnotes":""},"categories":[2],"tags":[11,2649,2880,107,63,1011,27,7020,12,41281,25,517,640],"class_list":{"0":"post-398553","1":"post","2":"type-post","3":"status-publish","4":"format-standard","5":"has-post-thumbnail","7":"category-actualites","8":"tag-actualites","9":"tag-bas-rhin","10":"tag-edition-strasbourg","11":"tag-fil-info","12":"tag-football","13":"tag-fr","14":"tag-france","15":"tag-ligue-1-football","16":"tag-news","17":"tag-racing-club-strasbourg-masculin","18":"tag-republique-francaise","19":"tag-sport","20":"tag-strasbourg"},"share_on_mastodon":{"url":"https:\/\/pubeurope.com\/@fr\/115222126964853897","error":""},"_links":{"self":[{"href":"https:\/\/www.europesays.com\/fr\/wp-json\/wp\/v2\/posts\/398553","targetHints":{"allow":["GET"]}}],"collection":[{"href":"https:\/\/www.europesays.com\/fr\/wp-json\/wp\/v2\/posts"}],"about":[{"href":"https:\/\/www.europesays.com\/fr\/wp-json\/wp\/v2\/types\/post"}],"author":[{"embeddable":true,"href":"https:\/\/www.europesays.com\/fr\/wp-json\/wp\/v2\/users\/2"}],"replies":[{"embeddable":true,"href":"https:\/\/www.europesays.com\/fr\/wp-json\/wp\/v2\/comments?post=398553"}],"version-history":[{"count":0,"href":"https:\/\/www.europesays.com\/fr\/wp-json\/wp\/v2\/posts\/398553\/revisions"}],"wp:featuredmedia":[{"embeddable":true,"href":"https:\/\/www.europesays.com\/fr\/wp-json\/wp\/v2\/media\/398554"}],"wp:attachment":[{"href":"https:\/\/www.europesays.com\/fr\/wp-json\/wp\/v2\/media?parent=398553"}],"wp:term":[{"taxonomy":"category","embeddable":true,"href":"https:\/\/www.europesays.com\/fr\/wp-json\/wp\/v2\/categories?post=398553"},{"taxonomy":"post_tag","embeddable":true,"href":"https:\/\/www.europesays.com\/fr\/wp-json\/wp\/v2\/tags?post=398553"}],"curies":[{"name":"wp","href":"https:\/\/api.w.org\/{rel}","templated":true}]}}