{"id":398557,"date":"2025-09-17T23:05:10","date_gmt":"2025-09-17T23:05:10","guid":{"rendered":"https:\/\/www.europesays.com\/fr\/398557\/"},"modified":"2025-09-17T23:05:10","modified_gmt":"2025-09-17T23:05:10","slug":"atp-encore-une-mauvaise-nouvelle-pour-tsitsipas","status":"publish","type":"post","link":"https:\/\/www.europesays.com\/fr\/398557\/","title":{"rendered":"ATP > Encore une mauvaise nouvelle pour Tsitsipas !"},"content":{"rendered":"<p>L\u2019inqui\u00e9tude se confirme pour Stefanos Tsitsipas.\u00a0<\/p>\n<p>Touch\u00e9 au dos et d\u00e9j\u00e0 contraint \u00e0 une injec\u00adtion avant d\u2019affronter Joao Fonseca en Coupe Davis, le Grec devrait renoncer \u00e0 l\u2019ATP 500 de P\u00e9kin (25 septembre \u2013 1er octobre).<\/p>\n<p>Actuel 27e mondial et en grande diffi\u00adcult\u00e9 ces derniers mois, il esp\u00e8re effec\u00adtuer son retour au Masters 1000 de Shanghai, d\u00e9but octobre.<\/p>\n<blockquote class=\"twitter-tweet\" data-width=\"550\" data-dnt=\"true\">\n<p lang=\"fr\" dir=\"ltr\">\ud83d\udd34 Apr\u00e8s avoir jou\u00e9 bless\u00e9 avec la Gr\u00e8ce en Coupe Davis lors de la d\u00e9faite face au Br\u00e9sil, Stefanos Tsitsipas \ud83c\uddec\ud83c\uddf7 est FORFAIT pour le tournoi ATP 500 de P\u00e9kin la semaine prochaine. \u274c<\/p>\n<p>Il a re\u00e7u une infil\u00adtra\u00adtion et esp\u00e8re revenir au Masters 1000 de Shanghai (1\u221212 oct).<\/p>\n<p>\ud83d\uddde\ufe0f <a href=\"https:\/\/twitter.com\/SdnaGr?ref_src=twsrc%5Etfw\" data-wpel-link=\"external\" target=\"_blank\" rel=\"nofollow external noopener\">@SdnaGr<\/a> <a href=\"https:\/\/t.co\/cZZH0SM9Bv\" data-wpel-link=\"external\" target=\"_blank\" rel=\"nofollow external noopener\">pic.twitter.com\/cZZH0SM9Bv<\/a><\/p>\n<p>\u2014 Univers Tennis \ud83c\udfbe (@UniversTennis) <a href=\"https:\/\/twitter.com\/UniversTennis\/status\/1968303627514360243?ref_src=twsrc%5Etfw\" data-wpel-link=\"external\" target=\"_blank\" rel=\"nofollow external noopener\">September 17,\u00a02025<\/a><\/p><\/blockquote>\n<p>Un coup dur de plus pour Tsitsipas.<\/p>\n<p class=\"post-published-date\" style=\"color: silver; font-size: 75%; text-align: left;\">Publi\u00e9 le mercredi 17 septembre 2025 \u00e0 15:45<\/p>\n<p><script async src=\"https:\/\/platform.twitter.com\/widgets.js\" charset=\"utf-8\"><\/script><\/p>\n","protected":false},"excerpt":{"rendered":"L\u2019inqui\u00e9tude se confirme pour Stefanos Tsitsipas.\u00a0 Touch\u00e9 au dos et d\u00e9j\u00e0 contraint \u00e0 une injec\u00adtion avant d\u2019affronter Joao&hellip;\n","protected":false},"author":2,"featured_media":354233,"comment_status":"","ping_status":"","sticky":false,"template":"","format":"standard","meta":{"footnotes":""},"categories":[1415],"tags":[1011,27,60,1467,5443],"class_list":{"0":"post-398557","1":"post","2":"type-post","3":"status-publish","4":"format-standard","5":"has-post-thumbnail","7":"category-tennis","8":"tag-fr","9":"tag-france","10":"tag-sports","11":"tag-tennis","12":"tag-tsitsipas"},"share_on_mastodon":{"url":"https:\/\/pubeurope.com\/@fr\/115222146135076729","error":""},"_links":{"self":[{"href":"https:\/\/www.europesays.com\/fr\/wp-json\/wp\/v2\/posts\/398557","targetHints":{"allow":["GET"]}}],"collection":[{"href":"https:\/\/www.europesays.com\/fr\/wp-json\/wp\/v2\/posts"}],"about":[{"href":"https:\/\/www.europesays.com\/fr\/wp-json\/wp\/v2\/types\/post"}],"author":[{"embeddable":true,"href":"https:\/\/www.europesays.com\/fr\/wp-json\/wp\/v2\/users\/2"}],"replies":[{"embeddable":true,"href":"https:\/\/www.europesays.com\/fr\/wp-json\/wp\/v2\/comments?post=398557"}],"version-history":[{"count":0,"href":"https:\/\/www.europesays.com\/fr\/wp-json\/wp\/v2\/posts\/398557\/revisions"}],"wp:featuredmedia":[{"embeddable":true,"href":"https:\/\/www.europesays.com\/fr\/wp-json\/wp\/v2\/media\/354233"}],"wp:attachment":[{"href":"https:\/\/www.europesays.com\/fr\/wp-json\/wp\/v2\/media?parent=398557"}],"wp:term":[{"taxonomy":"category","embeddable":true,"href":"https:\/\/www.europesays.com\/fr\/wp-json\/wp\/v2\/categories?post=398557"},{"taxonomy":"post_tag","embeddable":true,"href":"https:\/\/www.europesays.com\/fr\/wp-json\/wp\/v2\/tags?post=398557"}],"curies":[{"name":"wp","href":"https:\/\/api.w.org\/{rel}","templated":true}]}}