{"id":398572,"date":"2025-09-17T23:14:15","date_gmt":"2025-09-17T23:14:15","guid":{"rendered":"https:\/\/www.europesays.com\/fr\/398572\/"},"modified":"2025-09-17T23:14:15","modified_gmt":"2025-09-17T23:14:15","slug":"jordan-de-luxe-outre-une-star-de-la-tele-realite-vrille-et-baisse-son-calecon-en-pleine-emission","status":"publish","type":"post","link":"https:\/\/www.europesays.com\/fr\/398572\/","title":{"rendered":"Jordan De Luxe outr\u00e9 : une star de la t\u00e9l\u00e9-r\u00e9alit\u00e9 vrille et baisse son cale\u00e7on en pleine \u00e9mission"},"content":{"rendered":"<p>G\u00eanance ultime chez Jordan de Luxe ? Ou simple r\u00e9cidive d&rsquo;une<br \/>\naction (m\u00e9ga) g\u00eanante ? Retour en arri\u00e8re. Le 12 septembre 2025,<br \/>\nl&rsquo;ancien candidat de t\u00e9l\u00e9-r\u00e9alit\u00e9 <a href=\"https:\/\/www.closermag.fr\/people\/illan-castronovo-accuse-d-agressions-sexuelles-deux-victimes-presumees-ont-porte-plainte-leurs-recits-sont-choquants-1469751#item=1\" target=\"_blank\" rel=\"noopener\"><br \/>\nIllan Castronovo<\/a> a <strong>franchi une ligne rouge<\/strong> sur<br \/>\nles r\u00e9seaux sociaux. Pour \u00ab\u00a0prouver\u00a0\u00bb \u00e0 son ami <a href=\"https:\/\/www.closermag.fr\/people\/jai-peur-pourquoi-greg-yega-ne-sort-plus-sans-garde-du-corps-3455930\" target=\"_blank\" rel=\"noopener\"><br \/>\nGreg Yega<\/a> qu&rsquo;il n&rsquo;avait pas une \u00ab\u00a0une petite b*te\u00a0\u00bb, il a tout<br \/>\nsimplement&#8230; d\u00e9voil\u00e9 ses parties intimes. \u00ab\u00a0Voil\u00e0, j\u2019ai une\u00a0<strong>petite b*te<br \/>\n?<\/strong>\u00a0Greg, dis-moi ? On va faire<br \/>\nun\u00a0<strong>sondage<\/strong>\u00a0! Vous cherchez quoi \u00e0<br \/>\ninventer des\u00a0<strong>rumeurs<\/strong> ?\u00a0\u00bb, a-t-il lanc\u00e9,<br \/>\nvindicatif.<\/p>\n<p>Visiblement, il y a pris go\u00fbt. Invit\u00e9 dans le <a href=\"https:\/\/www.closermag.fr\/people\/je-joue-le-jeu-jordan-de-luxe-se-frotte-les-mains-et-ravive-le-clash-entre-natasha-st-pier-et-ines-reg-dans-dals-3533977\" target=\"_blank\" rel=\"noopener\"><br \/>\nJet de Luxe<\/a>, l&rsquo;ex participant des <a href=\"https:\/\/www.telestar.fr\/tele-realite\/autres-emissions\/illan-exclu-des-marseillais-vs-le-reste-du-monde-il-explique-les-raisons-621062\" target=\"_blank\" rel=\"noopener\"><br \/>\nMarseillais<\/a> a <strong>tout bonnement recommenc\u00e9<\/strong>. En<br \/>\npleine interview aux c\u00f4t\u00e9s du sp\u00e9cialiste du scoop, il a de nouveau<br \/>\nbaiss\u00e9 son pantalon pour exposer (longtemps) son p\u00e9nis. Le but ?<br \/>\nSans doute prouver de nouveau que <strong>sa taille \u00e9tait<br \/>\nacceptable<\/strong><strong>.<\/strong> \u00ab\u00a0C&rsquo;est pas de l&rsquo;IA,<br \/>\nvoil\u00e0, c&rsquo;est pas de l&rsquo;IA\u00a0\u00bb, a-t-il fanfaronn\u00e9, fort fier de ses<br \/>\nbijoux de famille.<\/p>\n<p>\u00ab\u00a0Cette vid\u00e9o a permis d\u2019\u00e9tablir que son cerveau \u00e9tait<br \/>\nmicroscopique\u00a0\u00bb<\/p>\n<p>Au programme, rires et cris g\u00ean\u00e9s de <a href=\"https:\/\/www.closermag.fr\/people\/saute-par-la-fenetre-jordan-de-luxe-submerge-par-lemotion-son-temoignage-glacant-face-a-faustine-bollaert-3491127\" target=\"_blank\" rel=\"noopener\"><br \/>\nJordan<\/a>\u00a0sous l&rsquo;indiff\u00e9rence de son invit\u00e9, qui <strong>a<br \/>\npris son temps pour se rhabiller.<\/strong> Dans cet interview, il<br \/>\nest aussi revenu sur la pol\u00e9mique cr\u00e9\u00e9e par son effeuillage de la<br \/>\nsemaine pass\u00e9e. \u00ab\u00a0Y en a qui disent que c&rsquo;est pas respectueux<br \/>\npour les mamans, <strong>les enfants qui vont sur les<br \/>\nr\u00e9seaux.<\/strong>..\u00a0\u00bb En effet, une salve de m\u00e9contents avait<br \/>\nhurl\u00e9 au scandale.<\/p>\n<p>\u00ab\u00a0On comprend mieux que <strong>le niveau intellectuel de<br \/>\ncertains ados ne s\u2019\u00e9l\u00e8ve pas<\/strong>\u2026 Quant au personnage dont<br \/>\nvous parlez, il est bien au niveau de ceux qui le regardent\u2026 \u00ab\u00a0,<br \/>\n\u00ab\u00a0Formidable, d\u2019appeler \u00e7a une star. Nous n\u2019avons pas les m\u00eames<br \/>\nvaleurs !\u00a0\u00bb, \u00ab\u00a0Cette vid\u00e9o a permis d\u2019\u00e9tablir que son cerveau \u00e9tait<br \/>\nmicroscopique\u00a0\u00bb, pouvait-on notamment lire sur<br \/>\nX.\u00a0<strong>\u00ab\u00a0Non mais attends, les mamans elles n&rsquo;ont<br \/>\njamais vu de p\u00e9nis ?!\u00a0\u00bb<\/strong> s&rsquo;est d\u00e9fendu Illan chez<br \/>\nJordan de Luxe.<\/p>\n<blockquote class=\"tiktok-embed\" cite=\"https:\/\/www.tiktok.com\/@jordan_de_luxe\/video\/7551042485972258070\" data-video-id=\"7551042485972258070\" style=\"max-width: 605px;min-width: 325px;\"><p>\n<a target=\"_blank\" href=\"https:\/\/www.tiktok.com\/@jordan_de_luxe\/video\/7551042485972258070\" rel=\"noopener\"><img decoding=\"async\" src=\"https:\/\/www.tiktok.com\/img\/logo.png\" alt=\"TikTok Logo\"\/><\/a>\n<\/p><\/blockquote>\n<p>Illan Castronovo bafoue le consentement<br \/>\nen montrant son p\u00e9nis ?<\/p>\n<p>Apr\u00e8s la diffusion de la vid\u00e9o o\u00f9 <a href=\"https:\/\/www.closermag.fr\/people\/keen-v-le-chanteur-s-en-prend-a-illan-castronovo-et-a-ses-placements-de-produits-douteux-1630113#item=1\" target=\"_blank\" rel=\"noopener\"><br \/>\ncelui qui a \u00e9t\u00e9 accus\u00e9 d&rsquo;agressions sexuelles par le pass\u00e9<\/a><br \/>\ns\u2019affiche enti\u00e8rement nu sur X, plusieurs internautes \u00e9voquent<br \/>\n\u00e9galement le concept de <strong data-start=\"326\" data-end=\"346\">non<br \/>\nconsentement<\/strong>, m\u00eame si le contexte n\u2019est pas formellement<br \/>\nexplicite dans la vid\u00e9o en question.<\/p>\n<p>Certains estiment en effet qu\u2019Illan n\u2019a pas laiss\u00e9 le spectateur<br \/>\nchoisir consciemment d\u2019<strong>\u00eatre expos\u00e9 \u00e0 ce contenu.<\/strong><br \/>\nL\u2019absence de contr\u00f4le utilisateur renforcerait ainsi l\u2019id\u00e9e d\u2019une<br \/>\naction contraire au consentement \u00e9thique.<\/p>\n<p><script async src=\"\/\/www.tiktok.com\/embed.js\"><\/script><\/p>\n","protected":false},"excerpt":{"rendered":"G\u00eanance ultime chez Jordan de Luxe ? Ou simple r\u00e9cidive d&rsquo;une action (m\u00e9ga) g\u00eanante ? Retour en arri\u00e8re.&hellip;\n","protected":false},"author":2,"featured_media":398573,"comment_status":"","ping_status":"","sticky":false,"template":"","format":"standard","meta":{"footnotes":""},"categories":[1356],"tags":[548,58,59,1011,27,4829,252,1364],"class_list":{"0":"post-398572","1":"post","2":"type-post","3":"status-publish","4":"format-standard","5":"has-post-thumbnail","7":"category-television","8":"tag-article-simple","9":"tag-divertissement","10":"tag-entertainment","11":"tag-fr","12":"tag-france","13":"tag-jordan-de-luxe","14":"tag-television","15":"tag-tv"},"share_on_mastodon":{"url":"https:\/\/pubeurope.com\/@fr\/115222181762336414","error":""},"_links":{"self":[{"href":"https:\/\/www.europesays.com\/fr\/wp-json\/wp\/v2\/posts\/398572","targetHints":{"allow":["GET"]}}],"collection":[{"href":"https:\/\/www.europesays.com\/fr\/wp-json\/wp\/v2\/posts"}],"about":[{"href":"https:\/\/www.europesays.com\/fr\/wp-json\/wp\/v2\/types\/post"}],"author":[{"embeddable":true,"href":"https:\/\/www.europesays.com\/fr\/wp-json\/wp\/v2\/users\/2"}],"replies":[{"embeddable":true,"href":"https:\/\/www.europesays.com\/fr\/wp-json\/wp\/v2\/comments?post=398572"}],"version-history":[{"count":0,"href":"https:\/\/www.europesays.com\/fr\/wp-json\/wp\/v2\/posts\/398572\/revisions"}],"wp:featuredmedia":[{"embeddable":true,"href":"https:\/\/www.europesays.com\/fr\/wp-json\/wp\/v2\/media\/398573"}],"wp:attachment":[{"href":"https:\/\/www.europesays.com\/fr\/wp-json\/wp\/v2\/media?parent=398572"}],"wp:term":[{"taxonomy":"category","embeddable":true,"href":"https:\/\/www.europesays.com\/fr\/wp-json\/wp\/v2\/categories?post=398572"},{"taxonomy":"post_tag","embeddable":true,"href":"https:\/\/www.europesays.com\/fr\/wp-json\/wp\/v2\/tags?post=398572"}],"curies":[{"name":"wp","href":"https:\/\/api.w.org\/{rel}","templated":true}]}}