{"id":398586,"date":"2025-09-17T23:21:08","date_gmt":"2025-09-17T23:21:08","guid":{"rendered":"https:\/\/www.europesays.com\/fr\/398586\/"},"modified":"2025-09-17T23:21:08","modified_gmt":"2025-09-17T23:21:08","slug":"le-danemark-veut-se-doter-darmes-a-longue-portee-pour-dissuader-la-russie-zone-militaire","status":"publish","type":"post","link":"https:\/\/www.europesays.com\/fr\/398586\/","title":{"rendered":"Le Danemark veut se doter d\u2019armes \u00e0 longue port\u00e9e pour dissuader la Russie &#8211; Zone Militaire"},"content":{"rendered":"<ol>\n<li><a href=\"https:\/\/news.google.com\/rss\/articles\/CBMirgFBVV95cUxOTkRwQWlnS1FiclVPLXh5eVJKYUZTVUNLd2l5RmxlQjBXdU9vdEthXzBjMFhRVEp2S0NaOElQYzdFRUZwbUppV1FZTXc5THVjQjVFeHhzNGJ0UzhlenZmSEp6YzhVbmszcmo5S2N0NTdYZzg4emJXMEgydkZ5bTBYZ0J2azhrNm5lMzJ0RndFUllEaEpyelpFakxaSGgzczk0bmtWaFRqQWRyamZEZlE?oc=5\" target=\"_blank\" rel=\"noopener\">Le Danemark veut se doter d\u2019armes \u00e0 longue port\u00e9e pour dissuader la Russie<\/a>&nbsp;&nbsp;Zone Militaire<\/li>\n<li><a href=\"https:\/\/news.google.com\/rss\/articles\/CBMi3gFBVV95cUxOUC03QUhUTUQ1bUZfMlNGbWlzREZhWHpCaEl4STJoMXBMSTZwTWFGSlJRZGZkSURxM2V0eGtTRDVMVVpTRWZxXzNJa3JvY0ZsY0Fia25sdnZmWWNQRmZjbzUzR2tPak1jNnhZQS1FVm9jaTlVdVlLd1NPZ0RnaENCM1FBb2tOTW5BQVNDbjU0S1JsVTN3Vnc2bzNydGRzeHpHMnRuZ2hISmNKbjk0RVdvZHJhaW5QLTViS2twNjNYNDgtSm5xQUNuUDF5T2JxRlJXUG11dmdpTTRxME1qOEE?oc=5\" target=\"_blank\" rel=\"noopener\">Pour sa d\u00e9fense a\u00e9rienne, le Danemark choisit des fournisseurs europ\u00e9ens<\/a>&nbsp;&nbsp;lemonde.fr<\/li>\n<li><a href=\"https:\/\/news.google.com\/rss\/articles\/CBMiyAFBVV95cUxNUTNCRzlkalg3VndETEE3YUN5VDVlbEViRGU3amNrTHBhMTBXb2xUTWpxT2doR1RWT29UcU0yOG9jNGpZVDI3Z3V1MExRTlJfZEZ1YVJGekFrenZBODY2ZDBaZU5ITEtGc0pDdDFfWlpRaGVzTllUYW9JWmg3SzVEQjRxRDltb3d4TGZPcHZjR2llR0lORk1JMUJLbVlsTjgwTGFIcUZHWFBxX1FNaDQ0bDQzam45LXllWWZfdmJ0S3YtaHYwVXpLNw?oc=5\" target=\"_blank\" rel=\"noopener\">Guerre en Ukraine, jour 1302 : ce qu\u2019il faut retenir de la situation du mercredi 17 septembre<\/a>&nbsp;&nbsp;La Croix<\/li>\n<li><a href=\"https:\/\/news.google.com\/rss\/articles\/CBMiywFBVV95cUxPYWZPUUNXNXY5cXBaNTRVLVByU3FFbWtIVlp6OV9IVG41cy1UVFFrWk82X0F4ZTBOdVFyQURxZF9lZFJTMlU3bnYtaVVuaHdNbVVyX21zQU1iTDc1TXVHN3lQUXM2X0tfbDB5UkI4ak1rZ3ItamNFSTc0ZTJNSV9lQ1c1c1U0RjdiWnZkcUxwbmNLZnVYM3lCa0VvVHNFcDFqLW5VLTZmYTRvU01uTTB6enY4UTBUSVB6X2h0SW9WcUR5NWRreGh5bEpVMA?oc=5\" target=\"_blank\" rel=\"noopener\">Le Danemark va acheter des armes de pr\u00e9cision \u00e0 longue port\u00e9e face \u00e0 la menace russe<\/a>&nbsp;&nbsp;Le Figaro<\/li>\n<li><a href=\"https:\/\/news.google.com\/rss\/articles\/CBMi4AFBVV95cUxQUmdBSmlmaGR5aTNXSlFFWEgwZUMwSzJYS3RSWExiam1HbXN6X0o5cVdwUEJTVGJabnlpZEhCa2RYbFBjaThfbHFRRUZPQ2dWT3NOSzk5OG5Bbkx4NU9ZaERQSzNmWGpQdndoLU1aeVM0NmZoSnR6ZDlsOURkMS0yeXhQOXEwSExveWE3V2UtTTVNcjBZQWdKSjhEM3VrZW9MLUI4TlhTbXlWTnR4OWdKTTBKejhIODJObXZnTFdsU2cxQ2I4bHV3TFJlZVVqSTd3SGwyY2ZOM19BVkdOeVZBb9IB5gFBVV95cUxOaG42cHlNVmFXNGNIRHN6eDQzTnJ1QjFSdDR1b3hCck9PXzNDc3lFR0dDRXBqdW1KVTU4SnBqRXd6MTJQdkJ5ZlI3S1U3Vk5wUFFwbXh6TkdUS0YyemJwTllJV3YxSWlvWGp1RjM2MXFod0U2a0F4dld6RUJjNDI3alNKQXY1SXZUanN2WnI5aWlfQnowT21Idk1LVVpvMUJZUG1rRkhMOHNYWG52eUNqWldVY2dKdGM5ZmlHWVgzazE4NDB1a1JIV3p0UkZuQklVY2JIaDJCVjc0ckdqNWcyREdWQW5aQQ?oc=5\" target=\"_blank\" rel=\"noopener\">Thales choisi pour renforcer les capacit\u00e9s des forces arm\u00e9es danoises<\/a>&nbsp;&nbsp;Boursorama<\/li>\n<\/ol>\n","protected":false},"excerpt":{"rendered":"Le Danemark veut se doter d\u2019armes \u00e0 longue port\u00e9e pour dissuader la Russie&nbsp;&nbsp;Zone Militaire Pour sa d\u00e9fense a\u00e9rienne,&hellip;\n","protected":false},"author":2,"featured_media":398587,"comment_status":"","ping_status":"","sticky":false,"template":"","format":"standard","meta":{"footnotes":""},"categories":[6],"tags":[53014,35,145,27291,33,34,1011,27,8908,136,132],"class_list":{"0":"post-398586","1":"post","2":"type-post","3":"status-publish","4":"format-standard","5":"has-post-thumbnail","7":"category-economie","8":"tag-armes-a-longue-portee","9":"tag-business","10":"tag-danemark","11":"tag-dissuasion","12":"tag-economie","13":"tag-economy","14":"tag-fr","15":"tag-france","16":"tag-missiles","17":"tag-otan","18":"tag-russie"},"share_on_mastodon":{"url":"https:\/\/pubeurope.com\/@fr\/115222209250823233","error":""},"_links":{"self":[{"href":"https:\/\/www.europesays.com\/fr\/wp-json\/wp\/v2\/posts\/398586","targetHints":{"allow":["GET"]}}],"collection":[{"href":"https:\/\/www.europesays.com\/fr\/wp-json\/wp\/v2\/posts"}],"about":[{"href":"https:\/\/www.europesays.com\/fr\/wp-json\/wp\/v2\/types\/post"}],"author":[{"embeddable":true,"href":"https:\/\/www.europesays.com\/fr\/wp-json\/wp\/v2\/users\/2"}],"replies":[{"embeddable":true,"href":"https:\/\/www.europesays.com\/fr\/wp-json\/wp\/v2\/comments?post=398586"}],"version-history":[{"count":0,"href":"https:\/\/www.europesays.com\/fr\/wp-json\/wp\/v2\/posts\/398586\/revisions"}],"wp:featuredmedia":[{"embeddable":true,"href":"https:\/\/www.europesays.com\/fr\/wp-json\/wp\/v2\/media\/398587"}],"wp:attachment":[{"href":"https:\/\/www.europesays.com\/fr\/wp-json\/wp\/v2\/media?parent=398586"}],"wp:term":[{"taxonomy":"category","embeddable":true,"href":"https:\/\/www.europesays.com\/fr\/wp-json\/wp\/v2\/categories?post=398586"},{"taxonomy":"post_tag","embeddable":true,"href":"https:\/\/www.europesays.com\/fr\/wp-json\/wp\/v2\/tags?post=398586"}],"curies":[{"name":"wp","href":"https:\/\/api.w.org\/{rel}","templated":true}]}}