{"id":398590,"date":"2025-09-17T23:23:10","date_gmt":"2025-09-17T23:23:10","guid":{"rendered":"https:\/\/www.europesays.com\/fr\/398590\/"},"modified":"2025-09-17T23:23:10","modified_gmt":"2025-09-17T23:23:10","slug":"apres-lolivier-arrache-quatre-arbres-plantes-en-hommage-a-ilan-halimi","status":"publish","type":"post","link":"https:\/\/www.europesays.com\/fr\/398590\/","title":{"rendered":"Apr\u00e8s l\u2019olivier arrach\u00e9, quatre arbres plant\u00e9s en hommage \u00e0 Ilan Halimi"},"content":{"rendered":"<p>Quatre nouveaux oliviers ont \u00e9t\u00e9 plant\u00e9s mercredi \u00e0 Epinay-sur-Seine (<a href=\"https:\/\/www.20minutes.fr\/societe\/seine-saint-denis\/\" class=\"c-link c-link--is-underlined\" target=\"_blank\" rel=\"noopener\">Seine-Saint-Denis<\/a>), \u00e0 proximit\u00e9 du lieu o\u00f9 l\u2019arbre rendant hommage \u00e0 Ilan Halimi avait \u00e9t\u00e9 <a href=\"https:\/\/www.20minutes.fr\/faits_divers\/4168105-20250815-antisemitisme-olivier-rendant-hommage-ilan-halimi-abattu-epinay-seine\" class=\"c-link c-link--is-underlined\" target=\"_blank\" rel=\"noopener\">sci\u00e9 par malveillance<\/a> mi-ao\u00fbt.<\/p>\n<p>Lors d\u2019une c\u00e9r\u00e9monie r\u00e9unissant autorit\u00e9s civiles et religieuses, ainsi que des \u00e9l\u00e8ves de l\u2019\u00e9cole juive Beth Isra\u00ebl, plusieurs intervenants ont d\u00e9nonc\u00e9 la mont\u00e9e de l\u2019antis\u00e9mitisme en France. \u00ab\u00a0Il n\u2019y aura pas de tol\u00e9rance pour l\u2019intol\u00e9rable\u00a0\u00bb, a d\u00e9clar\u00e9 le pr\u00e9fet Julien Charles, pr\u00e9cisant que les actes antis\u00e9mites avaient \u00e9t\u00e9 multipli\u00e9s par quatre depuis l\u2019attaque du 7\u00a0octobre 2023.<\/p>\n<\/p>\n<p>Un \u00ab\u00a0sursaut salutaire\u00a0\u00bb<\/p>\n<p>Le maire d\u2019Epinay-sur-Seine, Herv\u00e9 Chevreau (DVD), a toutefois salu\u00e9 un \u00ab\u00a0sursaut salutaire au c\u0153ur de l\u2019\u00e9t\u00e9\u00a0\u00bb, soulignant que les nouveaux arbres avaient \u00e9t\u00e9 offerts par des citoyens.<\/p>\n<p>L\u2019abattage de l\u2019arbre, survenu dans la nuit du 13 au 14\u00a0ao\u00fbt dernier, avait suscit\u00e9 une indignation unanime dans la classe politique. Des fr\u00e8res jumeaux de 19 ans, soup\u00e7onn\u00e9s de la destruction, ont \u00e9t\u00e9 plac\u00e9s en d\u00e9tention provisoire. Ils doivent \u00eatre jug\u00e9s en octobre prochain.<\/p>\n<p><a href=\"https:\/\/www.20minutes.fr\/dossier\/ilan_halimi\" class=\"c-link c-btn c-btn--primary\" target=\"_blank\" rel=\"noopener\">Plus d&rsquo;articles sur Ilan Halimi<\/a>\u00ab\u00a0Personne ne parviendra \u00e0 d\u00e9raciner la m\u00e9moire d\u2019Ilan\u00a0\u00bb<\/p>\n<p>\u00ab\u00a0Avec ces quatre nouveaux oliviers, personne ne parviendra \u00e0 d\u00e9raciner la m\u00e9moire d\u2019Ilan\u00a0\u00bb, a assur\u00e9 Ha\u00efm Korsia, grand rabbin de France, lors de la c\u00e9r\u00e9monie.<\/p>\n<p>En\u00a02006, <a href=\"https:\/\/www.20minutes.fr\/dossier\/ilan_halimi\" class=\"c-link c-link--is-underlined\" target=\"_blank\" rel=\"noopener\">Ilan Halimi<\/a>, 23 ans, avait \u00e9t\u00e9 s\u00e9questr\u00e9 et tortur\u00e9 par le gang des barbares, dirig\u00e9 par Youssouf Fofana. D\u00e9couvert agonisant pr\u00e8s d\u2019une voie ferr\u00e9e \u00e0 Sainte-Genevi\u00e8ve-des-Bois, il \u00e9tait mort pendant son transfert \u00e0 l\u2019h\u00f4pital. Ce n\u2019est pas la premi\u00e8re fois qu\u2019un arbre en sa m\u00e9moire est vis\u00e9\u00a0: en\u00a02019, <a href=\"https:\/\/www.20minutes.fr\/paris\/2449199-20190212-essonne-arbre-plante-memoire-ilan-halimi-retrouve-scie\" class=\"c-link c-link--is-underlined\" target=\"_blank\" rel=\"noopener\">deux arbres avaient d\u00e9j\u00e0 \u00e9t\u00e9 sci\u00e9s<\/a> dans l\u2019Essonne, avant d\u2019\u00eatre replant\u00e9s.<\/p>\n","protected":false},"excerpt":{"rendered":"Quatre nouveaux oliviers ont \u00e9t\u00e9 plant\u00e9s mercredi \u00e0 Epinay-sur-Seine (Seine-Saint-Denis), \u00e0 proximit\u00e9 du lieu o\u00f9 l\u2019arbre rendant hommage&hellip;\n","protected":false},"author":2,"featured_media":398591,"comment_status":"","ping_status":"","sticky":false,"template":"","format":"standard","meta":{"footnotes":""},"categories":[4],"tags":[47,11,6155,1936,1011,27,45788,662,12,25,1945,104,53015],"class_list":{"0":"post-398590","1":"post","2":"type-post","3":"status-publish","4":"format-standard","5":"has-post-thumbnail","7":"category-france","8":"tag-actualite","9":"tag-actualites","10":"tag-antisemitisme","11":"tag-essonne","12":"tag-fr","13":"tag-france","14":"tag-ilan-halimi","15":"tag-ile-de-france","16":"tag-news","17":"tag-republique-francaise","18":"tag-seine-saint-denis","19":"tag-societe","20":"tag-youssouf-fofana"},"share_on_mastodon":{"url":"https:\/\/pubeurope.com\/@fr\/115222217007243988","error":""},"_links":{"self":[{"href":"https:\/\/www.europesays.com\/fr\/wp-json\/wp\/v2\/posts\/398590","targetHints":{"allow":["GET"]}}],"collection":[{"href":"https:\/\/www.europesays.com\/fr\/wp-json\/wp\/v2\/posts"}],"about":[{"href":"https:\/\/www.europesays.com\/fr\/wp-json\/wp\/v2\/types\/post"}],"author":[{"embeddable":true,"href":"https:\/\/www.europesays.com\/fr\/wp-json\/wp\/v2\/users\/2"}],"replies":[{"embeddable":true,"href":"https:\/\/www.europesays.com\/fr\/wp-json\/wp\/v2\/comments?post=398590"}],"version-history":[{"count":0,"href":"https:\/\/www.europesays.com\/fr\/wp-json\/wp\/v2\/posts\/398590\/revisions"}],"wp:featuredmedia":[{"embeddable":true,"href":"https:\/\/www.europesays.com\/fr\/wp-json\/wp\/v2\/media\/398591"}],"wp:attachment":[{"href":"https:\/\/www.europesays.com\/fr\/wp-json\/wp\/v2\/media?parent=398590"}],"wp:term":[{"taxonomy":"category","embeddable":true,"href":"https:\/\/www.europesays.com\/fr\/wp-json\/wp\/v2\/categories?post=398590"},{"taxonomy":"post_tag","embeddable":true,"href":"https:\/\/www.europesays.com\/fr\/wp-json\/wp\/v2\/tags?post=398590"}],"curies":[{"name":"wp","href":"https:\/\/api.w.org\/{rel}","templated":true}]}}