{"id":398606,"date":"2025-09-17T23:32:10","date_gmt":"2025-09-17T23:32:10","guid":{"rendered":"https:\/\/www.europesays.com\/fr\/398606\/"},"modified":"2025-09-17T23:32:10","modified_gmt":"2025-09-17T23:32:10","slug":"previsions-du-jeudi-18-septembre-2025","status":"publish","type":"post","link":"https:\/\/www.europesays.com\/fr\/398606\/","title":{"rendered":"pr\u00e9visions du jeudi 18 septembre 2025"},"content":{"rendered":"<p>Aujourd&rsquo;hui, les Montpelli\u00e9rains vont pouvoir b\u00e9n\u00e9ficier d&rsquo;un soleil magnifique. Le mercure affichera 23\u00b0C en moyenne. Une petite brise de nord-est soufflera au cours de la matin\u00e9e. Les valeurs seront comprises entre 23\u00b0C et 26\u00b0C dans l&rsquo;apr\u00e8s-midi. Des \u00e9claircies sont pr\u00e9vues : on passera une soir\u00e9e agr\u00e9able. Il fera 20\u00b0C en moyenne. C&rsquo;est un ciel d\u00e9pourvu de nuages que conna\u00eetra la nuit de jeudi \u00e0 vendredi.<\/p>\n<p>Un beau soleil est attendu demain \u00e0 Montpellier. Une baisse des temp\u00e9ratures est pr\u00e9vue. Les valeurs afficheront entre 18 et 25\u00b0C. Un vent de nord-est rafra\u00eechira l\u00e9g\u00e8rement l&rsquo;atmosph\u00e8re. Les valeurs seront de 23\u00b0C au plus bas et de 25\u00b0C au plus haut l&rsquo;apr\u00e8s-midi. Le temps devrait s&rsquo;am\u00e9liorer pendant la soir\u00e9e.<\/p>\n<p>La m\u00e9t\u00e9o des journ\u00e9es suivantes va changer peu \u00e0 peu. Les conditions m\u00e9t\u00e9orologiques se maintiendront samedi mais une d\u00e9gradation s&rsquo;ensuivra dimanche.<\/p>\n<p><\/p>\n","protected":false},"excerpt":{"rendered":"Aujourd&rsquo;hui, les Montpelli\u00e9rains vont pouvoir b\u00e9n\u00e9ficier d&rsquo;un soleil magnifique. Le mercure affichera 23\u00b0C en moyenne. Une petite brise&hellip;\n","protected":false},"author":2,"featured_media":398607,"comment_status":"","ping_status":"","sticky":false,"template":"","format":"standard","meta":{"footnotes":""},"categories":[9599],"tags":[1111,11,1777,674,1011,27,7089,2681,2208,12,2680,2119,25],"class_list":{"0":"post-398606","1":"post","2":"type-post","3":"status-publish","4":"format-standard","5":"has-post-thumbnail","7":"category-montpellier","8":"tag-actu","9":"tag-actualites","10":"tag-eu","11":"tag-europe","12":"tag-fr","13":"tag-france","14":"tag-herault","15":"tag-languedoc-roussillon","16":"tag-montpellier","17":"tag-news","18":"tag-occitanie","19":"tag-previsions-meteo","20":"tag-republique-francaise"},"share_on_mastodon":{"url":"https:\/\/pubeurope.com\/@fr\/115222252375131378","error":""},"_links":{"self":[{"href":"https:\/\/www.europesays.com\/fr\/wp-json\/wp\/v2\/posts\/398606","targetHints":{"allow":["GET"]}}],"collection":[{"href":"https:\/\/www.europesays.com\/fr\/wp-json\/wp\/v2\/posts"}],"about":[{"href":"https:\/\/www.europesays.com\/fr\/wp-json\/wp\/v2\/types\/post"}],"author":[{"embeddable":true,"href":"https:\/\/www.europesays.com\/fr\/wp-json\/wp\/v2\/users\/2"}],"replies":[{"embeddable":true,"href":"https:\/\/www.europesays.com\/fr\/wp-json\/wp\/v2\/comments?post=398606"}],"version-history":[{"count":0,"href":"https:\/\/www.europesays.com\/fr\/wp-json\/wp\/v2\/posts\/398606\/revisions"}],"wp:featuredmedia":[{"embeddable":true,"href":"https:\/\/www.europesays.com\/fr\/wp-json\/wp\/v2\/media\/398607"}],"wp:attachment":[{"href":"https:\/\/www.europesays.com\/fr\/wp-json\/wp\/v2\/media?parent=398606"}],"wp:term":[{"taxonomy":"category","embeddable":true,"href":"https:\/\/www.europesays.com\/fr\/wp-json\/wp\/v2\/categories?post=398606"},{"taxonomy":"post_tag","embeddable":true,"href":"https:\/\/www.europesays.com\/fr\/wp-json\/wp\/v2\/tags?post=398606"}],"curies":[{"name":"wp","href":"https:\/\/api.w.org\/{rel}","templated":true}]}}