{"id":398620,"date":"2025-09-17T23:45:11","date_gmt":"2025-09-17T23:45:11","guid":{"rendered":"https:\/\/www.europesays.com\/fr\/398620\/"},"modified":"2025-09-17T23:45:11","modified_gmt":"2025-09-17T23:45:11","slug":"previsions-du-jeudi-18-septembre-2025-3","status":"publish","type":"post","link":"https:\/\/www.europesays.com\/fr\/398620\/","title":{"rendered":"pr\u00e9visions du jeudi 18 septembre 2025"},"content":{"rendered":"<p>Le soleil sera au rendez-vous \u00e0 Nice : une magnifique journ\u00e9e se profile ! Il fera 22\u00b0C en moyenne. Un vent de nord-ouest soufflera l\u00e9g\u00e8rement, avec 6 km\/h. Les valeurs tourneront autour des 23\u00b0C au cours de la matin\u00e9e. L&rsquo;apr\u00e8s-midi, les temp\u00e9ratures seront comprises entre 23 et 24\u00b0C. La m\u00e9t\u00e9o devrait s&rsquo;am\u00e9liorer pendant la soir\u00e9e. Il va faire en moyenne 22\u00b0C. Entre jeudi et vendredi, la nuit sera claire.<\/p>\n<p>C&rsquo;est un soleil splendide qui va briller demain sur Nice. Un temps plus chaud est \u00e0 pr\u00e9voir \u00e9tant donn\u00e9 que le mercure va enregistrer une augmentation. Les valeurs afficheront entre 21 et 25\u00b0C. Un vent de sud-est rafra\u00eechira sensiblement l&rsquo;atmosph\u00e8re. Les temp\u00e9ratures s&rsquo;\u00e9chelonneront de 21 \u00e0 25\u00b0C sur l&rsquo;ensemble de la matin\u00e9e. Les valeurs s&rsquo;\u00e9chelonneront entre 24 et 25\u00b0C durant l&rsquo;apr\u00e8s-midi. La ville aura quelques \u00e9claircies demain soir. Les temp\u00e9ratures seront de 23\u00b0C.<\/p>\n<p>La m\u00e9t\u00e9o restera inchang\u00e9e les prochains jours. Il va faire un temps relativement ensoleill\u00e9 avec des temp\u00e9ratures autour de 26\u00b0C.<\/p>\n<p><\/p>\n","protected":false},"excerpt":{"rendered":"Le soleil sera au rendez-vous \u00e0 Nice : une magnifique journ\u00e9e se profile ! Il fera 22\u00b0C en&hellip;\n","protected":false},"author":2,"featured_media":398621,"comment_status":"","ping_status":"","sticky":false,"template":"","format":"standard","meta":{"footnotes":""},"categories":[2819],"tags":[1111,11,2898,1777,674,1011,27,12,2401,883,2119,882,25],"class_list":{"0":"post-398620","1":"post","2":"type-post","3":"status-publish","4":"format-standard","5":"has-post-thumbnail","7":"category-nice","8":"tag-actu","9":"tag-actualites","10":"tag-alpes-maritimes","11":"tag-eu","12":"tag-europe","13":"tag-fr","14":"tag-france","15":"tag-news","16":"tag-nice","17":"tag-paca","18":"tag-previsions-meteo","19":"tag-provence-alpes-cote-dazur","20":"tag-republique-francaise"},"share_on_mastodon":{"url":"https:\/\/pubeurope.com\/@fr\/115222303483882693","error":""},"_links":{"self":[{"href":"https:\/\/www.europesays.com\/fr\/wp-json\/wp\/v2\/posts\/398620","targetHints":{"allow":["GET"]}}],"collection":[{"href":"https:\/\/www.europesays.com\/fr\/wp-json\/wp\/v2\/posts"}],"about":[{"href":"https:\/\/www.europesays.com\/fr\/wp-json\/wp\/v2\/types\/post"}],"author":[{"embeddable":true,"href":"https:\/\/www.europesays.com\/fr\/wp-json\/wp\/v2\/users\/2"}],"replies":[{"embeddable":true,"href":"https:\/\/www.europesays.com\/fr\/wp-json\/wp\/v2\/comments?post=398620"}],"version-history":[{"count":0,"href":"https:\/\/www.europesays.com\/fr\/wp-json\/wp\/v2\/posts\/398620\/revisions"}],"wp:featuredmedia":[{"embeddable":true,"href":"https:\/\/www.europesays.com\/fr\/wp-json\/wp\/v2\/media\/398621"}],"wp:attachment":[{"href":"https:\/\/www.europesays.com\/fr\/wp-json\/wp\/v2\/media?parent=398620"}],"wp:term":[{"taxonomy":"category","embeddable":true,"href":"https:\/\/www.europesays.com\/fr\/wp-json\/wp\/v2\/categories?post=398620"},{"taxonomy":"post_tag","embeddable":true,"href":"https:\/\/www.europesays.com\/fr\/wp-json\/wp\/v2\/tags?post=398620"}],"curies":[{"name":"wp","href":"https:\/\/api.w.org\/{rel}","templated":true}]}}