{"id":398625,"date":"2025-09-17T23:48:18","date_gmt":"2025-09-17T23:48:18","guid":{"rendered":"https:\/\/www.europesays.com\/fr\/398625\/"},"modified":"2025-09-17T23:48:18","modified_gmt":"2025-09-17T23:48:18","slug":"la-nantes-digital-week-est-lancee","status":"publish","type":"post","link":"https:\/\/www.europesays.com\/fr\/398625\/","title":{"rendered":"La Nantes Digital Week est lanc\u00e9e"},"content":{"rendered":"<p>La 12e \u00e9dition du festival du num\u00e9rique pour tous a \u00e9t\u00e9 lanc\u00e9e, mercredi 17\u00a0septembre, en m\u00eame temps que <a href=\"https:\/\/nantes.maville.com\/actu\/actudet_-scopitone-va-lancer-la-nouvelle-saison-de-stereolux-la-scene-nantaise-des-musiques-actuelles-_8-6946419_actu.Htm\" target=\"_self\" rel=\"noopener\">la 23e \u00e9dition de Scopitone,<\/a> festival des cultures \u00e9lectroniques et arts num\u00e9riques. Pour d\u00e9couvrir l\u2019installation Alcove LTD, propos\u00e9e par Encor Studio, ou parcourir l\u2019exposition Proph\u00e9ties, il faut fait un tour au festival Scopitone et \u00e0 Nantes Digital Week. rendez-vous phares de la saison culturelle \u00e0 Nantes.<\/p>\n<p>\t<img decoding=\"async\" src=\"https:\/\/www.europesays.com\/fr\/wp-content\/uploads\/2025\/09\/P35468794D6980508G_px_640_.jpg\" alt=\"photo l\u2019exposition \u00ab proph\u00e9ties \u00bb est \u00e0 d\u00e9couvrir dans le cadre du festival scopitone. ici, une \u0153uvre \u00e9tonnante d\u2019albertine meunier.  \u00a9  ouest-france\" width=\"640\" title=\" L\u2019exposition \u00ab Proph\u00e9ties \u00bb est \u00e0 d\u00e9couvrir dans le cadre du festival Scopitone. Ici, une \u0153uvre \u00e9tonnante d\u2019Albertine Meunier.   Ouest-France \"\/><\/p>\n<p class=\"elmt-legende\"> L\u2019exposition \u00ab Proph\u00e9ties \u00bb est \u00e0 d\u00e9couvrir dans le cadre du festival Scopitone. Ici, une \u0153uvre \u00e9tonnante d\u2019Albertine Meunier.   Ouest-France <\/p>\n<p>L\u2019inauguration a eu lieu, hier soir, sur le parvis de l\u2019\u00e9cole des Beaux-arts, \u00e0 Nantes. Parmi les temps forts, l\u2019exposition Proph\u00e9ties interroge, entre divination et pr\u00e9diction algorithmique, les proph\u00e9ties dans notre soci\u00e9t\u00e9 contemporaine. Une quinzaine d\u2019artistes, dont Albertine Meunier, y participent.<\/p>\n<p>Nantes Digital week, Jusqu\u2019au dimanche 28\u00a0septembre ; Scopitone, jusqu\u2019au dimanche 21 septembre ; 4,\u00a0boulevard L\u00e9on-Bureau, \u00e0 Nantes. Tout le programme sur stereolux.org<\/p>\n<p>\u00a0<\/p>\n","protected":false},"excerpt":{"rendered":"La 12e \u00e9dition du festival du num\u00e9rique pour tous a \u00e9t\u00e9 lanc\u00e9e, mercredi 17\u00a0septembre, en m\u00eame temps que&hellip;\n","protected":false},"author":2,"featured_media":398626,"comment_status":"","ping_status":"","sticky":false,"template":"","format":"standard","meta":{"footnotes":""},"categories":[2818],"tags":[1111,11,6973,1777,674,1011,27,9957,766,12,2636,25,7680],"class_list":{"0":"post-398625","1":"post","2":"type-post","3":"status-publish","4":"format-standard","5":"has-post-thumbnail","7":"category-nantes","8":"tag-actu","9":"tag-actualites","10":"tag-digital","11":"tag-eu","12":"tag-europe","13":"tag-fr","14":"tag-france","15":"tag-lancee","16":"tag-nantes","17":"tag-news","18":"tag-pays-de-la-loire","19":"tag-republique-francaise","20":"tag-week"},"share_on_mastodon":{"url":"https:\/\/pubeurope.com\/@fr\/115222315372030564","error":""},"_links":{"self":[{"href":"https:\/\/www.europesays.com\/fr\/wp-json\/wp\/v2\/posts\/398625","targetHints":{"allow":["GET"]}}],"collection":[{"href":"https:\/\/www.europesays.com\/fr\/wp-json\/wp\/v2\/posts"}],"about":[{"href":"https:\/\/www.europesays.com\/fr\/wp-json\/wp\/v2\/types\/post"}],"author":[{"embeddable":true,"href":"https:\/\/www.europesays.com\/fr\/wp-json\/wp\/v2\/users\/2"}],"replies":[{"embeddable":true,"href":"https:\/\/www.europesays.com\/fr\/wp-json\/wp\/v2\/comments?post=398625"}],"version-history":[{"count":0,"href":"https:\/\/www.europesays.com\/fr\/wp-json\/wp\/v2\/posts\/398625\/revisions"}],"wp:featuredmedia":[{"embeddable":true,"href":"https:\/\/www.europesays.com\/fr\/wp-json\/wp\/v2\/media\/398626"}],"wp:attachment":[{"href":"https:\/\/www.europesays.com\/fr\/wp-json\/wp\/v2\/media?parent=398625"}],"wp:term":[{"taxonomy":"category","embeddable":true,"href":"https:\/\/www.europesays.com\/fr\/wp-json\/wp\/v2\/categories?post=398625"},{"taxonomy":"post_tag","embeddable":true,"href":"https:\/\/www.europesays.com\/fr\/wp-json\/wp\/v2\/tags?post=398625"}],"curies":[{"name":"wp","href":"https:\/\/api.w.org\/{rel}","templated":true}]}}