{"id":398627,"date":"2025-09-17T23:49:09","date_gmt":"2025-09-17T23:49:09","guid":{"rendered":"https:\/\/www.europesays.com\/fr\/398627\/"},"modified":"2025-09-17T23:49:09","modified_gmt":"2025-09-17T23:49:09","slug":"previsions-du-jeudi-18-septembre-2025-5","status":"publish","type":"post","link":"https:\/\/www.europesays.com\/fr\/398627\/","title":{"rendered":"pr\u00e9visions du jeudi 18 septembre 2025"},"content":{"rendered":"<p>Le soleil sera dominant, la garantie d&rsquo;une magnifique journ\u00e9e \u00e0 Bordeaux ! Les valeurs seront comprises entre 14 et 33\u00b0C. Une petite brise de sud-est soufflera. Un temps plus chaud est pr\u00e9vu l&rsquo;apr\u00e8s-midi \u00e9tant donn\u00e9 que le mercure va enregistrer une augmentation. Attention \u00e0 la vague de chaleur. Des temp\u00e9ratures de 30 \u00e0 33\u00b0C sont annonc\u00e9es. C&rsquo;est un ciel limpide que conna\u00eetra la nuit de jeudi \u00e0 vendredi.<\/p>\n<p>Un bel ensoleillement est attendu demain \u00e0 Bordeaux. La m\u00e9t\u00e9o va se r\u00e9chauffer avec une hausse de quelques degr\u00e9s. L&rsquo;\u00e9pisode de grosses chaleurs est bien l\u00e0, avec des valeurs qui pourront monter \u00e0 36\u00b0C. Les temp\u00e9ratures s&rsquo;\u00e9chelonneront entre 17 et 36\u00b0C. Un vent de sud-est rafra\u00eechira l\u00e9g\u00e8rement l&rsquo;atmosph\u00e8re. La matin\u00e9e va se trouver tr\u00e8s suffocante : jusqu&rsquo;\u00e0 32\u00b0C. Les temp\u00e9ratures vont grimper pendant l&rsquo;apr\u00e8s-midi de plusieurs degr\u00e9s. Les valeurs \u00e9volueront entre 33 et 36\u2009\u00b0C.<\/p>\n<p>La m\u00e9t\u00e9o des jours qui suivent va se d\u00e9grader. On pr\u00e9voit des journ\u00e9es pluvieuses, accompagn\u00e9es par des temp\u00e9ratures dans les 25\u00b0C en moyenne.<\/p>\n<p><\/p>\n","protected":false},"excerpt":{"rendered":"Le soleil sera dominant, la garantie d&rsquo;une magnifique journ\u00e9e \u00e0 Bordeaux ! Les valeurs seront comprises entre 14&hellip;\n","protected":false},"author":2,"featured_media":398628,"comment_status":"","ping_status":"","sticky":false,"template":"","format":"standard","meta":{"footnotes":""},"categories":[2817],"tags":[1111,11,3177,1997,1777,674,1011,27,2905,12,2219,2119,25],"class_list":{"0":"post-398627","1":"post","2":"type-post","3":"status-publish","4":"format-standard","5":"has-post-thumbnail","7":"category-bordeaux","8":"tag-actu","9":"tag-actualites","10":"tag-aquitaine","11":"tag-bordeaux","12":"tag-eu","13":"tag-europe","14":"tag-fr","15":"tag-france","16":"tag-gironde","17":"tag-news","18":"tag-nouvelle-aquitaine","19":"tag-previsions-meteo","20":"tag-republique-francaise"},"share_on_mastodon":{"url":"https:\/\/pubeurope.com\/@fr\/115222319359858545","error":""},"_links":{"self":[{"href":"https:\/\/www.europesays.com\/fr\/wp-json\/wp\/v2\/posts\/398627","targetHints":{"allow":["GET"]}}],"collection":[{"href":"https:\/\/www.europesays.com\/fr\/wp-json\/wp\/v2\/posts"}],"about":[{"href":"https:\/\/www.europesays.com\/fr\/wp-json\/wp\/v2\/types\/post"}],"author":[{"embeddable":true,"href":"https:\/\/www.europesays.com\/fr\/wp-json\/wp\/v2\/users\/2"}],"replies":[{"embeddable":true,"href":"https:\/\/www.europesays.com\/fr\/wp-json\/wp\/v2\/comments?post=398627"}],"version-history":[{"count":0,"href":"https:\/\/www.europesays.com\/fr\/wp-json\/wp\/v2\/posts\/398627\/revisions"}],"wp:featuredmedia":[{"embeddable":true,"href":"https:\/\/www.europesays.com\/fr\/wp-json\/wp\/v2\/media\/398628"}],"wp:attachment":[{"href":"https:\/\/www.europesays.com\/fr\/wp-json\/wp\/v2\/media?parent=398627"}],"wp:term":[{"taxonomy":"category","embeddable":true,"href":"https:\/\/www.europesays.com\/fr\/wp-json\/wp\/v2\/categories?post=398627"},{"taxonomy":"post_tag","embeddable":true,"href":"https:\/\/www.europesays.com\/fr\/wp-json\/wp\/v2\/tags?post=398627"}],"curies":[{"name":"wp","href":"https:\/\/api.w.org\/{rel}","templated":true}]}}