{"id":398646,"date":"2025-09-18T00:00:34","date_gmt":"2025-09-18T00:00:34","guid":{"rendered":"https:\/\/www.europesays.com\/fr\/398646\/"},"modified":"2025-09-18T00:00:34","modified_gmt":"2025-09-18T00:00:34","slug":"greve-du-18-septembre-les-dernieres-previsions-de-trafic-dans-les-transports-franciliens-ce-jeudi","status":"publish","type":"post","link":"https:\/\/www.europesays.com\/fr\/398646\/","title":{"rendered":"Gr\u00e8ve du 18\u00a0septembre\u00a0: les derni\u00e8res pr\u00e9visions de trafic dans les transports franciliens ce jeudi"},"content":{"rendered":"<p class=\"paragraph text_align_left lp-f-body-02\">C\u2019est un mouvement d\u2019une ampleur bien sup\u00e9rieure \u00e0 celle du 10 septembre qui se profile jeudi. Les huit principaux syndicats ont lanc\u00e9 <a href=\"https:\/\/www.leparisien.fr\/faits-divers\/mobilisation-du-jeudi-18-septembre-ecoles-transports-pharmacies-a-quoi-faut-il-sattendre-12-09-2025-MTB5ZS66HBG7NOMUPJ3BE2OWLQ.php\" target=\"_self\" rel=\"noopener\">un appel \u00e0 la gr\u00e8ve g\u00e9n\u00e9rale<\/a> et il devrait \u00eatre particuli\u00e8rement suivi dans le pays. <a href=\"https:\/\/www.leparisien.fr\/faits-divers\/mobilisation-du-18-septembre-pres-de-800-000-manifestants-desormais-attendus-dans-toute-la-france-16-09-2025-77SUSZTRKNB2RLSGQWZKNVVRGM.php\" target=\"_self\" rel=\"noopener\">700 000 \u00e0 800 000 personnes sont attendues dans les rues<\/a> de dizaines de villes, soit quatre fois plus de manifestants que huit jours auparavant.<\/p>\n<p class=\"paragraph text_align_left lp-f-body-02\">Si les revendications sont multiples et propres \u00e0 chaque branche de m\u00e9tier, la mobilisation a pour mot d\u2019ordre global la contestation des coupes budg\u00e9taires drastiques annonc\u00e9es par le gouvernement Bayrou avant que ce dernier ne soit renvers\u00e9. <a href=\"https:\/\/www.leparisien.fr\/politique\/greves-et-manifestations-sebastien-lecornu-deja-face-a-la-colere-de-la-rue-17-09-2025-74KZV3QZQNFV3HF2UGO263ZOSE.php\" target=\"_self\" rel=\"noopener\">Aujourd\u2019hui, c\u2019est S\u00e9bastien Lecornu, nomm\u00e9 il y a neuf jours, qui h\u00e9rite de la col\u00e8re de la rue.<\/a><\/p>\n<p class=\"paragraph text_align_left lp-f-body-02\">\u00c0 l\u2019instar des \u00e9coles et des h\u00f4pitaux, les transports tourneront au ralenti jeudi. Face \u00e0 la presse, mardi, <a href=\"https:\/\/www.leparisien.fr\/faits-divers\/tgv-ter-intercites-quelles-perturbations-dans-les-transports-ce-jeudi-16-09-2025-XEV5LH5SVZCG7GJSY2BVTSOFL4.php?at_variant=photo&amp;at_creation=Le%20Parisien%2092%20-%20Hauts%20de%20Seine&amp;at_campaign=Partage%20Facebook%20CM&amp;at_medium=Social%20media\" target=\"_self\" rel=\"noopener\">Philippe Tabarot<\/a> a invit\u00e9 les usagers \u00e0 l\u2019anticipation. Le ministre d\u00e9missionnaire des Transports pr\u00e9voit une \u00ab journ\u00e9e difficile \u00bb sur le r\u00e9seau francilien et enjoint ceux qui le peuvent \u00e0 t\u00e9l\u00e9travailler ou \u00e0 reporter leurs d\u00e9placements.<\/p>\n<p>Vers un mouvement \u00ab historique \u00bb \u00e0 la RATP ?<\/p>\n<p class=\"paragraph text_align_left lp-f-body-02\">\u00c0 la RATP, on annonce un mouvement de gr\u00e8ve \u00ab historique \u00bb. Si bien que les stations suivantes seront ferm\u00e9es toute la journ\u00e9e : <b>Bastille<\/b>, <b>Concorde<\/b>, <b>Arts et M\u00e9tiers<\/b>, <b>Villiers<\/b>, <b>Op\u00e9ra<\/b>, <b>R\u00e9publique<\/b>, <b>Trocad\u00e9ro<\/b>, <b>S\u00e8vres Babylone<\/b>, <b>Invalides <\/b>et <b>Place de Clichy<\/b>.<\/p>\n<p class=\"paragraph text_align_left lp-f-body-02\">C\u00f4t\u00e9 m\u00e9tro, seules les trois lignes automatiques (<b>1, 4 et 14<\/b>) op\u00e9reront toute la journ\u00e9e \u00e0 une fr\u00e9quence normale. On attend 1 m\u00e9tro sur 3 sur <b>les lignes 7 et 9<\/b> et un 1 rame sur 4 sur <b>les lignes 10 et 13<\/b>. Le trafic sera \u00ab assur\u00e9 uniquement aux heures de pointe (6h30-9h30 et 16h30-19h30) \u00bb, pr\u00e9cise la RATP.<\/p>\n<p class=\"paragraph text_align_left lp-f-body-02\">Les autres lignes seront \u00ab exploit\u00e9es partiellement uniquement aux horaires pr\u00e9cis\u00e9s \u00bb :<\/p>\n<ul class=\"margin_bottom_md fs_18_26 fs_20_28_ad blue-dot\">\n<li class=\"mb_150 pl_325\"><b>Ligne 2<\/b> : 1 train sur 3 sera en circulation entre 6h30 et 10\u00a0heures puis entre 16h30 et 19h30 entre Nation et La Chapelle\u00a0;<\/li>\n<li class=\"mb_150 pl_325\"><b>Ligne 3<\/b>\u00a0: seul 1 train sur 5 roulera entre Pont de Levallois et Havre-Caumartin entre 6h30 et 9h30 puis de 16\u00a0heures \u00e0 19h30\u00a0;<\/li>\n<li class=\"mb_150 pl_325\"><b>Ligne 3 bis<\/b>\u00a0: 50\u00a0% des rames seulement circuleront de 14\u00a0heures \u00e0 19h30\u00a0;<\/li>\n<li class=\"mb_150 pl_325\"><b>Ligne 5<\/b>\u00a0: on compte 1 train sur 5 de Gare du Nord \u00e0 Bobigny (6h30-9h30 puis 16h30-19h30)\u00a0;<\/li>\n<li class=\"mb_150 pl_325\"><b>Ligne 6<\/b> : 2 trains sur 5 seront en circulation de Nation \u00e0 Place d\u2019Italie (6h30-10h30) et de Nation \u00e0 Bercy (15h30-19h30)\u00a0;<\/li>\n<li class=\"mb_150 pl_325\"><b>Ligne 7 bis<\/b>\u00a0: 50\u00a0% des rames seront en circulation seulement entre 6h30 et 9h30\u00a0;<\/li>\n<li class=\"mb_150 pl_325\"><b>Ligne 8<\/b> : un tiers des rames circulera entre Cr\u00e9teil Point du Lac et Reuilly Diderot (7h30-9h30) puis 1 train sur 5 de 16h30 \u00e0 19h30\u00a0;<\/li>\n<li class=\"mb_150 pl_325\"><b>Ligne 11<\/b> : 25\u00a0% des rames seront disponibles sur l\u2019int\u00e9gralit\u00e9 du tron\u00e7on de 6h30 \u00e0 9h30 puis entre Rosny et Porte des\u00a0Lilas de 16h30 \u00e0 19h30\u00a0;<\/li>\n<li class=\"mb_150 pl_325\"><b>Ligne 12<\/b> : 50\u00a0% des trains circuleront entre Mairie d\u2019Aubervilliers et Jules-Joffrin (6h30-9h30 puis 16h30-19h30).<\/li>\n<\/ul>\n<p><img decoding=\"async\" class=\"image \" loading=\"lazy\" src=\"https:\/\/www.europesays.com\/fr\/wp-content\/uploads\/2025\/09\/7DPC3CYBIJA3ZK6WE3UEEN4HSQ.jpg\" alt=\"\" align=\"\" data-rubrique-principale=\"\" data-article-type=\"\" fetchpriority=\"auto\"\/><\/p>\n<p class=\"paragraph text_align_left lp-f-body-02\">Dans la zone pilot\u00e9e par la RATP, 3 trains sur 4 seront disponibles en heure de pointe sur <b>le RER A<\/b>, contre 2 sur 3 en heure creuse. Sur <b>le RER B<\/b>, 50 % des trains assureront les trajets sur l\u2019ensemble de la journ\u00e9e. L\u2019interconnexion \u00e0 Gare du Nord est pr\u00e9serv\u00e9e.<\/p>\n<p class=\"paragraph text_align_left lp-f-body-02\">Le <b>trafic des bus<\/b> sera lui aussi \u00ab perturb\u00e9 \u00bb jeudi. \u00ab 70 % des lignes circuleront normalement ou quasi normalement \u00bb, indique la r\u00e9gie des transports franciliens. <\/p>\n<p><img decoding=\"async\" class=\"image \" loading=\"lazy\" src=\"https:\/\/www.europesays.com\/fr\/wp-content\/uploads\/2025\/09\/UKT2DRTNS5HNNEHRXEMGYS7IJQ.jpg\" alt=\"\" align=\"\" data-rubrique-principale=\"\" data-article-type=\"\" fetchpriority=\"auto\"\/><\/p>\n<p class=\"paragraph text_align_left lp-f-body-02\">S\u2019agissant du <b>tramway<\/b>, le trafic sera \u00ab normal ou quasi normal \u00bb sur l\u2019ensemble du r\u00e9seau, sauf sur <b>la ligne T5<\/b> (75 % des tramways en circulation) et <b>la ligne T7<\/b> (50 % des tramways en circulation).<\/p>\n<p>Des perturbations moindres sur les lignes SNCF<\/p>\n<p class=\"paragraph text_align_left lp-f-body-02\">Pour sa part, la SNCF annonce un trafic disparate selon les lignes :<\/p>\n<ul class=\"margin_bottom_md fs_18_26 fs_20_28_ad blue-dot\">\n<li class=\"mb_150 pl_325\"><b>Ligne\u00a0J du transilien et tramways T12 et T13<\/b>\u00a0: le trafic sera normal\u00a0;<\/li>\n<li class=\"mb_150 pl_325\"><b>Ligne\u00a0P<\/b>\u00a0: le trafic sera \u00e9galement normal entre Paris Est et Coulommiers et entre Paris Est et Ch\u00e2teau-Thierry. Il sera en revanche r\u00e9duit (3 trains sur 4) entre Paris Est et Meaux, entre Paris Est et Provins, ainsi qu\u2019entre Meaux et La Fert\u00e9-Milon (2 trains sur 3)\u00a0;<\/li>\n<li class=\"mb_150 pl_325\"><b>RER A<\/b>\u00a0: 75 % des trains circuleront entre Nanterre Pr\u00e9fecture et Cergy-le-Haut et entre Nanterre Pr\u00e9fecture et Poissy. Sur le reste de la ligne administr\u00e9e par la SNCF, trois quarts des trains rouleront aux heures de pointe, contre deux tiers aux heures creuses\u00a0;<\/li>\n<li class=\"mb_150 pl_325\"><b>RER\u00a0C et lignes K, L et V<\/b>\u00a0: deux tiers des trains circuleront\u00a0;<\/li>\n<li class=\"mb_150 pl_325\"><b>RER\u00a0B, RER\u00a0E et lignes H, N et U<\/b>\u00a0: 50\u00a0% des trains circuleront\u00a0;<\/li>\n<li class=\"mb_150 pl_325\"><b>RER\u00a0D<\/b>\u00a0: la moiti\u00e9 des trains seront en circulation entre Corbeil-Essonnes et Creil, ainsi qu\u2019entre Melun et Goussainville. Seul 1 train sur 5 fera la jonction entre Corbeil-Essonnes et Malesherbes aux heures de pointe. Aucune circulation n\u2019est en revanche pr\u00e9vue entre Juvisy et Corbeil-Essonnes via Ris-Orangis et entre Corbeil-Essonnes et Melun.<\/li>\n<li class=\"mb_150 pl_325\"><b>Ligne\u00a0R<\/b>\u00a0: en moyenne, 50\u00a0% des trains circuleront aux heures de pointe.<\/li>\n<\/ul>\n<p class=\"paragraph text_align_left lp-f-body-02\">\u00c0 la RATP comme \u00e0 la SNCF, on invite les usagers \u00e0 consulter les applications et sites d\u00e9di\u00e9s, jeudi, pour conna\u00eetre l\u2019\u00e9tat du trafic en temps r\u00e9el.<\/p>\n","protected":false},"excerpt":{"rendered":"C\u2019est un mouvement d\u2019une ampleur bien sup\u00e9rieure \u00e0 celle du 10 septembre qui se profile jeudi. Les huit&hellip;\n","protected":false},"author":2,"featured_media":398647,"comment_status":"","ping_status":"","sticky":false,"template":"","format":"standard","meta":{"footnotes":""},"categories":[1592],"tags":[1111,11,1777,674,1011,27,662,1944,12,626,25,2382],"class_list":{"0":"post-398646","1":"post","2":"type-post","3":"status-publish","4":"format-standard","5":"has-post-thumbnail","7":"category-ile-de-france","8":"tag-actu","9":"tag-actualites","10":"tag-eu","11":"tag-europe","12":"tag-fr","13":"tag-france","14":"tag-ile-de-france","15":"tag-ma-ville","16":"tag-news","17":"tag-paris","18":"tag-republique-francaise","19":"tag-transport-idf-oise"},"share_on_mastodon":{"url":"https:\/\/pubeurope.com\/@fr\/115222362595907372","error":""},"_links":{"self":[{"href":"https:\/\/www.europesays.com\/fr\/wp-json\/wp\/v2\/posts\/398646","targetHints":{"allow":["GET"]}}],"collection":[{"href":"https:\/\/www.europesays.com\/fr\/wp-json\/wp\/v2\/posts"}],"about":[{"href":"https:\/\/www.europesays.com\/fr\/wp-json\/wp\/v2\/types\/post"}],"author":[{"embeddable":true,"href":"https:\/\/www.europesays.com\/fr\/wp-json\/wp\/v2\/users\/2"}],"replies":[{"embeddable":true,"href":"https:\/\/www.europesays.com\/fr\/wp-json\/wp\/v2\/comments?post=398646"}],"version-history":[{"count":0,"href":"https:\/\/www.europesays.com\/fr\/wp-json\/wp\/v2\/posts\/398646\/revisions"}],"wp:featuredmedia":[{"embeddable":true,"href":"https:\/\/www.europesays.com\/fr\/wp-json\/wp\/v2\/media\/398647"}],"wp:attachment":[{"href":"https:\/\/www.europesays.com\/fr\/wp-json\/wp\/v2\/media?parent=398646"}],"wp:term":[{"taxonomy":"category","embeddable":true,"href":"https:\/\/www.europesays.com\/fr\/wp-json\/wp\/v2\/categories?post=398646"},{"taxonomy":"post_tag","embeddable":true,"href":"https:\/\/www.europesays.com\/fr\/wp-json\/wp\/v2\/tags?post=398646"}],"curies":[{"name":"wp","href":"https:\/\/api.w.org\/{rel}","templated":true}]}}