{"id":398662,"date":"2025-09-18T00:08:11","date_gmt":"2025-09-18T00:08:11","guid":{"rendered":"https:\/\/www.europesays.com\/fr\/398662\/"},"modified":"2025-09-18T00:08:11","modified_gmt":"2025-09-18T00:08:11","slug":"charles-iii-loue-lengagement-du-president-americain-pour-la-paix","status":"publish","type":"post","link":"https:\/\/www.europesays.com\/fr\/398662\/","title":{"rendered":"Charles III loue \u00ab l\u2019engagement \u00bb du pr\u00e9sident am\u00e9ricain pour la paix"},"content":{"rendered":"<p class=\"mb-4 text-lg md:leading-8 break-words\"><strong>minauderies &#8211; \u00c0 l\u2019issue de la premi\u00e8re journ\u00e9e de visite officielle au Royaume-Uni, Donald et Melania Trump ont \u00e9t\u00e9 re\u00e7us en grande pompe \u00e0 un banquet d\u2019\u00c9tat par la famille royale. L\u2019occasion d\u2019\u00e9changer quelques mots d\u2019amour<\/strong><\/p>\n<p class=\"mb-4 text-lg md:leading-8 break-words\">Donald Trump a entam\u00e9 ce mercredi <a href=\"https:\/\/www.20minutes.fr\/diaporama\/diaporama-4173758-images-donald-trump-royaume-uni-royaute-britannique-deroule-tapis-rouge-chateau-windsor?at_medium=RSS%20feed&amp;at_campaign=ynews&amp;utm_source=yahoo&amp;utm_medium=rss&amp;utm_campaign=news_feed&amp;utm_content=in_article_link\" rel=\"nofollow noopener\" target=\"_blank\" data-ylk=\"slk:sa seconde visite d\u2019\u00c9tat au Royaume-Uni;elm:context_link;itc:0;sec:content-canvas\" class=\"link \">sa seconde visite d\u2019\u00c9tat au Royaume-Uni<\/a>, une premi\u00e8re pour un pr\u00e9sident am\u00e9ricain. Au ch\u00e2teau de Windsor, le chef d\u2019\u00c9tat a \u00e9t\u00e9 re\u00e7u avec un faste spectaculaire par le roi Charles III, la reine Camilla et le reste de la famille royale, qui ont pris soin de tenir leur invit\u00e9 loin du public et des manifestations hostiles \u00e0 sa politique.<\/p>\n<p class=\"mb-4 text-lg md:leading-8 break-words\">Apr\u00e8s la visite de la chapelle du ch\u00e2teau, une parade militaire, et une balade en carrosse dor\u00e9, c\u2019est finalement autour d\u2019un banquet royal que le couple Trump et les Windsor se sont retrouv\u00e9s, aux c\u00f4t\u00e9s de 160 autres invit\u00e9s tri\u00e9s sur le volet.<\/p>\n<p>\u00ab\u00a0Un des plus grands honneurs de ma vie\u00a0\u00bb<\/p>\n<p class=\"mb-4 text-lg md:leading-8 break-words\">Dans son discours, Donald Trump a rendu hommage \u00e0 la relation sp\u00e9ciale entre les \u00c9tats-Unis et le Royaume-Uni. \u00c9mu, il a qualifi\u00e9 cette r\u00e9ception d\u2019\u00ab\u00a0un des plus grands honneurs\u00a0\u00bb de sa vie, soulignant \u00eatre le seul pr\u00e9sident am\u00e9ricain \u00e0 avoir effectu\u00e9 deux visites d\u2019\u00c9tat dans le pays.<\/p>\n<p class=\"mb-4 text-lg md:leading-8 break-words\">Il a \u00e9galement salu\u00e9 la famille royale, louant \u00ab\u00a0la force morale\u00a0\u00bb du roi Charles, \u00e9voquant le <a href=\"https:\/\/www.20minutes.fr\/dossier\/prince?at_medium=RSS%20feed&amp;at_campaign=ynews&amp;utm_source=yahoo&amp;utm_medium=rss&amp;utm_campaign=news_feed&amp;utm_content=in_article_link\" rel=\"nofollow noopener\" target=\"_blank\" data-ylk=\"slk:prince;elm:context_link;itc:0;sec:content-canvas\" class=\"link \">prince<\/a> William comme \u00ab\u00a0un fils remarquable\u00a0\u00bb et rendant hommage \u00e0 la princesse Kate, \u00ab\u00a0si radieuse\u00a0\u00bb et \u00ab\u00a0si belle\u00a0\u00bb.<\/p>\n<p>\u00ab\u00a0Garantir la paix\u00a0\u00bb<\/p>\n<p class=\"mb-4 text-lg md:leading-8 break-words\">Le roi Charles, de son c\u00f4t\u00e9, a salu\u00e9 \u00ab\u00a0l\u2019engagement personnel\u00a0\u00bb du pr\u00e9sident am\u00e9ricain pour tenter de r\u00e9soudre \u00ab\u00a0certains des conflits les plus insolubles au monde\u00a0\u00bb et a rappel\u00e9 le soutien commun de leurs pays \u00e0 l\u2019Ukraine. \u00ab\u00a0Nos pays travaillent ensemble pour soutenir les efforts diplomatiques cruciaux [\u2026] afin de gar(&#8230;)<\/p>\n<p class=\"mb-4 text-lg md:leading-8 break-words\"><a href=\"https:\/\/www.20minutes.fr\/monde\/royaume-uni\/4173767-20250918-donald-trump-royaume-uni-charles-iii-loue-engagement-president-americain-paix?at_medium=RSS%20feed&amp;at_campaign=ynews&amp;utm_source=yahoo&amp;utm_medium=rss&amp;utm_campaign=news_feed&amp;utm_content=read_more_link&quot;\" rel=\"nofollow noopener\" target=\"_blank\" data-ylk=\"slk:Lire la suite sur 20minutes;elm:context_link;itc:0;sec:content-canvas\" class=\"link \">Lire la suite sur 20minutes<\/a><\/p>\n<p>\u00c0 lire aussi :<br \/><a href=\"https:\/\/www.20minutes.fr\/monde\/4163566-20250714-royaume-uni-tapis-rouge-trump-visite-etat-17-19-septembre?at_medium=RSS%20feed&amp;at_campaign=ynews&amp;utm_source=yahoo&amp;utm_medium=rss&amp;utm_campaign=news_feed&amp;utm_content=related_content_link\" rel=\"nofollow noopener\" target=\"_blank\" data-ylk=\"slk:Royaume-Uni\u00a0: Tapis rouge pour Trump en visite d\u2019Etat du 17 au 19\u00a0septembre;elm:context_link;itc:0;sec:content-canvas\" class=\"link \">Royaume-Uni\u00a0: Tapis rouge pour Trump en visite d\u2019Etat du 17 au 19\u00a0septembre<\/a><br \/><a href=\"https:\/\/www.20minutes.fr\/monde\/etats-unis\/4166914-20250806-etats-unis-si-vance-succedait-donald-trump-maison-blanche?at_medium=RSS%20feed&amp;at_campaign=ynews&amp;utm_source=yahoo&amp;utm_medium=rss&amp;utm_campaign=news_feed&amp;utm_content=related_content_link\" rel=\"nofollow noopener\" target=\"_blank\" data-ylk=\"slk:Etats-Unis\u00a0: Et si J.D. Vance succ\u00e9dait \u00e0 Donald Trump \u00e0 la Maison-Blanche\u00a0?;elm:context_link;itc:0;sec:content-canvas\" class=\"link \">Etats-Unis\u00a0: Et si J.D. Vance succ\u00e9dait \u00e0 Donald Trump \u00e0 la Maison-Blanche\u00a0?<\/a><\/p>\n","protected":false},"excerpt":{"rendered":"minauderies &#8211; \u00c0 l\u2019issue de la premi\u00e8re journ\u00e9e de visite officielle au Royaume-Uni, Donald et Melania Trump ont&hellip;\n","protected":false},"author":2,"featured_media":398663,"comment_status":"","ping_status":"","sticky":false,"template":"","format":"standard","meta":{"footnotes":""},"categories":[1588],"tags":[11,38875,75,1777,674,53022,12,7274,473,1853,467,1851,1850,1852],"class_list":{"0":"post-398662","1":"post","2":"type-post","3":"status-publish","4":"format-standard","5":"has-post-thumbnail","7":"category-royaume-uni","8":"tag-actualites","9":"tag-chateau-de-windsor","10":"tag-donald-trump","11":"tag-eu","12":"tag-europe","13":"tag-le-roi-charles-iii","14":"tag-news","15":"tag-president-americain","16":"tag-royaume-uni","17":"tag-royaume-uni-de-grande-bretagne-et-dirlande-du-nord","18":"tag-trump","19":"tag-uk","20":"tag-united-kingdom","21":"tag-united-kingdom-of-great-britain-and-northern-ireland"},"share_on_mastodon":{"url":"https:\/\/pubeurope.com\/@fr\/115222393970494916","error":""},"_links":{"self":[{"href":"https:\/\/www.europesays.com\/fr\/wp-json\/wp\/v2\/posts\/398662","targetHints":{"allow":["GET"]}}],"collection":[{"href":"https:\/\/www.europesays.com\/fr\/wp-json\/wp\/v2\/posts"}],"about":[{"href":"https:\/\/www.europesays.com\/fr\/wp-json\/wp\/v2\/types\/post"}],"author":[{"embeddable":true,"href":"https:\/\/www.europesays.com\/fr\/wp-json\/wp\/v2\/users\/2"}],"replies":[{"embeddable":true,"href":"https:\/\/www.europesays.com\/fr\/wp-json\/wp\/v2\/comments?post=398662"}],"version-history":[{"count":0,"href":"https:\/\/www.europesays.com\/fr\/wp-json\/wp\/v2\/posts\/398662\/revisions"}],"wp:featuredmedia":[{"embeddable":true,"href":"https:\/\/www.europesays.com\/fr\/wp-json\/wp\/v2\/media\/398663"}],"wp:attachment":[{"href":"https:\/\/www.europesays.com\/fr\/wp-json\/wp\/v2\/media?parent=398662"}],"wp:term":[{"taxonomy":"category","embeddable":true,"href":"https:\/\/www.europesays.com\/fr\/wp-json\/wp\/v2\/categories?post=398662"},{"taxonomy":"post_tag","embeddable":true,"href":"https:\/\/www.europesays.com\/fr\/wp-json\/wp\/v2\/tags?post=398662"}],"curies":[{"name":"wp","href":"https:\/\/api.w.org\/{rel}","templated":true}]}}