{"id":398683,"date":"2025-09-18T00:23:10","date_gmt":"2025-09-18T00:23:10","guid":{"rendered":"https:\/\/www.europesays.com\/fr\/398683\/"},"modified":"2025-09-18T00:23:10","modified_gmt":"2025-09-18T00:23:10","slug":"le-psg-regale-mais-la-blessure-de-neves-gache-la-fete","status":"publish","type":"post","link":"https:\/\/www.europesays.com\/fr\/398683\/","title":{"rendered":"Le PSG r\u00e9gale, mais la blessure de Neves g\u00e2che la f\u00eate"},"content":{"rendered":"<p>Le champion d&rsquo;Europe a parfaitement entam\u00e9 la d\u00e9fense de son titre. Ce mercredi soir, pour son premier match de la nouvelle campagne de Ligue des Champions,<a href=\"https:\/\/www.goal.com\/fr\/news\/le-parc-en-fete-l-atalanta-en-miettes-le-psg-demarre-fort\/blt11e592fca5ceb3b0\" target=\"_self\" rel=\"nofollow noopener\">\u00a0le Paris Saint-Germain a offert une v\u00e9ritable d\u00e9monstration de force en surclassant l&rsquo;Atalanta Bergame au Parc des Princes (4-0).<\/a> Avec des buts de Marquinhos, Kvaratskhelia, Nuno Mendes et Gon\u00e7alo Ramos, les Parisiens ont affich\u00e9 une ma\u00eetrise et une s\u00e9r\u00e9nit\u00e9 impressionnantes. Une soir\u00e9e qui aurait d\u00fb \u00eatre une f\u00eate totale. Mais une ombre est venue noircir ce tableau idyllique : la sortie sur blessure de son m\u00e9tronome au milieu de terrain, Jo\u00e3o Neves.<\/p>\n","protected":false},"excerpt":{"rendered":"Le champion d&rsquo;Europe a parfaitement entam\u00e9 la d\u00e9fense de son titre. Ce mercredi soir, pour son premier match&hellip;\n","protected":false},"author":2,"featured_media":398684,"comment_status":"","ping_status":"","sticky":false,"template":"","format":"standard","meta":{"footnotes":""},"categories":[1410],"tags":[43431,448,63,1011,27,28965,447,921,91,52523,60],"class_list":{"0":"post-398683","1":"post","2":"type-post","3":"status-publish","4":"format-standard","5":"has-post-thumbnail","7":"category-football","8":"tag-atalanta","9":"tag-champions-league","10":"tag-football","11":"tag-fr","12":"tag-france","13":"tag-l-chevalier","14":"tag-ligue-des-champions","15":"tag-luis-enrique","16":"tag-paris-saint-germain","17":"tag-paris-saint-germain-vs-atalanta","18":"tag-sports"},"share_on_mastodon":{"url":"https:\/\/pubeurope.com\/@fr\/115222453138157911","error":""},"_links":{"self":[{"href":"https:\/\/www.europesays.com\/fr\/wp-json\/wp\/v2\/posts\/398683","targetHints":{"allow":["GET"]}}],"collection":[{"href":"https:\/\/www.europesays.com\/fr\/wp-json\/wp\/v2\/posts"}],"about":[{"href":"https:\/\/www.europesays.com\/fr\/wp-json\/wp\/v2\/types\/post"}],"author":[{"embeddable":true,"href":"https:\/\/www.europesays.com\/fr\/wp-json\/wp\/v2\/users\/2"}],"replies":[{"embeddable":true,"href":"https:\/\/www.europesays.com\/fr\/wp-json\/wp\/v2\/comments?post=398683"}],"version-history":[{"count":0,"href":"https:\/\/www.europesays.com\/fr\/wp-json\/wp\/v2\/posts\/398683\/revisions"}],"wp:featuredmedia":[{"embeddable":true,"href":"https:\/\/www.europesays.com\/fr\/wp-json\/wp\/v2\/media\/398684"}],"wp:attachment":[{"href":"https:\/\/www.europesays.com\/fr\/wp-json\/wp\/v2\/media?parent=398683"}],"wp:term":[{"taxonomy":"category","embeddable":true,"href":"https:\/\/www.europesays.com\/fr\/wp-json\/wp\/v2\/categories?post=398683"},{"taxonomy":"post_tag","embeddable":true,"href":"https:\/\/www.europesays.com\/fr\/wp-json\/wp\/v2\/tags?post=398683"}],"curies":[{"name":"wp","href":"https:\/\/api.w.org\/{rel}","templated":true}]}}