{"id":398685,"date":"2025-09-18T00:24:13","date_gmt":"2025-09-18T00:24:13","guid":{"rendered":"https:\/\/www.europesays.com\/fr\/398685\/"},"modified":"2025-09-18T00:24:13","modified_gmt":"2025-09-18T00:24:13","slug":"the-morning-show-revient-avec-marion-cotillard-et-plusieurs-clins-doeil-qui-feront-rire-les-francais","status":"publish","type":"post","link":"https:\/\/www.europesays.com\/fr\/398685\/","title":{"rendered":"\u00ab\u00a0The Morning Show\u00a0\u00bb revient, avec Marion Cotillard et plusieurs clins d\u2019\u0153il qui feront rire les Fran\u00e7ais"},"content":{"rendered":"<p>        <img decoding=\"async\" loading=\"lazy\" src=\"https:\/\/www.europesays.com\/fr\/wp-content\/uploads\/2025\/09\/cd5af89_upload-1-qixq7u0wbbks-cotillard-m4.jpg\"  width=\"728\" height=\"409\" alt=\"Marion Cotillard est C\u00e9line Dumont dans \u00ab\u00a0The Morning Show\u00a0\u00bb saison 4\"\/>  <\/p>\n<p>AppleTV+<\/p>\n<p>Marion Cotillard est C\u00e9line Dumont dans \u00ab\u00a0The Morning Show\u00a0\u00bb saison 4<\/p>\n<p class=\"asset asset-text\">S\u00c9RIE TV &#8211; Elles sont de retour et pr\u00eates \u00e0 en d\u00e9coudre. <a href=\"https:\/\/www.huffingtonpost.fr\/culture\/video\/aux-emmy-awards-the-studio-fait-carton-plein-et-entre-dans-l-histoire-de-la-ceremonie_254823.html\" target=\"_blank\" rel=\"noopener\">AppleTV+<\/a> a mis en ligne le premier \u00e9pisode de la saison 4\u00a0de The Morning Show. <a href=\"https:\/\/www.huffingtonpost.fr\/people\/article\/jennifer-aniston-revient-sur-la-mort-de-matthew-perry-on-a-fait-tout-ce-qu-on-a-pu_253484.html\" target=\"_blank\" rel=\"noopener\">Jennifer Aniston <\/a>et Reese Witherspoon accueillent \u00e0 leurs c\u00f4t\u00e9s <a href=\"https:\/\/www.huffingtonpost.fr\/culture\/video\/marion-cotillard-arrive-dans-the-morning-show-et-son-duel-avec-jennifer-aniston-s-annonce-tendu_253802.html\" target=\"_blank\" rel=\"noopener\">Marion Cotillard<\/a> dans un r\u00f4le taill\u00e9 sur-mesure. L\u2019actrice fran\u00e7aise n\u2019est d\u2019ailleurs pas la seule \u00ab\u00a0touche\u00a0\u00bb tricolore de la saison qui comptera 10\u00a0\u00e9pisodes.<\/p>\n<p class=\"asset asset-text\">Apr\u00e8s le mouvement MeToo, le Covid, ou encore les \u00e9lections, un autre \u00ab\u00a0grand \u00e9v\u00e8nement\u00a0\u00bb d\u2019envergure mondiale va occuper les journalistes du groupe de m\u00e9dias fictif, d\u00e9sormais renomm\u00e9 UBA-NBN apr\u00e8s la fusion avec le rival de toujours. Collant toujours f\u00e9rocement avec l\u2019actualit\u00e9, The Morning Show a d\u00e9cid\u00e9 d\u2019utiliser la pr\u00e9paration des Jeux olympiques de Paris 2024, crucial enjeu \u00e9conomique, comme d\u00e9cor de fond pour son intrigue.<\/p>\n<p class=\"asset asset-text\">C\u2019est donc avec une s\u00e9quence de Tour Eiffel et de Jennifer Aniston \u00ab\u00a0parlant\u00a0\u00bb fran\u00e7ais que s\u2019ouvre cette saison. Tr\u00e8s rapidement, un nouveau personnage est introduit\u00a0: C\u00e9line Dumont, incarn\u00e9e par Marion Cotillard. La quadra au carr\u00e9 impeccable est l\u2019h\u00e9riti\u00e8re impitoyable d\u2019un empire m\u00e9diatique europ\u00e9en, bien d\u00e9cid\u00e9e \u00e0 ne pas laisser UBA-NBN sombrer en raison de l\u2019incomp\u00e9tence pr\u00e9sum\u00e9e de son \u00e9quipe de direction.<\/p>\n<p>    The Morning Show version tricolore    <\/p>\n<p class=\"asset asset-text\">Dans le premier \u00e9pisode en ligne ce mercredi 17\u00a0septembre, le personnage prononce une phrase qui ne manquera pas de faire rire les t\u00e9l\u00e9spectateurs fran\u00e7ais. \u00ab\u00a0J\u2019ai pass\u00e9 des mois \u00e0 n\u00e9gocier les droits du plus gros \u00e9v\u00e8nement sportif de la d\u00e9cennie. J\u2019ai nag\u00e9 dans la Seine et j\u2019ai litt\u00e9ralement aval\u00e9 de la merde pour conclure ce contrat\u00a0\u00bb, s\u2019agace C\u00e9line apr\u00e8s une action quelque peu inconsid\u00e9r\u00e9e d\u2019Alex (Jennifer Aniston).<\/p>\n<p class=\"asset asset-text\">Difficile de ne pas se souvenir des mois qui ont pr\u00e9c\u00e9d\u00e9 les Jeux olympiques, durant lesquels la qualit\u00e9 de l\u2019eau du fleuve parisien a souvent \u00e9t\u00e9 un sujet, et notamment sa concentration de deux bact\u00e9ries indicatrices de contamination f\u00e9cale, Escherichia coli et ent\u00e9rocoques. Pour \u00ab\u00a0prouver\u00a0\u00bb que la baignade y \u00e9tait sans danger, la maire de la ville Anne Hidalgo mais aussi la ministre des sports Am\u00e9lie Oud\u00e9a-Cast\u00e9ra s\u2019\u00e9taient personnellement jet\u00e9es \u00e0 l\u2019eau.<\/p>\n<p class=\"asset asset-text\">Dans la suite de la saison, les t\u00e9l\u00e9spectateurs auront droit \u00e0 d\u2019autres touches bleu-blanc-rouge avec par exemple l\u2019apparition du com\u00e9dien Arnaud Valois dans la peau du fr\u00e8re de C\u00e9line. Mais si les JO sont bel et bien l\u2019accroche actualit\u00e9 de la saison 4\u00a0de The Morning Show, n\u2019attendez pas y voir du saut \u00e0 la perche ou de l\u2019escrime. Le seul sport que pratiquent Alex, Bradley, Mia, Stella et C\u00e9line, c\u2019est celui des messes basses et du coup bas. Et certaines m\u00e9ritent en la mati\u00e8re une m\u00e9daille.<\/p>\n<p> La lecture de ce contenu est susceptible d\u2019entra\u00eener un d\u00e9p\u00f4t de cookies de la part de l\u2019op\u00e9rateur tiers qui l\u2019h\u00e9berge. Compte-tenu des choix que vous avez exprim\u00e9s en mati\u00e8re de d\u00e9p\u00f4t de cookies, nous avons bloqu\u00e9 l\u2019affichage de ce contenu. Si vous souhaitez y acc\u00e9der, vous devez accepter la cat\u00e9gorie de cookies \u201cContenus tiers\u201d en cliquant sur le bouton ci-dessous. <\/p>\n<p> Lire la Vid\u00e9o              Une saison 4\u00a0sous haute tension    <\/p>\n<p class=\"asset asset-text\">Apr\u00e8s leur \u00ab\u00a0coup d\u2019\u00c9tat\u00a0\u00bb pour sortir le millionnaire Paul Marks de l\u2019\u00e9quation, UBA-NBN est d\u00e9sormais une affaire de femmes. Stella (Greta Lee) doit affirmer sa position tout en m\u00e9nageant C\u00e9line et ses liens avec Alex et Mia (Karen Pittman), une mission impossible. Cette derni\u00e8re entrevoit d\u2019ailleurs enfin la possibilit\u00e9 d\u2019obtenir la position qu\u2019elle convoite (et m\u00e9rite) depuis des ann\u00e9es\u00a0: cheffe de l\u2019info. Alex, elle, a du mal \u00e0 faire concorder les int\u00e9r\u00eats financiers du groupe et sa d\u00e9ontologie journalistique. Bradley (Reese Witherspoon) enfin, se lance dans une nouvelle enqu\u00eate qui pourrait mettre le groupe et sa carri\u00e8re, en p\u00e9ril.<\/p>\n<p class=\"asset asset-text\">Autour d\u2019elles gravitent des r\u00f4les secondaires masculins tout aussi essentiels\u00a0: Chip (Mark Duplass) l\u2019ancien assistant \u00e0 l\u2019\u00e9thique volatile, Cory (Billy Crudup) le requin au c\u0153ur tendre, et un petit nouveau\u00a0: Brodie. Camp\u00e9 par Boyd Holbrook, ce podcasteur masculiniste avec lequel la cha\u00eene est oblig\u00e9e de composer va se r\u00e9v\u00e9ler coriace. Saupoudrez d\u2019histoires d\u2019amour et de famille compliqu\u00e9es, le tout dans un contexte g\u00e9opolitique et social tendu, et vous obtenez une saison \u00e9pic\u00e9e comme on les aime. \u00ab\u00a0Bon app\u00e9tit\u00a0\u00bb.<\/p>\n","protected":false},"excerpt":{"rendered":"AppleTV+ Marion Cotillard est C\u00e9line Dumont dans \u00ab\u00a0The Morning Show\u00a0\u00bb saison 4 S\u00c9RIE TV &#8211; Elles sont de&hellip;\n","protected":false},"author":2,"featured_media":398686,"comment_status":"","ping_status":"","sticky":false,"template":"","format":"standard","meta":{"footnotes":""},"categories":[1359],"tags":[519,251,58,59,1011,27,34774,973,595],"class_list":{"0":"post-398685","1":"post","2":"type-post","3":"status-publish","4":"format-standard","5":"has-post-thumbnail","7":"category-people","8":"tag-apple-tv","9":"tag-culture","10":"tag-divertissement","11":"tag-entertainment","12":"tag-fr","13":"tag-france","14":"tag-marion-cotillard","15":"tag-people","16":"tag-serie-tv"},"share_on_mastodon":{"url":"https:\/\/pubeurope.com\/@fr\/115222456917203093","error":""},"_links":{"self":[{"href":"https:\/\/www.europesays.com\/fr\/wp-json\/wp\/v2\/posts\/398685","targetHints":{"allow":["GET"]}}],"collection":[{"href":"https:\/\/www.europesays.com\/fr\/wp-json\/wp\/v2\/posts"}],"about":[{"href":"https:\/\/www.europesays.com\/fr\/wp-json\/wp\/v2\/types\/post"}],"author":[{"embeddable":true,"href":"https:\/\/www.europesays.com\/fr\/wp-json\/wp\/v2\/users\/2"}],"replies":[{"embeddable":true,"href":"https:\/\/www.europesays.com\/fr\/wp-json\/wp\/v2\/comments?post=398685"}],"version-history":[{"count":0,"href":"https:\/\/www.europesays.com\/fr\/wp-json\/wp\/v2\/posts\/398685\/revisions"}],"wp:featuredmedia":[{"embeddable":true,"href":"https:\/\/www.europesays.com\/fr\/wp-json\/wp\/v2\/media\/398686"}],"wp:attachment":[{"href":"https:\/\/www.europesays.com\/fr\/wp-json\/wp\/v2\/media?parent=398685"}],"wp:term":[{"taxonomy":"category","embeddable":true,"href":"https:\/\/www.europesays.com\/fr\/wp-json\/wp\/v2\/categories?post=398685"},{"taxonomy":"post_tag","embeddable":true,"href":"https:\/\/www.europesays.com\/fr\/wp-json\/wp\/v2\/tags?post=398685"}],"curies":[{"name":"wp","href":"https:\/\/api.w.org\/{rel}","templated":true}]}}