{"id":398687,"date":"2025-09-18T00:25:18","date_gmt":"2025-09-18T00:25:18","guid":{"rendered":"https:\/\/www.europesays.com\/fr\/398687\/"},"modified":"2025-09-18T00:25:18","modified_gmt":"2025-09-18T00:25:18","slug":"entre-terre-et-fer-un-artiste-de-lart-brut-a-verrue","status":"publish","type":"post","link":"https:\/\/www.europesays.com\/fr\/398687\/","title":{"rendered":"Entre terre et fer, un artiste de l\u2019art brut \u00e0 Verrue"},"content":{"rendered":"<p>Le \u00ab\u00a0Magic Hortus\u00a0\u00bb de Fran\u00e7ois Alix sera ouvert pour la premi\u00e8re fois au grand public ce week-end des 19, 20 et 21\u00a0septembre 2025. L\u2019artiste\u00a0participe pour la toute premi\u00e8re fois aux Journ\u00e9es europ\u00e9ennes du patrimoine, avec le soutien de la R\u00e9gion Nouvelle-Aquitaine, qui a s\u00e9lectionn\u00e9 ce site parmi les \u00ab\u00a0onze visites exceptionnelles et insolites \u00e0 visiter\u00a0\u00bb. Il y pr\u00e9sente l\u2019histoire d\u2019une vie&#8230;. <\/p>\n<p>    Cet article a \u00e9t\u00e9 tronqu\u00e9. Abonnez-vous pour lire l&rsquo;article complet sur notre site.<\/p>\n<p style=\"margin: 0 !important; padding: 0 !important; font-size: 12px !important;\">Cet article a \u00e9t\u00e9 tronqu\u00e9. Abonnez-vous pour lire l&rsquo;article complet.<\/p>\n<p>    <a href=\"https:\/\/www.lanouvellerepublique.fr\/abonnements\" style=\"display: inline-block; margin-top: 5px !important; padding: 6px 12px !important; background: #cb1c27; color: white; text-decoration: none; border-radius: 4px; font-size: 12px !important;\" target=\"_blank\" rel=\"noopener\"><br \/>\n      S&rsquo;abonner<br \/>\n    <\/a><\/p>\n","protected":false},"excerpt":{"rendered":"Le \u00ab\u00a0Magic Hortus\u00a0\u00bb de Fran\u00e7ois Alix sera ouvert pour la premi\u00e8re fois au grand public ce week-end des&hellip;\n","protected":false},"author":2,"featured_media":398688,"comment_status":"","ping_status":"","sticky":false,"template":"","format":"standard","meta":{"footnotes":""},"categories":[1358],"tags":[1348,1384,1385,1674,1386,58,59,1349,1011,27,1393,13686,2551,53041],"class_list":{"0":"post-398687","1":"post","2":"type-post","3":"status-publish","4":"format-standard","5":"has-post-thumbnail","7":"category-arts-et-design","8":"tag-arts","9":"tag-arts-and-design","10":"tag-arts-et-design","11":"tag-communes","12":"tag-design","13":"tag-divertissement","14":"tag-entertainment","15":"tag-expositions","16":"tag-fr","17":"tag-france","18":"tag-loisirs","19":"tag-loudun","20":"tag-patrimoine","21":"tag-verrue"},"share_on_mastodon":{"url":"https:\/\/pubeurope.com\/@fr\/115222460973592575","error":""},"_links":{"self":[{"href":"https:\/\/www.europesays.com\/fr\/wp-json\/wp\/v2\/posts\/398687","targetHints":{"allow":["GET"]}}],"collection":[{"href":"https:\/\/www.europesays.com\/fr\/wp-json\/wp\/v2\/posts"}],"about":[{"href":"https:\/\/www.europesays.com\/fr\/wp-json\/wp\/v2\/types\/post"}],"author":[{"embeddable":true,"href":"https:\/\/www.europesays.com\/fr\/wp-json\/wp\/v2\/users\/2"}],"replies":[{"embeddable":true,"href":"https:\/\/www.europesays.com\/fr\/wp-json\/wp\/v2\/comments?post=398687"}],"version-history":[{"count":0,"href":"https:\/\/www.europesays.com\/fr\/wp-json\/wp\/v2\/posts\/398687\/revisions"}],"wp:featuredmedia":[{"embeddable":true,"href":"https:\/\/www.europesays.com\/fr\/wp-json\/wp\/v2\/media\/398688"}],"wp:attachment":[{"href":"https:\/\/www.europesays.com\/fr\/wp-json\/wp\/v2\/media?parent=398687"}],"wp:term":[{"taxonomy":"category","embeddable":true,"href":"https:\/\/www.europesays.com\/fr\/wp-json\/wp\/v2\/categories?post=398687"},{"taxonomy":"post_tag","embeddable":true,"href":"https:\/\/www.europesays.com\/fr\/wp-json\/wp\/v2\/tags?post=398687"}],"curies":[{"name":"wp","href":"https:\/\/api.w.org\/{rel}","templated":true}]}}