{"id":398703,"date":"2025-09-18T00:33:10","date_gmt":"2025-09-18T00:33:10","guid":{"rendered":"https:\/\/www.europesays.com\/fr\/398703\/"},"modified":"2025-09-18T00:33:10","modified_gmt":"2025-09-18T00:33:10","slug":"des-millions-dutilisateurs-vont-devoir-payer-pour-continuer-a-utiliser-leur-ordinateur","status":"publish","type":"post","link":"https:\/\/www.europesays.com\/fr\/398703\/","title":{"rendered":"des millions d&rsquo;utilisateurs vont devoir payer pour continuer \u00e0 utiliser leur ordinateur"},"content":{"rendered":"<p>            Par<br \/>\n        <strong><br \/>\n            <a href=\"https:\/\/actu.fr\/auteur\/sophie-vincelot-actu-fr\" title=\"Consulter tous les articles de Sophie Vincelot\" target=\"_blank\" rel=\"noopener\">Sophie Vincelot<\/a><br \/>\n        <\/strong><\/p>\n<p>        Publi\u00e9 le<\/p>\n<p>            17 sept. 2025 \u00e0 20h59        <\/p>\n<p>Est-ce une \u00ab\u00a0prise d\u2019otage num\u00e9rique\u00a0\u00bb ? La nouvelle devrait en tout cas peu r\u00e9jouir les d\u00e9tenteurs de PC, qui utilisent Windows comme syst\u00e8me d\u2019exploitation. \u00c0 partir du <strong>14 octobre 2025<\/strong>, un changement technique pourrait venir perturber quelque 400 millions d\u2019ordinateurs sous Windows 10.\u00a0<\/p>\n<p class=\" wall-content\">Microsoft a pr\u00e9vu de <strong>ne plus fournir \u00ab\u00a0de mises \u00e0 jour logicielles \u00e0 partir de Windows Update<\/strong>, d\u2019assistance technique ou de correctifs de s\u00e9curit\u00e9 pour Windows 10\u2033, d\u00e9voile la multinationale am\u00e9ricaine sur une <a href=\"https:\/\/www.microsoft.com\/fr-fr\/windows\/end-of-support?r=1\" target=\"_blank\" rel=\"noopener\">page d\u00e9di\u00e9e<\/a>.<\/p>\n<p class=\" wall-content\">En d\u2019autres termes, les ordinateurs des utilisateurs pourront toujours fonctionner, mais ne profiteront d\u2019aucune actualisation, notamment sur le plan de la s\u00e9curit\u00e9, ce qui pourra les rendre vuln\u00e9rables \u00e0 d\u2019\u00e9ventuelles <a href=\"https:\/\/actu.fr\/sciences-technologie\/faille-informatique-de-windows-voici-la-marche-a-suivre-de-microsoft-pour-eviter-d-etre-pirate_43334582.html\" target=\"_blank\" rel=\"noopener\">failles de s\u00e9curit\u00e9<\/a>, aux logiciels malveillants et de potentiels vols de donn\u00e9es.\u00a0<\/p>\n<p>Lancement d\u2019une p\u00e9tition<\/p>\n<p class=\" wall-content\">Le g\u00e9ant de l\u2019informatique propose une migration gratuite vers Windows 11, mais <strong>beaucoup de machines ne sont pas compatibles<\/strong>, comme le d\u00e9nonce une <a href=\"https:\/\/www.halteobsolescence.org\/petitions\/non-a-la-taxe-windows\/\" target=\"_blank\" rel=\"noopener\">p\u00e9tition<\/a> \u00ab\u00a0Non \u00e0 la \u2018taxe Windows\u2019 !\u00a0\u00bb, lanc\u00e9e par UFC-Que Choisir, l\u2019association HOP (Halte \u00e0 l\u2019Obsolescence Programm\u00e9e) et vingt autres organisations et entreprises.\u00a0<\/p>\n<p class=\" wall-content\">Car, pour ceux dont les ordinateurs ne peuvent migrer vers Windows 11, deux options s\u2019offrent \u00e0 eux : acheter un nouvel ordinateur ou bien payer un abonnement de 30 dollars (env. 25 euros) pour prolonger le support de Windows 10 pour une ann\u00e9e suppl\u00e9mentaire. Cela ne concernera que les mises \u00e0 jour de s\u00e9curit\u00e9, et non les \u00e9volutions fonctionnelles.\u00a0<\/p>\n<blockquote class=\"ac-article-quote wall-content\">\n<p>En France, des milliers de personnes, h\u00f4pitaux, administrations publiques et entreprises sont concern\u00e9s. Microsoft nous pousse \u00e0 payer un abonnement pour garder l\u2019usage de l\u2019appareil en toute s\u00e9curit\u00e9 ou bien \u00e0 racheter un ordinateur plus r\u00e9cent. <\/p>\n<p>    <strong>P\u00e9tition Non \u00e0 la \u00ab\u00a0taxe Windows\u00a0\u00bb !<\/strong>\n            <\/p><\/blockquote>\n<p class=\" wall-content\">La p\u00e9tition estime que cela pourrait <strong>engendrer \u00ab\u00a0a minima\u00a0\u00bb 10 milliards d\u2019euros de frais suppl\u00e9mentaires<\/strong> pour les utilisateurs et les administrations publiques. Un constat difficile \u00e0 avaler \u00e0 l\u2019heure o\u00f9 l\u2019on appelle \u00e0 des <a href=\"https:\/\/actu.fr\/politique\/je-retire-la-suppression-de-deux-jours-feries-annonce-le-premier-ministre-sebastien-lecornu_63158893.html?utm_source=elasticemail-mediego&amp;mgo_eu=7965799c8a95e10d3d36b8d74433f70b&amp;mgo_l=b0720d19-cd90-4f26-b850-2e2f141c516a.33.11&amp;utm_campaign=cote_brest&amp;utm_medium=email\" target=\"_blank\" rel=\"noopener\">\u00e9conomies au plus haut sommet de l\u2019\u00c9tat<\/a>.\u00a0<\/p>\n<p>Votre r\u00e9gion, votre actu !<\/p>\n<p>Recevez chaque jour les infos qui comptent pour vous.<\/p>\n<p>\t<a href=\"https:\/\/actu.fr\/newsletter\" class=\"ac-btn ac-btn--corner ac-btn--medium ac-btn--blue800\" target=\"_blank\" rel=\"noopener\">S&rsquo;incrire<\/a><br \/>\nLoi pour des mises \u00e0 jour gratuites de s\u00e9curit\u00e9<\/p>\n<p class=\" wall-content\">Pour l\u2019heure, <strong>pr\u00e8s de 15 000 signatures<\/strong> ont \u00e9t\u00e9 r\u00e9colt\u00e9es sur un objectif affich\u00e9 de 22 000.<\/p>\n<p class=\" wall-content\">Les signataires r\u00e9clament \u00ab\u00a0le maintien des mises \u00e0 jour non payantes et sans contrepartie de Windows 10 jusqu\u2019en 2030\u00a0\u00bb, mais aussi une \u00ab\u00a0loi pour la mise \u00e0 disposition non payante et sans contrepartie des mises \u00e0 jour logicielles de s\u00e9curit\u00e9 pendant au moins 15 ans pour tous les ordinateurs\u00a0\u00bb.\u00a0\u00a0<\/p>\n<p class=\" wall-content\">Objectif : <strong>faire plier Microsoft<\/strong> et \u00e9viter l\u2019obsolescence programm\u00e9e de millions d\u2019ordinateurs.\u00a0<\/p>\n<p class=\" wall-content\">Personnalisez votre actualit\u00e9 en ajoutant vos villes et m\u00e9dias en favori avec <a href=\"https:\/\/moncompte.actu.fr\" title=\"D\u00e9couvez Mon Actu\" rel=\"nofollow noopener\" data-trk=\"{&quot;cta&quot;:{&quot;action&quot;:&quot;https:\\\/\\\/moncompte.actu.fr&quot;,&quot;category&quot;:&quot;mon compte&quot;,&quot;from&quot;:&quot;article footer&quot;,&quot;name&quot;:&quot;Mon actu&quot;,&quot;type&quot;:&quot;cta&quot;}}\" target=\"_blank\">Mon Actu<\/a>.<\/p>\n","protected":false},"excerpt":{"rendered":"Par Sophie Vincelot Publi\u00e9 le 17 sept. 2025 \u00e0 20h59 Est-ce une \u00ab\u00a0prise d\u2019otage num\u00e9rique\u00a0\u00bb ? La nouvelle&hellip;\n","protected":false},"author":2,"featured_media":398704,"comment_status":"","ping_status":"","sticky":false,"template":"","format":"standard","meta":{"footnotes":""},"categories":[7],"tags":[1011,27,43,40,41,39,2631,42,44],"class_list":{"0":"post-398703","1":"post","2":"type-post","3":"status-publish","4":"format-standard","5":"has-post-thumbnail","7":"category-sciences-et-technologies","8":"tag-fr","9":"tag-france","10":"tag-science","11":"tag-science-and-technology","12":"tag-sciences","13":"tag-sciences-et-technologies","14":"tag-sciences-technologie","15":"tag-technologies","16":"tag-technology"},"share_on_mastodon":{"url":"https:\/\/pubeurope.com\/@fr\/115222492343494328","error":""},"_links":{"self":[{"href":"https:\/\/www.europesays.com\/fr\/wp-json\/wp\/v2\/posts\/398703","targetHints":{"allow":["GET"]}}],"collection":[{"href":"https:\/\/www.europesays.com\/fr\/wp-json\/wp\/v2\/posts"}],"about":[{"href":"https:\/\/www.europesays.com\/fr\/wp-json\/wp\/v2\/types\/post"}],"author":[{"embeddable":true,"href":"https:\/\/www.europesays.com\/fr\/wp-json\/wp\/v2\/users\/2"}],"replies":[{"embeddable":true,"href":"https:\/\/www.europesays.com\/fr\/wp-json\/wp\/v2\/comments?post=398703"}],"version-history":[{"count":0,"href":"https:\/\/www.europesays.com\/fr\/wp-json\/wp\/v2\/posts\/398703\/revisions"}],"wp:featuredmedia":[{"embeddable":true,"href":"https:\/\/www.europesays.com\/fr\/wp-json\/wp\/v2\/media\/398704"}],"wp:attachment":[{"href":"https:\/\/www.europesays.com\/fr\/wp-json\/wp\/v2\/media?parent=398703"}],"wp:term":[{"taxonomy":"category","embeddable":true,"href":"https:\/\/www.europesays.com\/fr\/wp-json\/wp\/v2\/categories?post=398703"},{"taxonomy":"post_tag","embeddable":true,"href":"https:\/\/www.europesays.com\/fr\/wp-json\/wp\/v2\/tags?post=398703"}],"curies":[{"name":"wp","href":"https:\/\/api.w.org\/{rel}","templated":true}]}}