{"id":398707,"date":"2025-09-18T00:35:11","date_gmt":"2025-09-18T00:35:11","guid":{"rendered":"https:\/\/www.europesays.com\/fr\/398707\/"},"modified":"2025-09-18T00:35:11","modified_gmt":"2025-09-18T00:35:11","slug":"a-paris-des-milliers-de-personnes-se-rassemblent-contre-la-nouvelle-offensive-israelienne-a-gaza","status":"publish","type":"post","link":"https:\/\/www.europesays.com\/fr\/398707\/","title":{"rendered":"\u00e0 Paris, des milliers de personnes se rassemblent contre la nouvelle offensive isra\u00e9lienne \u00e0 Gaza"},"content":{"rendered":"<p>Quelques milliers de personnes se sont r\u00e9unies place de la R\u00e9publique mercredi soir pour t\u00e9moigner leur soutien aux Palestiniens de Gaza et contester la nouvelle offensive terrestre de l\u2019arm\u00e9e isra\u00e9lienne.<\/p>\n<p class=\"fig-paragraph\">Quelques milliers de personnes se sont rassembl\u00e9es \u00e0 Paris mercredi soir en soutien aux Palestiniens de\u00a0<a href=\"https:\/\/www.lefigaro.fr\/tag\/gaza\" target=\"_blank\" rel=\"sponsored noopener nofollow\" data-gtm-custom-categorie=\"navigation\" data-gtm-custom-action=\"crossclick\" data-gtm-custom-label=\"Contextuel\" data-gtm-event=\"customEventSPE\">Gaza<\/a>, au lendemain du lancement d&rsquo;une nouvelle offensive terrestre de l&rsquo;arm\u00e9e isra\u00e9lienne sur le territoire d\u00e9vast\u00e9 par deux ans de guerre et en proie \u00e0 la famine.<\/p>\n<p class=\"fig-paragraph\">\u00abDe la mer au Jourdain, la Palestine vivra\u00bb, \u00abNous sommes tous des enfants de Gaza\u00bb, ont scand\u00e9 les manifestants, en majorit\u00e9 des jeunes, en agitant des drapeaux palestiniens sur la place de la R\u00e9publique, au c\u0153ur de la capitale fran\u00e7aise.<\/p>\n<p>                                    <a class=\"fig-a11y-skip a11y-hidden\" href=\"#fig-a11y-skip-main-inarticle\"><br \/>\n        Passer la publicit\u00e9<br \/>\n    <\/a><\/p>\n<p class=\"fig-paragraph\">\u00abJe n&rsquo;ai plus les mots, juste un sentiment de col\u00e8re et d&rsquo;impuissance face \u00e0 ce qui se passe. La mobilisation devrait \u00eatre beaucoup forte, mais (il) faut croire qu&rsquo;on s&rsquo;habitue \u00e0 tout, m\u00eame \u00e0 l&rsquo;horreur\u00bb, soupire Emilie, qui essaie de participer \u00e0 toutes les manifestations propalestiniennes. Pour cette biblioth\u00e9caire de 41 ans qui n&rsquo;a pas souhait\u00e9 donner son nom de famille, \u00abil est de toute fa\u00e7on d\u00e9j\u00e0 trop tard: ils (l&rsquo;arm\u00e9e isra\u00e9lienne, NDLR) ont d\u00e9j\u00e0 presque tout d\u00e9truit, et l\u00e0 ils rasent la ville de Gaza\u00bb.<\/p>\n<p class=\"fig-body-link\">\n            \u00c0 lire aussi<br \/>\n        <a class=\"fig-body-link__link fig-premium-mark\" href=\"http:\/\/www.lefigaro.fr\/international\/ursula-von-der-leyen-propose-de-sanctionner-israel-mais-l-allemagne-acceptera-t-elle-20250917\" target=\"_blank\" data-fig-type=\"Article\" rel=\"noopener nofollow\" data-gtm-custom-categorie=\"navigation\" data-gtm-custom-action=\"crossclick\" data-gtm-custom-label=\"Contextuel\" data-gtm-event=\"customEventSPE\" data-fig-domain=\"LEFIGARO\">Ursula von\u00a0der\u00a0Leyen propose de sanctionner Isra\u00ebl, mais l\u2019Allemagne acceptera-t-elle\u00a0?<br \/>\n    <\/a>\n<\/p>\n<p>La pr\u00e9sence de Manon Aubry et Marine Tondelier<\/p>\n<p class=\"fig-paragraph\">Dans la petite foule, Yannis, 26 ans, refuse, lui, le \u00abd\u00e9faitisme\u00bb. \u00abJ&rsquo;ai espoir que la colonisation (isra\u00e9lienne) prenne fin et qu&rsquo;un nouvel \u00c9tat (palestinien) soit cr\u00e9\u00e9\u00bb, dit le jeune chercheur, qui pr\u00e9f\u00e8re lui aussi ne donner que son pr\u00e9nom, en r\u00e9f\u00e9rence aux annonces de plusieurs pays, comme la France, le Royaume-Uni ou l&rsquo;Australie, de reconna\u00eetre un \u00c9tat palestinien.<\/p>\n<p class=\"fig-paragraph\">Quelques figures de la gauche radicale, comme la d\u00e9put\u00e9e europ\u00e9enne du parti LFI Manon Aubry, et la cheffe des \u00c9cologistes Marine Tondelier \u00e9taient \u00e9galement pr\u00e9sentes. \u00abJ&rsquo;ai honte de ce qui se passe \u00e0 Gaza (&#8230;) mais j&rsquo;ai honte aussi de ce qui se passe en France\u00bb, a d\u00e9clar\u00e9 Marine Tondelier.<\/p>\n<p>    Marine Tondelier, secr\u00e9taire nationale du parti \u00e9cologiste fran\u00e7ais, prend la parole lors du rassemblement \u00abStop au g\u00e9nocide\u00bb en soutien \u00e0 Gaza, place de la R\u00e9publique, \u00e0 Paris, le 17 septembre 2025.<br \/>\n                JULIEN DE ROSA \/ AFP<\/p>\n<p class=\"fig-paragraph\">Revenant sur la pol\u00e9mique d\u00e9clench\u00e9e par l&rsquo;appel du premier secr\u00e9taire du Parti socialiste, Olivier Faure, \u00e0 hisser le drapeau palestinien sur les mairies le 22 septembre quand le pr\u00e9sident de la R\u00e9publique Emmanuel Macron reconna\u00eetra officiellement l&rsquo;\u00c9tat palestinien devant l&rsquo;ONU, elle a estim\u00e9 qu&rsquo;\u00abun drapeau palestinien sur une mairie n&rsquo;a jamais tu\u00e9 personne, alors que l&rsquo;arm\u00e9e isra\u00e9lienne tue, et tue tous les jours\u00bb.<\/p>\n<p class=\"fig-paragraph\">Isra\u00ebl a annonc\u00e9 mardi le d\u00e9but d&rsquo;une campagne militaire terrestre et a\u00e9rienne \u00e0 Gaza-ville pour y an\u00e9antir le mouvement islamiste palestinien Hamas, dont l&rsquo;attaque du 7 octobre 2023 en Isra\u00ebl a d\u00e9clench\u00e9 la guerre dans la bande de Gaza. Cette offensive sur Gaza-ville a valu \u00e0 Isra\u00ebl de nombreuses et s\u00e9v\u00e8res condamnations \u00e0 l&rsquo;international et pouss\u00e9 ses habitants, estim\u00e9s \u00e0 environ un million, \u00e0 fuir en nombre.<\/p>\n","protected":false},"excerpt":{"rendered":"Quelques milliers de personnes se sont r\u00e9unies place de la R\u00e9publique mercredi soir pour t\u00e9moigner leur soutien aux&hellip;\n","protected":false},"author":2,"featured_media":398708,"comment_status":"","ping_status":"","sticky":false,"template":"","format":"standard","meta":{"footnotes":""},"categories":[5],"tags":[11,1011,27,14,12,3518,3919,28],"class_list":{"0":"post-398707","1":"post","2":"type-post","3":"status-publish","4":"format-standard","5":"has-post-thumbnail","7":"category-international","8":"tag-actualites","9":"tag-fr","10":"tag-france","11":"tag-international","12":"tag-news","13":"tag-palestine","14":"tag-rassemblement","15":"tag-world"},"share_on_mastodon":{"url":"https:\/\/pubeurope.com\/@fr\/115222500218397221","error":""},"_links":{"self":[{"href":"https:\/\/www.europesays.com\/fr\/wp-json\/wp\/v2\/posts\/398707","targetHints":{"allow":["GET"]}}],"collection":[{"href":"https:\/\/www.europesays.com\/fr\/wp-json\/wp\/v2\/posts"}],"about":[{"href":"https:\/\/www.europesays.com\/fr\/wp-json\/wp\/v2\/types\/post"}],"author":[{"embeddable":true,"href":"https:\/\/www.europesays.com\/fr\/wp-json\/wp\/v2\/users\/2"}],"replies":[{"embeddable":true,"href":"https:\/\/www.europesays.com\/fr\/wp-json\/wp\/v2\/comments?post=398707"}],"version-history":[{"count":0,"href":"https:\/\/www.europesays.com\/fr\/wp-json\/wp\/v2\/posts\/398707\/revisions"}],"wp:featuredmedia":[{"embeddable":true,"href":"https:\/\/www.europesays.com\/fr\/wp-json\/wp\/v2\/media\/398708"}],"wp:attachment":[{"href":"https:\/\/www.europesays.com\/fr\/wp-json\/wp\/v2\/media?parent=398707"}],"wp:term":[{"taxonomy":"category","embeddable":true,"href":"https:\/\/www.europesays.com\/fr\/wp-json\/wp\/v2\/categories?post=398707"},{"taxonomy":"post_tag","embeddable":true,"href":"https:\/\/www.europesays.com\/fr\/wp-json\/wp\/v2\/tags?post=398707"}],"curies":[{"name":"wp","href":"https:\/\/api.w.org\/{rel}","templated":true}]}}