{"id":398721,"date":"2025-09-18T00:43:12","date_gmt":"2025-09-18T00:43:12","guid":{"rendered":"https:\/\/www.europesays.com\/fr\/398721\/"},"modified":"2025-09-18T00:43:12","modified_gmt":"2025-09-18T00:43:12","slug":"lancienne-fregate-latouche-treville-servira-pour-des-essais-a-toulon","status":"publish","type":"post","link":"https:\/\/www.europesays.com\/fr\/398721\/","title":{"rendered":"L\u2019ancienne fr\u00e9gate Latouche-Tr\u00e9ville servira pour des essais \u00e0 Toulon"},"content":{"rendered":"<p>Mardi 16\u00a0septembre 2025, prise en charge par des remorqueurs, <a href=\"https:\/\/rennes.maville.com\/actu\/actudet_-brest.-fin-de-desarmement-pour-la-fregate-latouche-treville-qui-sera-deconstruite-_6-5635766_actu.Htm\" target=\"_blank\" rel=\"nofollow noopener\">l\u2019ancienne fr\u00e9gate Latouche-Tr\u00e9ville <\/a> a quitt\u00e9 le fond de la Penfeld \u00e0 la hauteur des Capucins, \u00e0 Brest (Finist\u00e8re), pour passer sous le pont de Recouvrance, afin de rejoindre un poste au quai des flottilles.<\/p>\n<p>C\u2019est une premi\u00e8re \u00e9tape avant un second voyage longue distance. Le vieux b\u00e2timent va faire l\u2019objet d\u2019une toilette de mer, avec la mise en place d\u2019un gr\u00e9ement de remorquage et d\u2019une remorque de secours, avant de quitter plus tard Brest.<\/p>\n<p>D\u00e9part vers Toulon<\/p>\n<p>De nouveau sous remorque, la fr\u00e9gate rejoindra la base navale de Toulon (Var), o\u00f9 elle sera mise \u00e0 la disposition de la DGA (Direction g\u00e9n\u00e9rale de l\u2019armement) pour un essai de choc en M\u00e9diterran\u00e9e.<\/p>\n<p>Derni\u00e8re fr\u00e9gate anti sous-marine de type F 70, Latouche-Tr\u00e9ville a \u00e9t\u00e9 d\u00e9sarm\u00e9e le 1er\u00a0juillet 2022, apr\u00e8s une mission de trois mois en mer Baltique.<\/p>\n<p>Construite par la DCN Lorient, elle a, durant trente-deux\u00a0ann\u00e9es de service, accompli quatorze missions de longue dur\u00e9e, parcouru 920\u00a0000\u00a0nautiques, soit 43\u00a0tours du monde en 3\u00a0500\u00a0jours de mer. Au total, 2\u00a0500\u00a0marins ont voyag\u00e9 \u00e0 son bord.<\/p>\n<p>\u00a0<\/p>\n","protected":false},"excerpt":{"rendered":"Mardi 16\u00a0septembre 2025, prise en charge par des remorqueurs, l\u2019ancienne fr\u00e9gate Latouche-Tr\u00e9ville a quitt\u00e9 le fond de la&hellip;\n","protected":false},"author":2,"featured_media":398722,"comment_status":"","ping_status":"","sticky":false,"template":"","format":"standard","meta":{"footnotes":""},"categories":[9619],"tags":[1111,11,8108,3450,10931,1777,674,1011,27,13750,53042,12,882,25,24203,2310],"class_list":{"0":"post-398721","1":"post","2":"type-post","3":"status-publish","4":"format-standard","5":"has-post-thumbnail","7":"category-toulon","8":"tag-actu","9":"tag-actualites","10":"tag-ancienne","11":"tag-brest","12":"tag-essais","13":"tag-eu","14":"tag-europe","15":"tag-fr","16":"tag-france","17":"tag-fregate","18":"tag-latouche-treville","19":"tag-news","20":"tag-provence-alpes-cote-dazur","21":"tag-republique-francaise","22":"tag-servira","23":"tag-toulon"},"share_on_mastodon":{"url":"https:\/\/pubeurope.com\/@fr\/115222531614628353","error":""},"_links":{"self":[{"href":"https:\/\/www.europesays.com\/fr\/wp-json\/wp\/v2\/posts\/398721","targetHints":{"allow":["GET"]}}],"collection":[{"href":"https:\/\/www.europesays.com\/fr\/wp-json\/wp\/v2\/posts"}],"about":[{"href":"https:\/\/www.europesays.com\/fr\/wp-json\/wp\/v2\/types\/post"}],"author":[{"embeddable":true,"href":"https:\/\/www.europesays.com\/fr\/wp-json\/wp\/v2\/users\/2"}],"replies":[{"embeddable":true,"href":"https:\/\/www.europesays.com\/fr\/wp-json\/wp\/v2\/comments?post=398721"}],"version-history":[{"count":0,"href":"https:\/\/www.europesays.com\/fr\/wp-json\/wp\/v2\/posts\/398721\/revisions"}],"wp:featuredmedia":[{"embeddable":true,"href":"https:\/\/www.europesays.com\/fr\/wp-json\/wp\/v2\/media\/398722"}],"wp:attachment":[{"href":"https:\/\/www.europesays.com\/fr\/wp-json\/wp\/v2\/media?parent=398721"}],"wp:term":[{"taxonomy":"category","embeddable":true,"href":"https:\/\/www.europesays.com\/fr\/wp-json\/wp\/v2\/categories?post=398721"},{"taxonomy":"post_tag","embeddable":true,"href":"https:\/\/www.europesays.com\/fr\/wp-json\/wp\/v2\/tags?post=398721"}],"curies":[{"name":"wp","href":"https:\/\/api.w.org\/{rel}","templated":true}]}}