{"id":398762,"date":"2025-09-18T01:06:24","date_gmt":"2025-09-18T01:06:24","guid":{"rendered":"https:\/\/www.europesays.com\/fr\/398762\/"},"modified":"2025-09-18T01:06:24","modified_gmt":"2025-09-18T01:06:24","slug":"le-marche-reprend-de-la-vitalite","status":"publish","type":"post","link":"https:\/\/www.europesays.com\/fr\/398762\/","title":{"rendered":"le march\u00e9 reprend de la vitalit\u00e9"},"content":{"rendered":"<p>      <img fetchpriority=\"high\" decoding=\"async\" class=\"mx-auto\" src=\"data:image\/svg+xml,%3Csvg%20xmlns%3D%27http%3A%2F%2Fwww.w3.org%2F2000%2Fsvg%27%20fill%3D%22%23e4e4e4%22%20viewBox%3D%270%200%20510%20340%27%20width%3D%22510%22%20height%3D%22340%22%3E%3Cpath%20d%3D%27M0%200h510v340H0z%27%2F%3E%3C%2Fsvg%3E\"  loading=\"eager\" width=\"510\" height=\"340\" data-oncrawl-image-size=\"510x340\" alt=\"La cit\u00e9 phoc\u00e9enne, surplomb\u00e9e par Notre-Dame-de-la-Garde.\"\/>      <\/p>\n<p class=\"latino-100m text-grey-600\">\n            La cit\u00e9 phoc\u00e9enne, surplomb\u00e9e par Notre-Dame-de-la-Garde.\u00a0WESTEND 61\/HEMIS.FR        <\/p>\n<p>        Lire\u00a0plus\u00a0tard      <\/p>\n<p><a aria-label=\"Nous suivre sur Google News\" href=\"https:\/\/news.google.com\/publications\/CAAqBwgKMJe4nQkw3dFs?hl=fr&amp;gl=FR&amp;ceid=FR%3Afr\" target=\"_blank\" data-piano=\"Page_Article,Sous_date_publi,Nous_suivre_sur_google_news,1er_clic,action\" class=\"btn btn--small btn--tertiary btn--icon-only\" rel=\"noopener\"><\/p>\n<p>      Google Actualit\u00e9s<br \/>\n  <\/a><\/p>\n<p>  Partager<\/p>\n<p>        Facebook<\/p>\n<p>        Bluesky<\/p>\n<p>        E-mail<\/p>\n<p>        Copier le lien<\/p>\n<p>      Envoyer<\/p>\n<p>      S\u2019abonner pour lire    <\/p>\n<ul class=\"node__bulletedList antonia-750r text-grey-800 pb-24 pb-md-40\">\n<li>Maisons anciennes\u00a0: 4\u00a0672\u00a0\u20ac\/m2<\/li>\n<li>Evolution sur 1\u00a0an\u00a0: +1,2\u00a0%<\/li>\n<li>Appartements anciens\u00a0: 3\u00a0486\u00a0\u20ac\/m2<\/li>\n<li>Evolution sur 1\u00a0an\u00a0: -0,3\u00a0%<\/li>\n<\/ul>\n<p class=\"node__paragraphe antonia-750r text-grey-800 pb-8\">\nApr\u00e8s plusieurs mois d\u2019accalmie, le march\u00e9 immobilier reprend des couleurs. \u00ab\u00a0M\u00eame si ce n\u2019est pas encore une vraie reprise, ce d\u00e9but d\u2019ann\u00e9e a montr\u00e9 une belle activit\u00e9\u2026 en dents de scie\u00a0\u00bb, observe Sandra Rosano, notaire \u00e0 Marseille. \u00ab\u00a0Nous constatons un retour des primo-acc\u00e9dants et des investisse\u2026<\/p>\n<p class=\"latino-100m text-blue-400\">Article r\u00e9serv\u00e9 aux abonn\u00e9s.<\/p>\n<p>          Se connecter<\/p>\n<p class=\"text-center antonia-1850c\" style=\"margin-bottom:4px;\">Envie de lire la suite ?<\/p>\n<p class=\"text-center antonia-800c pb-16\">Tous nos articles en int\u00e9gralit\u00e9 d\u00e8s\u00a01\u20ac<\/p>\n<p>        S&rsquo;abonner<\/p>\n<p class=\"text-grey-700 or\">ou<\/p>\n<p>            <img width=\"164\" height=\"20\" src=\"data:image\/svg+xml,%3Csvg%20xmlns%3D%27http%3A%2F%2Fwww.w3.org%2F2000%2Fsvg%27%20fill%3D%22%23e4e4e4%22%20viewBox%3D%270%200%20282%2054%27%20width%3D%22282%22%20height%3D%2254%22%3E%3Cpath%20d%3D%27M0%200h282v54H0z%27%2F%3E%3C%2Fsvg%3E\"  class=\"js-swg-placeholder\" alt=\"Subscribe with Google\" loading=\"lazy\" decoding=\"async\"\/><\/p>\n<p>          D\u00e9couvrir toutes nos offres<\/p>\n","protected":false},"excerpt":{"rendered":"La cit\u00e9 phoc\u00e9enne, surplomb\u00e9e par Notre-Dame-de-la-Garde.\u00a0WESTEND 61\/HEMIS.FR Lire\u00a0plus\u00a0tard Google Actualit\u00e9s Partager Facebook Bluesky E-mail Copier le lien Envoyer&hellip;\n","protected":false},"author":2,"featured_media":398763,"comment_status":"","ping_status":"","sticky":false,"template":"","format":"standard","meta":{"footnotes":""},"categories":[2814],"tags":[17,1111,11,1777,674,1011,27,1116,2089,884,12,2141,882,18048,25,53049],"class_list":{"0":"post-398762","1":"post","2":"type-post","3":"status-publish","4":"format-standard","5":"has-post-thumbnail","7":"category-marseille","8":"tag-17","9":"tag-actu","10":"tag-actualites","11":"tag-eu","12":"tag-europe","13":"tag-fr","14":"tag-france","15":"tag-immobilier","16":"tag-marche","17":"tag-marseille","18":"tag-news","19":"tag-prix","20":"tag-provence-alpes-cote-dazur","21":"tag-reprend","22":"tag-republique-francaise","23":"tag-vitalite"},"share_on_mastodon":{"url":"https:\/\/pubeurope.com\/@fr\/115222621868373683","error":""},"_links":{"self":[{"href":"https:\/\/www.europesays.com\/fr\/wp-json\/wp\/v2\/posts\/398762","targetHints":{"allow":["GET"]}}],"collection":[{"href":"https:\/\/www.europesays.com\/fr\/wp-json\/wp\/v2\/posts"}],"about":[{"href":"https:\/\/www.europesays.com\/fr\/wp-json\/wp\/v2\/types\/post"}],"author":[{"embeddable":true,"href":"https:\/\/www.europesays.com\/fr\/wp-json\/wp\/v2\/users\/2"}],"replies":[{"embeddable":true,"href":"https:\/\/www.europesays.com\/fr\/wp-json\/wp\/v2\/comments?post=398762"}],"version-history":[{"count":0,"href":"https:\/\/www.europesays.com\/fr\/wp-json\/wp\/v2\/posts\/398762\/revisions"}],"wp:featuredmedia":[{"embeddable":true,"href":"https:\/\/www.europesays.com\/fr\/wp-json\/wp\/v2\/media\/398763"}],"wp:attachment":[{"href":"https:\/\/www.europesays.com\/fr\/wp-json\/wp\/v2\/media?parent=398762"}],"wp:term":[{"taxonomy":"category","embeddable":true,"href":"https:\/\/www.europesays.com\/fr\/wp-json\/wp\/v2\/categories?post=398762"},{"taxonomy":"post_tag","embeddable":true,"href":"https:\/\/www.europesays.com\/fr\/wp-json\/wp\/v2\/tags?post=398762"}],"curies":[{"name":"wp","href":"https:\/\/api.w.org\/{rel}","templated":true}]}}