{"id":39878,"date":"2025-04-20T21:38:08","date_gmt":"2025-04-20T21:38:08","guid":{"rendered":"https:\/\/www.europesays.com\/fr\/39878\/"},"modified":"2025-04-20T21:38:08","modified_gmt":"2025-04-20T21:38:08","slug":"miss-france-chloe-mortaud-devient-fleuriste","status":"publish","type":"post","link":"https:\/\/www.europesays.com\/fr\/39878\/","title":{"rendered":"Miss France : Chlo\u00e9 Mortaud devient fleuriste"},"content":{"rendered":"<p>      R\u00e9sum\u00e9<\/p>\n<p>Ancienne Miss France 2009, Chlo\u00e9 Mortaud a chang\u00e9 de vie en devenant fleuriste \u00e0 Los Angeles, port\u00e9e par sa passion pour les fleurs.<\/p>\n<p>        Sommaire<\/p>\n<p>Chlor\u00e9 Mortaud avait \u00e9t\u00e9 <strong>\u00e9lue Miss France en 2009<\/strong>. Lors des ann\u00e9es qui ont suivi son r\u00e8gne, elle a encha\u00een\u00e9 les apparitions \u00e0 la t\u00e9l\u00e9vision.<\/p>\n<p>Mais aujourd&rsquo;hui, l&rsquo;ancienne reine de beaut\u00e9 m\u00e8ne une vie bien diff\u00e9rente. Elle exerce d\u00e9sormais <strong>le m\u00e9tier de fleuriste<\/strong> !<\/p>\n<p>Apr\u00e8s Miss France, Chlo\u00e9 Mortaud se reconvertit<\/p>\n<p>Chlo\u00e9 Mortaud r\u00e9side \u00e0 <a href=\"https:\/\/www.public.fr\/hugo-lloris-installe-a-los-angeles-sa-publication-tres-emouvante-pour-la-france-et-les-francais\" target=\"_blank\" rel=\"noopener\">Los Angeles<\/a>, plus pr\u00e9cis\u00e9ment <strong>dans le quartier de Downtown<\/strong>. Il s&rsquo;agit ni plus ni moins que du centre-ville et du quartier d&rsquo;affaires de cette ville californienne. Mais la vie qu&rsquo;y m\u00e8ne l&rsquo;ancienne Miss France est bien diff\u00e9rente <strong>de ce que l&rsquo;on pourrait imaginer<\/strong>.<\/p>\n<p>\u00c0 34 ans, Chlo\u00e9 Mortaud a laiss\u00e9 derri\u00e8re elle les plateaux de t\u00e9l\u00e9vision pour se consacrer \u00e0 sa passion : les fleurs. Elle a m\u00eame vendu <strong>son entreprise de produits de beaut\u00e9<\/strong> afin de s&rsquo;immerger pleinement dans cette nouvelle activit\u00e9. Une reconversion qui a beaucoup de sens pour la jeune femme.<\/p>\n<p>Chlo\u00e9 Mortaud devient fleuriste<\/p>\n<p>Voir une ancienne <a href=\"https:\/\/www.public.fr\/miss-france-ce-que-marine-lorphelin-a-encore-bien-du-mal-a-digerer\" target=\"_blank\" rel=\"noopener\">Miss France<\/a> devenir fleuriste, <strong>cela a de quoi \u00e9tonner<\/strong>. Mais ce virage ne sort pas de nulle part, il a \u00e9t\u00e9 longuement r\u00e9fl\u00e9chi. En effet, Chlo\u00e9 Mortaud avait envie d&rsquo;une activit\u00e9 bien plus concr\u00e8te. Elle se pr\u00e9sente aujourd&rsquo;hui <strong>comme \u00e9tant \u00ab\u00a0flower designer\u00a0\u00bb<\/strong>, c&rsquo;est-\u00e0-dire une artiste qui compose des arrangements de fleurs pour de grands \u00e9v\u00e8nements ou des marques.<\/p>\n<p>\u00ab\u00a0Les fleurs m\u2019ont appris \u00e0 ralentir, \u00e0 appr\u00e9cier la beaut\u00e9 dans l\u2019instant\u00a0\u00bb, confie Chlo\u00e9 Mortaud. Deux fois par semaine, elle se rend <strong>au prestigieux Flower Market<\/strong> de Los Angeles pour y choisir ses fleurs. C&rsquo;est ensuite dans son atelier qu&rsquo;elle met en forme de superbes compositions. Pour Chlo\u00e9 Mortaud, ce travail est aussi <strong>l&rsquo;occasion d&rsquo;exprimer ses \u00e9motions<\/strong>.<\/p>\n<p>Un style bien \u00e0 elle<\/p>\n<p>L&rsquo;ex Miss France a d\u00fb se r\u00e9inventer, <strong>changer compl\u00e8tement de vie<\/strong>. Elle n&rsquo;a pas pu compter sur sa notori\u00e9t\u00e9 pour se faire sa place en tant que \u00ab\u00a0flower designer\u00a0\u00bb dans une ville comme Los Angeles. Si elle aimait d\u00e9j\u00e0 les fleurs, <a href=\"https:\/\/www.public.fr\/chloe-mortaud-lex-miss-france-a-accueilli-son-troisieme-enfant-un-accouchement-eprouvant\" target=\"_blank\" rel=\"noopener\">Chlo\u00e9 Mortaud<\/a> n&rsquo;\u00e9tait cependant pas certaine de r\u00e9ussir et il lui a fallu apprendre <strong>les diff\u00e9rentes techniques de composition<\/strong>, trouver son style, mais aussi faire face aux probl\u00e8mes de logistique.<\/p>\n<p>Heureusement, <strong>son exp\u00e9rience en tant que Miss France<\/strong> lui avait d\u00e9j\u00e0 appris la patience et la pers\u00e9v\u00e9rance. Son approche est particuli\u00e8re et s\u00e9duit toujours davantage de clients. Elle privil\u00e9gie les bouquets ayant une esth\u00e9tique naturelle, assez loin finalement <strong>du glamour de Hollywood<\/strong>.<\/p>\n<p>      Mentionn\u00e9s dans cet article<\/p>\n<p>\u00c0 lire aussi<\/p>\n","protected":false},"excerpt":{"rendered":"R\u00e9sum\u00e9 Ancienne Miss France 2009, Chlo\u00e9 Mortaud a chang\u00e9 de vie en devenant fleuriste \u00e0 Los Angeles, port\u00e9e&hellip;\n","protected":false},"author":2,"featured_media":39879,"comment_status":"","ping_status":"","sticky":false,"template":"","format":"standard","meta":{"footnotes":""},"categories":[1359],"tags":[12359,58,59,1011,27,3034,973],"class_list":{"0":"post-39878","1":"post","2":"type-post","3":"status-publish","4":"format-standard","5":"has-post-thumbnail","7":"category-people","8":"tag-chloe-mortaud","9":"tag-divertissement","10":"tag-entertainment","11":"tag-fr","12":"tag-france","13":"tag-miss-france","14":"tag-people"},"share_on_mastodon":{"url":"https:\/\/pubeurope.com\/@fr\/114372457470162546","error":""},"_links":{"self":[{"href":"https:\/\/www.europesays.com\/fr\/wp-json\/wp\/v2\/posts\/39878","targetHints":{"allow":["GET"]}}],"collection":[{"href":"https:\/\/www.europesays.com\/fr\/wp-json\/wp\/v2\/posts"}],"about":[{"href":"https:\/\/www.europesays.com\/fr\/wp-json\/wp\/v2\/types\/post"}],"author":[{"embeddable":true,"href":"https:\/\/www.europesays.com\/fr\/wp-json\/wp\/v2\/users\/2"}],"replies":[{"embeddable":true,"href":"https:\/\/www.europesays.com\/fr\/wp-json\/wp\/v2\/comments?post=39878"}],"version-history":[{"count":0,"href":"https:\/\/www.europesays.com\/fr\/wp-json\/wp\/v2\/posts\/39878\/revisions"}],"wp:featuredmedia":[{"embeddable":true,"href":"https:\/\/www.europesays.com\/fr\/wp-json\/wp\/v2\/media\/39879"}],"wp:attachment":[{"href":"https:\/\/www.europesays.com\/fr\/wp-json\/wp\/v2\/media?parent=39878"}],"wp:term":[{"taxonomy":"category","embeddable":true,"href":"https:\/\/www.europesays.com\/fr\/wp-json\/wp\/v2\/categories?post=39878"},{"taxonomy":"post_tag","embeddable":true,"href":"https:\/\/www.europesays.com\/fr\/wp-json\/wp\/v2\/tags?post=39878"}],"curies":[{"name":"wp","href":"https:\/\/api.w.org\/{rel}","templated":true}]}}