{"id":398789,"date":"2025-09-18T01:21:14","date_gmt":"2025-09-18T01:21:14","guid":{"rendered":"https:\/\/www.europesays.com\/fr\/398789\/"},"modified":"2025-09-18T01:21:14","modified_gmt":"2025-09-18T01:21:14","slug":"leurope-envisage-des-sanctions-inedites-contre-israel-ont-elles-vraiment-une-chance-daboutir-actu-fr","status":"publish","type":"post","link":"https:\/\/www.europesays.com\/fr\/398789\/","title":{"rendered":"L&#039;Europe envisage des sanctions in\u00e9dites contre Isra\u00ebl : ont-elles vraiment une chance d&#039;aboutir ? &#8211; Actu.fr"},"content":{"rendered":"<ol>\n<li><a href=\"https:\/\/news.google.com\/rss\/articles\/CBMizAFBVV95cUxPVEpBQzRhTmZteEY5djVOenRPNEdvU2o3aXo3SVZUQkF2SDh0TnJHdU1EM0hLZTZRWDdXRkE5MmxQbU9xMzU5ZTlfTExjdU55Y2JSZjFOa0Y3RG9aZ2NtVHdLQ1hGMVo3UXZTV3N0S1JmcDB5TW93U29fTW82a05wbXRXS3l0RDI5cDZ4ZnU1WlZCSUZMN3M3aWdnSXl6clhXazVZbVNhUjkyNDhqSi1yMXVWckpvbE5uYU1RMEhrNlBOMVh4Z3FEeUVjOXU?oc=5\" target=\"_blank\" rel=\"noopener\">L&rsquo;Europe envisage des sanctions in\u00e9dites contre Isra\u00ebl : ont-elles vraiment une chance d&rsquo;aboutir ?<\/a>&nbsp;&nbsp;Actu.fr<\/li>\n<li><a href=\"https:\/\/news.google.com\/rss\/articles\/CBMi3AFBVV95cUxQcTZlekFydFdTRmxvSUhIOFl1dFM3S0FEU3RYNFFYUjZHWWQ2R2dScGdIWUp1d21UcGsxNDAwTnM4MFg3RzRGelh5b1hNQWQ2eXB5ellrY3dpZlJvNzNSV2pVSlNRa3E1bWJIdGV2QTBxTFFjT1RTcVZfYlVxTmlFdkkwZTNmbkVKekdlWDBtZHdSTkxFdHNuMlItSldNQmtzMy1aY29fTkx4UG1mdVdvMkY0SmtXRTh0SFpUVzZ1QXZldGJMc0ZVamxpOF93NXllVW5sTUxqbF9TNkx3?oc=5\" target=\"_blank\" rel=\"noopener\">Gaza : Bruxelles propose de suspendre les avantages commerciaux d\u2019Isra\u00ebl<\/a>&nbsp;&nbsp;lemonde.fr<\/li>\n<li><a href=\"https:\/\/news.google.com\/rss\/articles\/CBMi1AFBVV95cUxNVWJiM3VhUnh5SnNnbENoS3l0bDNDc2xaZ1A1U1RTM1Nwa245NGM1dWhmTVVBZmNZMXRtMkxBVnJudU5KZmtvXzVGM2t1blc5al82SEF2cWJIanBWQzNVMkx6VWRNVTd0U29fLV9ySTBXbzBLcnUzYXhEMDZCQjFEa0pESm1Gbmxza0dKdkhfY0JnN255akdyNnEtWE41Yjk2eXVJV2NlTWNsY2wtNVJwZy1XM0dxLXhYS3VFcUN3a3l0TTJrNlluSmFLbmFHaGItMFplaA?oc=5\" target=\"_blank\" rel=\"noopener\">La Commission europ\u00e9enne d\u00e9voile son arsenal de sanctions contre Isra\u00ebl<\/a>&nbsp;&nbsp;Courrier international<\/li>\n<li><a href=\"https:\/\/news.google.com\/rss\/articles\/CBMiywFBVV95cUxNaDRScU05ZHhZRVZibFRJWHRBU0ZCVE9YenJIdlVidVFhRjdLVmQtRE55TTJVZnRIYUlQakJxM1dfSkNwSzVmNWJaM0VYbkdURHRKRzNFbnhVRHJ2bVA3SVA3a0YzcExtRE1QRGM4MmRXZ3RQX2lJaXlVZEdVNTB1WW9wcUlUekh0b011SWhDbGEycDVET19LMHptbVUxSm5yUURyVThDVjRqZTB2cVF2UlVRMkJQLVAyX2RVMHhtM0hjbEZVbE1NSTJDRQ?oc=5\" target=\"_blank\" rel=\"noopener\">Ursula von der Leyen propose de sanctionner Isra\u00ebl, mais l\u2019Allemagne acceptera-t-elle ?<\/a>&nbsp;&nbsp;Le Figaro<\/li>\n<li><a href=\"https:\/\/news.google.com\/rss\/articles\/CBMi9wFBVV95cUxPX19KVWY4OXQtdmQySkpiODFHZWwwQlNwc3ZrdHhYY2xReHY2ZE9LYXpUZGVuTDdCNkZLMTVURzNUZHBtalZ1UjREdVBtM1BrZm9jT2dtYmJ4blZMY1ZqRk5nYWZBMW50bjFvNlVuamZUeElYYmV6TlQ0RC1OYWRWdll5YXNMa3B2R3VmWWVtYzhmbVNJOE8zNXN2VlZqWWZXWDg1WV9vS0VqbVRxb3h6TWJwMmFTdG5tcllseXpVcUlta1FZZVJBTFZ2TDlCNWRsYTZrQ3J1OFg2SEJ0eFNtdFVDRllBR3kzWVF6ZnZHc0M0cF9uWnB3?oc=5\" target=\"_blank\" rel=\"noopener\">Gaza: l&rsquo;UE propose de sanctionner deux ministres isra\u00e9liens d&rsquo;extr\u00eame droite et de taxer des biens import\u00e9s<\/a>&nbsp;&nbsp;RFI<\/li>\n<\/ol>\n","protected":false},"excerpt":{"rendered":"L&rsquo;Europe envisage des sanctions in\u00e9dites contre Isra\u00ebl : ont-elles vraiment une chance d&rsquo;aboutir ?&nbsp;&nbsp;Actu.fr Gaza : Bruxelles propose&hellip;\n","protected":false},"author":2,"featured_media":398790,"comment_status":"","ping_status":"","sticky":false,"template":"","format":"standard","meta":{"footnotes":""},"categories":[1586],"tags":[11,1777,674,1011,27,665,5643,12,25,104],"class_list":{"0":"post-398789","1":"post","2":"type-post","3":"status-publish","4":"format-standard","5":"has-post-thumbnail","7":"category-europe","8":"tag-actualites","9":"tag-eu","10":"tag-europe","11":"tag-fr","12":"tag-france","13":"tag-gaza","14":"tag-guerre-israel-hamas","15":"tag-news","16":"tag-republique-francaise","17":"tag-societe"},"share_on_mastodon":{"url":"https:\/\/pubeurope.com\/@fr\/115222681090047892","error":""},"_links":{"self":[{"href":"https:\/\/www.europesays.com\/fr\/wp-json\/wp\/v2\/posts\/398789","targetHints":{"allow":["GET"]}}],"collection":[{"href":"https:\/\/www.europesays.com\/fr\/wp-json\/wp\/v2\/posts"}],"about":[{"href":"https:\/\/www.europesays.com\/fr\/wp-json\/wp\/v2\/types\/post"}],"author":[{"embeddable":true,"href":"https:\/\/www.europesays.com\/fr\/wp-json\/wp\/v2\/users\/2"}],"replies":[{"embeddable":true,"href":"https:\/\/www.europesays.com\/fr\/wp-json\/wp\/v2\/comments?post=398789"}],"version-history":[{"count":0,"href":"https:\/\/www.europesays.com\/fr\/wp-json\/wp\/v2\/posts\/398789\/revisions"}],"wp:featuredmedia":[{"embeddable":true,"href":"https:\/\/www.europesays.com\/fr\/wp-json\/wp\/v2\/media\/398790"}],"wp:attachment":[{"href":"https:\/\/www.europesays.com\/fr\/wp-json\/wp\/v2\/media?parent=398789"}],"wp:term":[{"taxonomy":"category","embeddable":true,"href":"https:\/\/www.europesays.com\/fr\/wp-json\/wp\/v2\/categories?post=398789"},{"taxonomy":"post_tag","embeddable":true,"href":"https:\/\/www.europesays.com\/fr\/wp-json\/wp\/v2\/tags?post=398789"}],"curies":[{"name":"wp","href":"https:\/\/api.w.org\/{rel}","templated":true}]}}