{"id":398793,"date":"2025-09-18T01:23:11","date_gmt":"2025-09-18T01:23:11","guid":{"rendered":"https:\/\/www.europesays.com\/fr\/398793\/"},"modified":"2025-09-18T01:23:11","modified_gmt":"2025-09-18T01:23:11","slug":"le-cadavre-retrouve-dans-le-coffre-dune-tesla-du-rappeur-d4vd-a-hollywood-est-celui-dune-adolescente-de-13-ans","status":"publish","type":"post","link":"https:\/\/www.europesays.com\/fr\/398793\/","title":{"rendered":"Le cadavre retrouv\u00e9 dans le coffre d\u2019une Tesla du rappeur D4vd \u00e0 Hollywood est celui d\u2019une adolescente de 13 ans"},"content":{"rendered":"<p>Le corps de Celeste Rivas a \u00e9t\u00e9 d\u00e9couvert la semaine pass\u00e9e \u00e0 Los Angeles dans le coffre d\u2019un v\u00e9hicule appartenant \u00e0 David Anthony Burke, le vrai nom du rappeur. Selon la m\u00e8re de l\u2019adolescente, la jeune fille avait un petit ami nomm\u00e9 David.<\/p>\n<p class=\"fig-paragraph\">Une semaine apr\u00e8s la d\u00e9couverte macabre, l\u2019enqu\u00eate progresse. Le cadavre en d\u00e9composition,\u00a0<a href=\"http:\/\/www.lefigaro.fr\/international\/un-cadavre-en-decomposition-retrouve-dans-la-tesla-du-rappeur-d4vd-a-hollywood-20250909\" target=\"_blank\" data-fig-type=\"NewsFlash\" rel=\"noopener\" data-gtm-custom-categorie=\"navigation\" data-gtm-custom-action=\"crossclick\" data-gtm-custom-label=\"Contextuel\" data-gtm-event=\"customEventSPE\" data-fig-domain=\"LEFIGARO\">retrouv\u00e9 la semaine derni\u00e8re \u00e0 Los Angeles<\/a>\u00a0dans le coffre\u00a0<a href=\"http:\/\/www.lefigaro.fr\/societes\/etats-unis-enquete-ouverte-sur-des-problemes-de-verrouillage-inopine-des-portieres-de-modeles-y-de-tesla-20250916\" target=\"_blank\" data-fig-type=\"NewsFlash\" rel=\"noopener\" data-gtm-custom-categorie=\"navigation\" data-gtm-custom-action=\"crossclick\" data-gtm-custom-label=\"Contextuel\" data-gtm-event=\"customEventSPE\" data-fig-domain=\"LEFIGARO\">d&rsquo;une Tesla<\/a>\u00a0immatricul\u00e9e au nom de la star montante du rap am\u00e9ricain D4vd a \u00e9t\u00e9 identifi\u00e9 mercredi par les autorit\u00e9s comme celui d&rsquo;une adolescente disparue. Selon les services du m\u00e9decin l\u00e9giste du comt\u00e9 de Los Angeles, le corps est celui d\u2019une adolescente, Celeste Rivas. \u00abLa d\u00e9funte a \u00e9t\u00e9 retrouv\u00e9e dans un \u00e9tat de d\u00e9composition avanc\u00e9 \u00e0 l&rsquo;int\u00e9rieur d&rsquo;un v\u00e9hicule\u00bb, d\u00e9taille leur communiqu\u00e9. \u00abElle semble \u00eatre rest\u00e9e morte \u00e0 l&rsquo;int\u00e9rieur du v\u00e9hicule pendant une longue p\u00e9riode (&#8230;)\u00bb. La cause de d\u00e9c\u00e8s n\u2019a pas encore \u00e9t\u00e9 annonc\u00e9e.<\/p>\n<p class=\"fig-paragraph\">La police avait d\u00e9couvert le corps la semaine derni\u00e8re, apr\u00e8s avoir \u00e9t\u00e9 appel\u00e9e dans une fourri\u00e8re de\u00a0<a href=\"http:\/\/www.lefigaro.fr\/medias\/pourquoi-le-rachat-de-warner-par-paramount-serait-un-game-changer-pour-hollywood-20250912\" target=\"_blank\" data-fig-type=\"NewsFlash\" rel=\"noopener\" data-gtm-custom-categorie=\"navigation\" data-gtm-custom-action=\"crossclick\" data-gtm-custom-label=\"Contextuel\" data-gtm-event=\"customEventSPE\" data-fig-domain=\"LEFIGARO\">Hollywood<\/a>\u00a0par des employ\u00e9s et des voisins qui se plaignaient d&rsquo;une odeur naus\u00e9abonde \u00e9manant d&rsquo;une voiture. \u00c0 leur arriv\u00e9e, les agents ont trouv\u00e9 dans le coffre un corps en \u00e9tat de d\u00e9composition avanc\u00e9e, d\u00e9coup\u00e9 en morceaux et envelopp\u00e9 dans une b\u00e2che en plastique, selon plusieurs m\u00e9dias am\u00e9ricains. L\u2019adolescente aux cheveux noirs ondul\u00e9s, qui mesurait 1,57 m et pesait 32 kg, a \u00e9t\u00e9 retrouv\u00e9e v\u00eatue d\u2019un crop top, d\u2019un legging noir, d\u2019un bracelet jaune et de boucles d\u2019oreilles \u00e0 clous m\u00e9talliques, selon ABC News.<\/p>\n<p>                                    <a class=\"fig-a11y-skip a11y-hidden\" href=\"#fig-a11y-skip-main-inarticle\"><br \/>\n        Passer la publicit\u00e9<br \/>\n    <\/a><\/p>\n<p class=\"fig-paragraph\">D&rsquo;apr\u00e8s les enqu\u00eateurs, la voiture est rest\u00e9e gar\u00e9e pendant pr\u00e8s d&rsquo;un mois dans ce coin hupp\u00e9 de la ville, non loin d&rsquo;un restaurant Tesla r\u00e9cemment ouvert par\u00a0<a href=\"http:\/\/www.lefigaro.fr\/societes\/elon-musk-achete-pour-un-milliard-de-dollars-d-actions-tesla-l-action-s-envole-20250915\" target=\"_blank\" data-fig-type=\"NewsFlash\" rel=\"noopener\" data-gtm-custom-categorie=\"navigation\" data-gtm-custom-action=\"crossclick\" data-gtm-custom-label=\"Contextuel\" data-gtm-event=\"customEventSPE\" data-fig-domain=\"LEFIGARO\">Elon Musk<\/a>, avant d&rsquo;\u00eatre mise \u00e0 la fourri\u00e8re. Selon le site people TMZ, le v\u00e9hicule, immatricul\u00e9 au nom de David Anthony Burke, le vrai nom du rappeur, n&rsquo;a jamais \u00e9t\u00e9 d\u00e9clar\u00e9 vol\u00e9.<\/p>\n<p>Tatouage similaire \u00e0 celui du rappeur<\/p>\n<p class=\"fig-paragraph\">Mercredi, le site a affirm\u00e9 que ses journalistes avaient parl\u00e9 \u00e0 la m\u00e8re de Celeste Rivas, qui a d\u00e9clar\u00e9 que sa fille avait un petit ami nomm\u00e9 David. TMZ a \u00e9galement publi\u00e9 un avis de recherche du sh\u00e9rif du comt\u00e9 de Riverside, qui recherchait depuis avril Celeste, \u00e2g\u00e9e de 13 ans lorsqu&rsquo;elle a disparu \u00e0 Lake Elsinore, au sud-est de Los Angeles. L\u2019adolescente, qui aurait eu 15 ans \u00e0 ce jour, avait \u00e9galement un tatouage sur l\u2019index droit o\u00f9 l\u2019on pouvait lire \u00abShhh\u2026\u00bb \u2014 similaire \u00e0 celui de D4vd, selon TMZ. D\u2019autres c\u00e9l\u00e9brit\u00e9s du monde show-business arborent le m\u00eame tatouage, notamment Rihanna et Lindsay Lohan.<\/p>\n<p class=\"fig-paragraph\">Un agent repr\u00e9sentant D4vd a d\u00e9clar\u00e9 que l&rsquo;artiste avait \u00e9t\u00e9 inform\u00e9 de la d\u00e9couverte et qu&rsquo;il coop\u00e9rait pleinement avec les enqu\u00eateurs. Depuis cette macabre d\u00e9couverte, le rappeur de 20 ans a poursuivi sa tourn\u00e9e mondiale et doit se produire \u00e0 Los Angeles ce week-end. Le jeune homme est devenu c\u00e9l\u00e8bre en 2022 lorsque son titre Romantic Homicide a connu un succ\u00e8s fulgurant sur TikTok.<\/p>\n","protected":false},"excerpt":{"rendered":"Le corps de Celeste Rivas a \u00e9t\u00e9 d\u00e9couvert la semaine pass\u00e9e \u00e0 Los Angeles dans le coffre d\u2019un&hellip;\n","protected":false},"author":2,"featured_media":398794,"comment_status":"","ping_status":"","sticky":false,"template":"","format":"standard","meta":{"footnotes":""},"categories":[2],"tags":[259,11,260,1011,27,14,261,12,262,25],"class_list":{"0":"post-398793","1":"post","2":"type-post","3":"status-publish","4":"format-standard","5":"has-post-thumbnail","7":"category-actualites","8":"tag-actualite-internationale","9":"tag-actualites","10":"tag-affaires-etrangeres","11":"tag-fr","12":"tag-france","13":"tag-international","14":"tag-ministere-des-affaires-etrangeres","15":"tag-news","16":"tag-politique-etrangere","17":"tag-republique-francaise"},"share_on_mastodon":{"url":"https:\/\/pubeurope.com\/@fr\/115222688806888677","error":""},"_links":{"self":[{"href":"https:\/\/www.europesays.com\/fr\/wp-json\/wp\/v2\/posts\/398793","targetHints":{"allow":["GET"]}}],"collection":[{"href":"https:\/\/www.europesays.com\/fr\/wp-json\/wp\/v2\/posts"}],"about":[{"href":"https:\/\/www.europesays.com\/fr\/wp-json\/wp\/v2\/types\/post"}],"author":[{"embeddable":true,"href":"https:\/\/www.europesays.com\/fr\/wp-json\/wp\/v2\/users\/2"}],"replies":[{"embeddable":true,"href":"https:\/\/www.europesays.com\/fr\/wp-json\/wp\/v2\/comments?post=398793"}],"version-history":[{"count":0,"href":"https:\/\/www.europesays.com\/fr\/wp-json\/wp\/v2\/posts\/398793\/revisions"}],"wp:featuredmedia":[{"embeddable":true,"href":"https:\/\/www.europesays.com\/fr\/wp-json\/wp\/v2\/media\/398794"}],"wp:attachment":[{"href":"https:\/\/www.europesays.com\/fr\/wp-json\/wp\/v2\/media?parent=398793"}],"wp:term":[{"taxonomy":"category","embeddable":true,"href":"https:\/\/www.europesays.com\/fr\/wp-json\/wp\/v2\/categories?post=398793"},{"taxonomy":"post_tag","embeddable":true,"href":"https:\/\/www.europesays.com\/fr\/wp-json\/wp\/v2\/tags?post=398793"}],"curies":[{"name":"wp","href":"https:\/\/api.w.org\/{rel}","templated":true}]}}