{"id":398798,"date":"2025-09-18T01:29:11","date_gmt":"2025-09-18T01:29:11","guid":{"rendered":"https:\/\/www.europesays.com\/fr\/398798\/"},"modified":"2025-09-18T01:29:11","modified_gmt":"2025-09-18T01:29:11","slug":"atp-coupe-davis-binaghi-patron-du-tennis-italien-sur-sinner-je-pense-que-lespagne-a-le-meme-probleme-avec-alcaraz","status":"publish","type":"post","link":"https:\/\/www.europesays.com\/fr\/398798\/","title":{"rendered":"ATP, Coupe Davis > Binaghi, patron du tennis italien, sur Sinner : \u00ab\u00a0Je pense que l&rsquo;Espagne a le m\u00eame probl\u00e8me avec Alcaraz\u00a0\u00bb"},"content":{"rendered":"<p>Alors que le tirage au sort de la phase finale de la Coupe Davis a d\u00e9j\u00e0 eu lieu, l\u2019Italie ne sait pas si elle pourra compter sur Jannik Sinner pour tenter de remporter un troi\u00adsi\u00e8me titre cons\u00e9cutif.\u00a0<\/p>\n<p><strong>\u00ab\u202fJe pense que l\u2019Espagne a le m\u00eame probl\u00e8me avec Alcaraz. Il est trop t\u00f4t pour savoir s\u2019il pourra disputer la Coupe Davis, comme Jannik l\u2019a fait ces deux derni\u00e8res ann\u00e9es. Il a \u00e9t\u00e9 le v\u00e9ri\u00adtable moteur des deux derni\u00e8res victoires de notre \u00e9quipe, et je pense qu\u2019il a d\u00e9j\u00e0 tout d\u00e9montr\u00e9, y compris son atta\u00adche\u00adment au maillot bleu et aux valeurs qu\u2019il repr\u00e9\u00adsente plus que quiconque. Nous sommes en contact \u00e9troit avec les \u00e9quipes et les aidons \u00e0 prendre les meilleures d\u00e9ci\u00adsions pour leurs joueurs et pour notre pays. La pr\u00e9sence de Sinner, Alcaraz, Musetti et des autres joueurs ne d\u00e9pendra pas de leurs souhaits person\u00adnels, mais aussi de l\u2019\u00e9vo\u00adlu\u00adtion des semaines pr\u00e9c\u00e9\u00addentes\u202f\u00bb<\/strong>, a expliqu\u00e9 le pr\u00e9sident de la f\u00e9d\u00e9\u00adra\u00adtion italienne de tennis, Angelo Binaghi, dans des propos relay\u00e9s par <a href=\"https:\/\/www.eurosport.it\/tennis\/davis-cup\/2025\/jannik-sinner-ci-sara-a-bologna-binaghi-presidente-fitp-presto-per-dirlo-lui-ha-gia-dimostrato-tutto_sto23222622\/story.shtml\" data-wpel-link=\"external\" target=\"_blank\" rel=\"nofollow external noopener\">Eurosport<\/a>.<\/p>\n<p class=\"post-published-date\" style=\"color: silver; font-size: 75%; text-align: left;\">Publi\u00e9 le mercredi 17 septembre 2025 \u00e0 15:19<\/p>\n","protected":false},"excerpt":{"rendered":"Alors que le tirage au sort de la phase finale de la Coupe Davis a d\u00e9j\u00e0 eu lieu,&hellip;\n","protected":false},"author":2,"featured_media":398799,"comment_status":"","ping_status":"","sticky":false,"template":"","format":"standard","meta":{"footnotes":""},"categories":[1415],"tags":[1744,1011,27,2127,60,1467],"class_list":{"0":"post-398798","1":"post","2":"type-post","3":"status-publish","4":"format-standard","5":"has-post-thumbnail","7":"category-tennis","8":"tag-alcaraz","9":"tag-fr","10":"tag-france","11":"tag-sinner","12":"tag-sports","13":"tag-tennis"},"share_on_mastodon":{"url":"https:\/\/pubeurope.com\/@fr\/115222712320361290","error":""},"_links":{"self":[{"href":"https:\/\/www.europesays.com\/fr\/wp-json\/wp\/v2\/posts\/398798","targetHints":{"allow":["GET"]}}],"collection":[{"href":"https:\/\/www.europesays.com\/fr\/wp-json\/wp\/v2\/posts"}],"about":[{"href":"https:\/\/www.europesays.com\/fr\/wp-json\/wp\/v2\/types\/post"}],"author":[{"embeddable":true,"href":"https:\/\/www.europesays.com\/fr\/wp-json\/wp\/v2\/users\/2"}],"replies":[{"embeddable":true,"href":"https:\/\/www.europesays.com\/fr\/wp-json\/wp\/v2\/comments?post=398798"}],"version-history":[{"count":0,"href":"https:\/\/www.europesays.com\/fr\/wp-json\/wp\/v2\/posts\/398798\/revisions"}],"wp:featuredmedia":[{"embeddable":true,"href":"https:\/\/www.europesays.com\/fr\/wp-json\/wp\/v2\/media\/398799"}],"wp:attachment":[{"href":"https:\/\/www.europesays.com\/fr\/wp-json\/wp\/v2\/media?parent=398798"}],"wp:term":[{"taxonomy":"category","embeddable":true,"href":"https:\/\/www.europesays.com\/fr\/wp-json\/wp\/v2\/categories?post=398798"},{"taxonomy":"post_tag","embeddable":true,"href":"https:\/\/www.europesays.com\/fr\/wp-json\/wp\/v2\/tags?post=398798"}],"curies":[{"name":"wp","href":"https:\/\/api.w.org\/{rel}","templated":true}]}}