{"id":398808,"date":"2025-09-18T01:35:10","date_gmt":"2025-09-18T01:35:10","guid":{"rendered":"https:\/\/www.europesays.com\/fr\/398808\/"},"modified":"2025-09-18T01:35:10","modified_gmt":"2025-09-18T01:35:10","slug":"arnaud-veritable-compagnon-de-filip-nikolic-un-proche-de-m-pokora-lache-une-bombe-sur-le-plateau-de-tbt9","status":"publish","type":"post","link":"https:\/\/www.europesays.com\/fr\/398808\/","title":{"rendered":"Arnaud, v\u00e9ritable compagnon de Filip Nikolic ? Un proche de M. Pokora l\u00e2che une bombe sur le plateau de TBT9"},"content":{"rendered":"<p>Il assure ne l\u2019avoir jamais vu aux c\u00f4t\u00e9s de <a href=\"https:\/\/www.public.fr\/tag\/filip-nikolic\" target=\"_blank\" rel=\"noopener\">Filip Nikolic<\/a>, hormis durant les 3 derniers mois de la vie de l\u2019ancien chanteur des 2Be3. \u00ab\u00a0Il\u00a0\u00bb, n\u2019est autre qu\u2019un artiste que les t\u00e9l\u00e9spectateurs de M6 et fans de Popstars connaissent bien : Lionel Tim.<\/p>\n<p>Celui qui travaille aujourd\u2019hui en tant que chauffeur de salle pour la quotidienne de <a href=\"https:\/\/www.public.fr\/tag\/cyril-hanouna\" target=\"_blank\" rel=\"noopener\">Cyril Hanouna,<\/a> <strong>TBT9<\/strong>, avait pris part au programme en 2003 et l\u2019avait remport\u00e9 aux c\u00f4t\u00e9s de M. Pokora et Otis. Ensemble, ils ont form\u00e9 le groupe des Link Up. Malheureusement, le collectif n\u2019a pas perdur\u00e9 et si Lionel Tim a tent\u00e9 de poursuivre sa carri\u00e8re d\u2019artiste, il a finalement d\u00e9cid\u00e9 de la stopper quelques ann\u00e9es plus tard.<\/p>\n<p>N\u00e9anmoins, malgr\u00e9 la s\u00e9paration avec M. Pokora et Otis, le collaborateur de Cyril Hanouna a continu\u00e9 de c\u00f4toyer de nombreux artistes au fil des ann\u00e9es. Il a par exemple \u00e9t\u00e9 tr\u00e8s proche de Filip Nikolic.<\/p>\n<p>Tr\u00e8s ami avec <a href=\"https:\/\/vsd.fr\/tag\/filip-nikolic\/\" target=\"_blank\" rel=\"noopener\">l\u2019ancien membre des 2Be3<\/a>, il \u00e9tait inconsolable, comme nombre des proches du p\u00e8re de Sasha Nikolic, lors de la disparition du principal int\u00e9ress\u00e9 en 2009. En le c\u00f4toyant pendant plusieurs ann\u00e9es, Lionel Tim <strong>s\u2019estime l\u00e9gitime pour parler de la vie priv\u00e9e de l\u2019artiste<\/strong>. C\u2019est pourquoi, il a d\u00e9cid\u00e9 de r\u00e9agir, ce mercredi 17 septembre 2025, aux <a href=\"https:\/\/www.public.fr\/exclu-public-lex-compagnon-de-filip-nikolic-sort-du-silence-et-dezingue-a-tout-va-apres-la-diffusion-du-telefilm\" target=\"_blank\" rel=\"noopener\">r\u00e9centes d\u00e9clarations d\u2019Arnaud Court\u00e9.<\/a><\/p>\n<p>Arnaud, \u00ab\u00a0dernier compagnon\u00a0\u00bb de l&rsquo;ancien chanteur des 2Be3<\/p>\n<p>Ce dernier se pr\u00e9sente alors comme \u00ab\u00a0le dernier compagnon\u00a0\u00bb de Filip Nikolic. Il assure, notamment, avoir v\u00e9cu \u00e0 ses c\u00f4t\u00e9s\u00a0pendant huit ans : \u00ab\u00a0C\u2019\u00e9tait vraiment\u00a0quelqu\u2019un d\u2019unique, un \u00eatre passionn\u00e9, g\u00e9n\u00e9reux et profond\u00e9ment humain.\u00a0Il avait un app\u00e9tit de dingue, un app\u00e9tit dans tous les sens du terme [&#8230;]\u00a0Tout ce qu\u2019il faisait, c\u2019\u00e9tait dans l\u2019exc\u00e8s. Mais j\u2019\u00e9tais le seul dans sa vie..\u00a0\u00bb.<\/p>\n<p>Des d\u00e9clarations aupr\u00e8s de Paris Match, lundi dernier, qui ont fait bondir la famille du d\u00e9funt. Val\u00e9rie Bourdin, ancienne compagne de Filip Nikolic. Dans la soir\u00e9e du 16\u00a0septembre, leur avocat Me Marc-Olivier Deblanc a publi\u00e9 un communiqu\u00e9 dans lequel les proches du d\u00e9funt \u00ab\u00a0d\u00e9noncent des propos mensongers et une atteinte grave \u00e0 sa vie priv\u00e9e\u00a0\u00bb.\u00a0<\/p>\n<p><a href=\"https:\/\/www.public.fr\/filip-nikolic-son-compagnon-prend-la-parole-la-famille-de-lartiste-porte-plainte\" target=\"_blank\" rel=\"noopener\">Une plainte a donc \u00e9t\u00e9 d\u00e9pos\u00e9e<\/a> pour \u00ab\u00a0d\u00e9clarations mensong\u00e8res\u00a0\u00bb\u00a0et\u00a0<strong>\u00ab\u00a0atteinte \u00e0 la vie priv\u00e9e\u00a0\u00bb<\/strong>. Me Marc-Olivier Deblanc pointe du doigt des \u00ab\u00a0<strong>propos ind\u00e9cents, mensongers et profond\u00e9ment blessants<\/strong>\u00ab\u00a0. Des \u00ab\u00a0all\u00e9gations\u00a0\u00bb qui, il l&rsquo;assure, ont d\u00e9vast\u00e9 la veuve de l\u2019artiste,\u00a0sa fille, sa belle-fille et sa m\u00e8re.<\/p>\n<p>Lionel Tim n&rsquo;a rencontr\u00e9 Arnaud qu&rsquo;au cours des trois derniers mois de vie de Filip Nikolic<\/p>\n<p>Ce mercredi 17 septembre 2025, Lionel Tim a, en partie, donn\u00e9 raison \u00e0 la famille de Filip Nikolic. Invit\u00e9 \u00e0 r\u00e9agir par Cyril Hanouna, l\u2019ancien acolyte de M. Pokora assure <strong>n\u2019avoir jamais rencontr\u00e9<\/strong> <a href=\"https:\/\/www.public.fr\/filip-nikolic-son-ex-compagnon-arnaud-raconte-en-details-sa-derniere-nuit\" target=\"_blank\" rel=\"noopener\">Arnaud<\/a>, hormis durant les trois derniers mois de vie de Filip.<\/p>\n<p>\u00ab\u00a0Ce qui me chagrine moi dans cette histoire, <strong>c&rsquo;est que cette personne, je ne l&rsquo;ai pas vue <\/strong>de tout le temps o\u00f9 j&rsquo;\u00e9tais avec Filip alors que j&rsquo;\u00e9tais tr\u00e8s proche. Tr\u00e8s proche, c&rsquo;est-\u00e0-dire que j&rsquo;\u00e9tais avec lui, j&rsquo;allais sur les tournages de Brigades Navarro, je devais enregistrer son nouvel album, donc je lui ai pr\u00eat\u00e9 ma voix pour faire les bo\u00eetes et moi je n&rsquo;ai jamais entendu parler de cet Arnaud\u00a0\u00bb, affirme-t-il dans un premier temps.<\/p>\n<p>Avant d\u2019expliquer : \u00ab\u00a0Je sais qu&rsquo;\u00e0 la fin o\u00f9 Filip essayait de remonter un petit peu sur sc\u00e8ne, je l&rsquo;avais un petit peu, pas abandonn\u00e9, mais j&rsquo;avais repris le cours de ma vie et c&rsquo;est vrai que quand il m&rsquo;a appel\u00e9, j&rsquo;\u00e9tais moins disponible\u00a0\u00bb.\u00a0<\/p>\n<p>Il reconna\u00eet toutefois qu\u2019Arnaud serait \u00ab\u00a0arriv\u00e9 dans sa vie <strong>les trois derniers mois avant sa mort<\/strong>\u00ab\u00a0. \u00ab\u00a0\u00c7a, c&rsquo;est certain. Mais je l&rsquo;ai jamais vu avant, en fait\u00a0\u00bb, a-t-il tenu \u00e0 assurer une nouvelle fois. \u00ab\u00a0Apr\u00e8s, moi, peut-\u00eatre, je n&rsquo;ai pas forc\u00e9ment les infos exactes, mais de tout le temps o\u00f9 j&rsquo;\u00e9tais avec lui, pourtant, j&rsquo;\u00e9tais 24\/24h avec lui, je l&rsquo;ai jamais vu, j&rsquo;ai jamais vu cette personne-l\u00e0\u00a0\u00bb, a-t-il toutefois nuanc\u00e9.<\/p>\n<blockquote class=\"twitter-tweet\">\n<p>Arnaud, qui affirme \u00eatre le \u00ab\u00a0v\u00e9ritable\u00a0\u00bb compagnon de Filip Nikolic (2Be3), est au c\u0153ur de l&rsquo;actualit\u00e9 !<\/p>\n<p>Notre chauffeur de salle Lionel Tim, ami proche de Filip Nikolic, assure n&rsquo;avoir \u00ab\u00a0jamais vu cette personne\u00a0\u00bb <a href=\"https:\/\/twitter.com\/hashtag\/TBT9?src=hash&amp;ref_src=twsrc%5Etfw\" target=\"_blank\" rel=\"noopener\">#TBT9<\/a> <a href=\"https:\/\/t.co\/IBRym0Wk83\">pic.twitter.com\/IBRym0Wk83<\/a><\/p>\n<p>\u2014 TBT9 (@TBT9_W9) <a href=\"https:\/\/twitter.com\/TBT9_W9\/status\/1968375035229520317?ref_src=twsrc%5Etfw\" target=\"_blank\" rel=\"noopener\">September 17, 2025<\/a><\/p><\/blockquote>\n<p>      Mentionn\u00e9s dans cet article<\/p>\n<p>      Sur le m\u00eame sujet<\/p>\n<p>  <script async src=\"https:\/\/platform.twitter.com\/widgets.js\" charset=\"utf-8\"><\/script><\/p>\n","protected":false},"excerpt":{"rendered":"Il assure ne l\u2019avoir jamais vu aux c\u00f4t\u00e9s de Filip Nikolic, hormis durant les 3 derniers mois de&hellip;\n","protected":false},"author":2,"featured_media":398809,"comment_status":"","ping_status":"","sticky":false,"template":"","format":"standard","meta":{"footnotes":""},"categories":[1359],"tags":[3038,1083,58,59,37599,1011,27,973,22498,22497],"class_list":{"0":"post-398808","1":"post","2":"type-post","3":"status-publish","4":"format-standard","5":"has-post-thumbnail","7":"category-people","8":"tag-2be3","9":"tag-cyril-hanouna","10":"tag-divertissement","11":"tag-entertainment","12":"tag-filip-nikolic","13":"tag-fr","14":"tag-france","15":"tag-people","16":"tag-tout-9-tbt9","17":"tag-tout-beau"},"share_on_mastodon":{"url":"https:\/\/pubeurope.com\/@fr\/115222735970212977","error":""},"_links":{"self":[{"href":"https:\/\/www.europesays.com\/fr\/wp-json\/wp\/v2\/posts\/398808","targetHints":{"allow":["GET"]}}],"collection":[{"href":"https:\/\/www.europesays.com\/fr\/wp-json\/wp\/v2\/posts"}],"about":[{"href":"https:\/\/www.europesays.com\/fr\/wp-json\/wp\/v2\/types\/post"}],"author":[{"embeddable":true,"href":"https:\/\/www.europesays.com\/fr\/wp-json\/wp\/v2\/users\/2"}],"replies":[{"embeddable":true,"href":"https:\/\/www.europesays.com\/fr\/wp-json\/wp\/v2\/comments?post=398808"}],"version-history":[{"count":0,"href":"https:\/\/www.europesays.com\/fr\/wp-json\/wp\/v2\/posts\/398808\/revisions"}],"wp:featuredmedia":[{"embeddable":true,"href":"https:\/\/www.europesays.com\/fr\/wp-json\/wp\/v2\/media\/398809"}],"wp:attachment":[{"href":"https:\/\/www.europesays.com\/fr\/wp-json\/wp\/v2\/media?parent=398808"}],"wp:term":[{"taxonomy":"category","embeddable":true,"href":"https:\/\/www.europesays.com\/fr\/wp-json\/wp\/v2\/categories?post=398808"},{"taxonomy":"post_tag","embeddable":true,"href":"https:\/\/www.europesays.com\/fr\/wp-json\/wp\/v2\/tags?post=398808"}],"curies":[{"name":"wp","href":"https:\/\/api.w.org\/{rel}","templated":true}]}}